{"id":664230,"date":"2026-01-15T01:22:13","date_gmt":"2026-01-15T01:22:13","guid":{"rendered":"https:\/\/www.europesays.com\/fr\/664230\/"},"modified":"2026-01-15T01:22:13","modified_gmt":"2026-01-15T01:22:13","slug":"allemagne-un-homme-interne-en-psychiatrie-apres-un-incendie-devant-une-synagogue","status":"publish","type":"post","link":"https:\/\/www.europesays.com\/fr\/664230\/","title":{"rendered":"Allemagne : un homme intern\u00e9 en psychiatrie apr\u00e8s un incendie devant une synagogue"},"content":{"rendered":"<p>Un ressortissant allemand de 32 ans soup\u00e7onn\u00e9 d\u2019avoir provoqu\u00e9 un incendie mardi soir devant la synagogue Beith-Jaakov, dans la ville de Giessen, pr\u00e8s de Francfort en Allemagne, tout en faisant un salut nazi en direction du lieu de culte, a \u00e9t\u00e9 intern\u00e9 en psychiatrie, a annonc\u00e9 mercredi la justice, dans un contexte de recrudescence des actes antis\u00e9mites dans ce pays.<\/p>\n<p>Le parquet de Giessen a expliqu\u00e9 dans un communiqu\u00e9 que le suspect avait pouss\u00e9 plusieurs conteneurs remplis de cartons et de vieux papiers qui se trouvaient dans la rue et dans le hall d\u2019entr\u00e9e de la synagogue, avant d\u2019y mettre le feu.<\/p>\n<p>\u00ab\u00a0Gr\u00e2ce \u00e0 l\u2019intervention rapide d\u2019un passant, l\u2019incendie a pu \u00eatre rapidement ma\u00eetris\u00e9, emp\u00eachant ainsi les flammes de se propager \u00e0 l\u2019immeuble d\u2019habitation et \u00e0 la synagogue\u00a0\u00bb, a-t-il ajout\u00e9.<\/p>\n<p>\n\t\t\t\t\t\t\t\t\t\t\t\t\t\t\t\tPour ne rien manquer de l&rsquo;actu,<br \/>\n\t\t\t\t\t\t\t\t\t\t\t\t\t\t\t\trecevez la Une du Jour sur votre mail\n\t\t\t\t\t\t\t\t\t\t\t\t\t\t\t<\/p>\n<p>\t\t\t\t\t\t\t\t\t\t\t\t\t\t\t\t\tEn vous inscrivant, vous acceptez les <a href=\"https:\/\/fr.timesofisrael.com\/terms\" target=\"_blank\" rel=\"noopener\">conditions<\/a> d&rsquo;utilisation<\/p>\n<p>L\u2019incendie a caus\u00e9 des d\u00e9g\u00e2ts mat\u00e9riels, \u00e0 l\u2019entr\u00e9e de la synagogue et sur l\u2019autre b\u00e2timent.<\/p>\n<p>\u00ab\u00a0La question de savoir si le crime avait un mobile politique fait l\u2019objet d\u2019une enqu\u00eate plus approfondie\u00a0\u00bb, a soulign\u00e9 le parquet, pr\u00e9cisant qu\u2019un juge d\u2019instruction a ordonn\u00e9 le placement provisoire de l\u2019homme dans un h\u00f4pital psychiatrique.<\/p>\n<p>Celui-ci est soup\u00e7onn\u00e9 d\u2019 \u00ab\u00a0incendie criminel aggrav\u00e9 et d\u2019utilisation de symboles anticonstitutionnels\u00a0\u00bb, d\u2019apr\u00e8s le parquet.<\/p>\n<p>\t<a href=\"https:\/\/www.europesays.com\/fr\/wp-content\/uploads\/2026\/01\/WhatsApp-Image-2024-06-03-at-11.42.37_fd07c8da-640x400-1.jpg\"><img loading=\"lazy\" decoding=\"async\" class=\"size-full wp-image-1561325\" src=\"https:\/\/www.europesays.com\/fr\/wp-content\/uploads\/2026\/01\/WhatsApp-Image-2024-06-03-at-11.42.37_fd07c8da-640x400-1.jpg\" alt=\"\" width=\"640\" height=\"400\"\/><\/a><br \/>\n\t\tLe rabbin Menachem Margolin prenant la parole lors d\u2019une conf\u00e9rence, non loin d\u2019Amsterdam, le 3 juin 2024. (Cr\u00e9dit : Yoav Dudkevitch)<\/p>\n<p>Cet incident s\u2019inscrit dans le cadre d\u2019une tendance croissante \u2013 comme l\u2019a illustr\u00e9 l\u2019incendie criminel qui a pris pour cible samedi un lieu de culte juif dans le <a href=\"https:\/\/fr.timesofisrael.com\/le-suspect-du-mississippi-a-ri-en-avouant-avoir-incendie-la-synagogue-de-satan-fbi\/\" target=\"_blank\" rel=\"noopener\">Mississippi<\/a>, aux \u00c9tats-Unis, selon le rabbin Menachem Margolin, le pr\u00e9sident de l\u2019European Jewish Association.<\/p>\n<p>\u00ab\u00a0Il ne fait aucun doute qu\u2019il s\u2019agit bien d\u2019une attaque antis\u00e9mite qui suit le m\u00eame sch\u00e9ma que les attaques lanc\u00e9es contre des synagogues que nous avons connues ces deux derni\u00e8res ann\u00e9es\u00a0\u00bb, a \u00e9crit Margolin sur les r\u00e9seaux sociaux.<\/p>\n<p>\u00ab\u00a0Au cours des deux derni\u00e8res ann\u00e9es, 21 synagogues ont \u00e9t\u00e9 incendi\u00e9es et un nombre alarmant de synagogues ont \u00e9t\u00e9 vis\u00e9es\u00a0\u00bb.<\/p>\n<p>Margolin a appel\u00e9 les hauts-responsables \u00e0 renforcer les mesures de s\u00e9curit\u00e9 afin de garantir la s\u00e9curit\u00e9 des institutions juives.<\/p>\n<blockquote class=\"twitter-tweet\" data-width=\"550\" data-dnt=\"true\">\n<p lang=\"en\" dir=\"ltr\">BREAKING: A man set fire overnight to a synagogue in Giessen, Germany ????????, then gave a Nazi salute.<\/p>\n<p>Security footage shows him arriving at the synagogue, pouring a flammable liquid at the entrance, and setting it ablaze. After igniting the fire, he raised his arm in a Nazi\u2026 <a href=\"https:\/\/t.co\/cfIENxgVSm\">pic.twitter.com\/cfIENxgVSm<\/a><\/p>\n<p>\u2014 Hen Mazzig (@HenMazzig) <a href=\"https:\/\/twitter.com\/HenMazzig\/status\/2011386876062519350?ref_src=twsrc%5Etfw\" target=\"_blank\" rel=\"noopener\">January 14, 2026<\/a><\/p>\n<\/blockquote>\n<p>La semaine derni\u00e8re, le <a href=\"https:\/\/fr.timesofisrael.com\/allemagne-incendie-et-tag-dun-symbole-du-hamas-au-domicile-du-responsable-de-la-lutte-contre-lantisemitisme\/\" target=\"_blank\" rel=\"noopener\">domicile<\/a> d\u2019un responsable allemand charg\u00e9 de la lutte contre l\u2019antis\u00e9mitisme a \u00e9t\u00e9 incendi\u00e9e et un symbole du Hamas a \u00e9t\u00e9 peint \u00e0 proximit\u00e9.\n<\/p>\n<p>L\u2019antis\u00e9mitisme a connu une forte recrudescence en Allemagne suite au pogrom qui avait \u00e9t\u00e9 commis par le Hamas dans le sud d\u2019Isra\u00ebl, le 7 octobre 2023, qui avait d\u00e9clench\u00e9 la guerre \u00e0 Gaza \u2013 un essor qui s\u2019est poursuivi au cours des deux derni\u00e8res ann\u00e9es.\n<\/p>\n<p>Au mois de septembre, le chancelier allemand Friedrich Merz a averti que les critiques \u00e0 l\u2019\u00e9gard d\u2019Isra\u00ebl \u00e9taient de plus en plus utilis\u00e9es en Allemagne comme pr\u00e9texte pour attiser la haine antijuive \u2013 soulignant que l\u2019antis\u00e9mitisme est \u00ab\u00a0devenu plus bruyant, plus ouvert, plus effront\u00e9, plus violent presque chaque jour\u00a0\u00bb depuis le d\u00e9but de la guerre \u00e0 Gaza.<\/p>\n<p>Un nombre record de 6 236 crimes et d\u00e9lits \u00e0 caract\u00e8re antis\u00e9mite a \u00e9t\u00e9 recens\u00e9 sur le territoire allemand en 2024, presque trois fois plus qu\u2019en 2022. Pr\u00e8s de la moiti\u00e9 (48 %) ont \u00e9t\u00e9 attribu\u00e9s \u00e0 l\u2019extr\u00eame droite.<\/p>\n<p>Au lendemain du 7-Octobre, certaines habitations juives \u00e0 Berlin ont \u00e9t\u00e9 marqu\u00e9es de l\u2019\u00e9toile de David et des assaillants ont lanc\u00e9 deux cocktails Molotov sur une synagogue de la capitale.<\/p>\n<p>En septembre 2024, la police a abattu un homme qui s\u2019appr\u00eatait \u00e0 commettre ce qu\u2019elle a qualifi\u00e9 d&rsquo;\u00a0\u00bbattentat terroriste\u00a0\u00bb contre le consulat isra\u00e9lien de Munich.<\/p>\n<p>\t\t\t\t<script async src=\"https:\/\/platform.twitter.com\/widgets.js\" charset=\"utf-8\"><\/script><\/p>\n","protected":false},"excerpt":{"rendered":"Un ressortissant allemand de 32 ans soup\u00e7onn\u00e9 d\u2019avoir provoqu\u00e9 un incendie mardi soir devant la synagogue Beith-Jaakov, dans&hellip;\n","protected":false},"author":2,"featured_media":664231,"comment_status":"","ping_status":"","sticky":false,"template":"","format":"standard","meta":{"footnotes":""},"categories":[1587],"tags":[11,672,1804,1805,1803,1777,674,1801,12,1802],"class_list":{"0":"post-664230","1":"post","2":"type-post","3":"status-publish","4":"format-standard","5":"has-post-thumbnail","7":"category-allemagne","8":"tag-actualites","9":"tag-allemagne","10":"tag-bundesrepublik-deutschland","11":"tag-de","12":"tag-deutschland","13":"tag-eu","14":"tag-europe","15":"tag-germany","16":"tag-news","17":"tag-republique-federale-dallemagne"},"share_on_mastodon":{"url":"https:\/\/pubeurope.com\/@fr\/115896499847368460","error":""},"_links":{"self":[{"href":"https:\/\/www.europesays.com\/fr\/wp-json\/wp\/v2\/posts\/664230","targetHints":{"allow":["GET"]}}],"collection":[{"href":"https:\/\/www.europesays.com\/fr\/wp-json\/wp\/v2\/posts"}],"about":[{"href":"https:\/\/www.europesays.com\/fr\/wp-json\/wp\/v2\/types\/post"}],"author":[{"embeddable":true,"href":"https:\/\/www.europesays.com\/fr\/wp-json\/wp\/v2\/users\/2"}],"replies":[{"embeddable":true,"href":"https:\/\/www.europesays.com\/fr\/wp-json\/wp\/v2\/comments?post=664230"}],"version-history":[{"count":0,"href":"https:\/\/www.europesays.com\/fr\/wp-json\/wp\/v2\/posts\/664230\/revisions"}],"wp:featuredmedia":[{"embeddable":true,"href":"https:\/\/www.europesays.com\/fr\/wp-json\/wp\/v2\/media\/664231"}],"wp:attachment":[{"href":"https:\/\/www.europesays.com\/fr\/wp-json\/wp\/v2\/media?parent=664230"}],"wp:term":[{"taxonomy":"category","embeddable":true,"href":"https:\/\/www.europesays.com\/fr\/wp-json\/wp\/v2\/categories?post=664230"},{"taxonomy":"post_tag","embeddable":true,"href":"https:\/\/www.europesays.com\/fr\/wp-json\/wp\/v2\/tags?post=664230"}],"curies":[{"name":"wp","href":"https:\/\/api.w.org\/{rel}","templated":true}]}}