{"id":664244,"date":"2026-01-15T01:30:21","date_gmt":"2026-01-15T01:30:21","guid":{"rendered":"https:\/\/www.europesays.com\/fr\/664244\/"},"modified":"2026-01-15T01:30:21","modified_gmt":"2026-01-15T01:30:21","slug":"pro-d2-le-vrdr-discute-pour-prolonger-deux-cadres-et-prete-un-espoir-a-tricastin","status":"publish","type":"post","link":"https:\/\/www.europesays.com\/fr\/664244\/","title":{"rendered":"Pro D2. Le VRDR discute pour prolonger deux cadres et pr\u00eate un espoir \u00e0 Tricastin"},"content":{"rendered":"<p>Le lendemain de l\u2019annonce de <a href=\"https:\/\/www.ledauphine.com\/sport\/2026\/01\/13\/anthony-aleo-prolonge-l-aventure-avec-le-vrdr\" target=\"_blank\" rel=\"noopener\">la prolongation d\u2019Anthony Al\u00e9o<\/a> (pilier gauche), le VRDR a \u00e9voqu\u00e9 la suite des prolongations par l\u2019interm\u00e9diaire de Fabien Fortassin. Pr\u00e9sent en conf\u00e9rence de presse avant le d\u00e9placement \u00e0 Mont-de-Marsan vendredi (19h30), le manager a indiqu\u00e9 que le club dr\u00f4mois <a href=\"https:\/\/www.ledauphine.com\/sport\/2026\/01\/13\/vrdr-il-n-y-aura-pas-50-000-annonces-apres-mignot-et-tauleigne-le-recrutement-deja-boucle\" target=\"_blank\" rel=\"noopener\">discutait avec ses deux v\u00e9t\u00e9rans<\/a>\u00a0 Florian Goumat (2e ligne, 35 ans) et Thembelani Bholi (2\/3e ligne &#8211; 36 ans le 18\u00a0janvier).<\/p>\n<p>\u00ab\u00a0Sportivement nous sommes tr\u00e8s contents d\u2019eux. \u00c7a va \u00eatre \u00e0 eux de savoir s\u2019ils ont l\u2019envie, s\u2019ils se sentent capables de faire une saison suppl\u00e9mentaire. Cela avance petit \u00e0 petit\u00a0\u00bb, a sobrement indiqu\u00e9 Fortassin.<\/p>\n<p>  Tom Nublat pr\u00eat\u00e9 \u00e0 un club partenaire<\/p>\n<p>Pour le reste, le VRDR a cherch\u00e9 des solutions pour ses espoirs, qui ne vont plus jouer jusqu\u2019au 21\u00a0mars, o\u00f9 ils affronteront B\u00e9ziers.<\/p>\n<p>Un laps de temps tr\u00e8s long, qui a oblig\u00e9 le club \u00e0 prendre des solutions. Tom Nublat (1 match en Pro D2 cette saison) a ainsi \u00e9t\u00e9 pr\u00eat\u00e9 \u00e0 Tricastin (lanterne rouge de sa poule de Nationale 2). \u00ab\u00a0L\u2019id\u00e9e c\u2019est de faire croquer les clubs partenaires. On voulait faire pareil avec le pilier Talat Sahin, mais aucun club n\u2019\u00e9tait int\u00e9ress\u00e9\u00a0\u00bb, r\u00e9sume l\u2019entra\u00eeneur. Un pr\u00eat de deux mois qui pourrait aider les Atomistes dans leur lutte pour se maintenir.<\/p>\n","protected":false},"excerpt":{"rendered":"Le lendemain de l\u2019annonce de la prolongation d\u2019Anthony Al\u00e9o (pilier gauche), le VRDR a \u00e9voqu\u00e9 la suite des&hellip;\n","protected":false},"author":2,"featured_media":664245,"comment_status":"","ping_status":"","sticky":false,"template":"","format":"standard","meta":{"footnotes":""},"categories":[1416],"tags":[2730,2737,2735,1701,1011,27,2308,1479,2736,479,1468,517,60,2733,2734,2728],"class_list":{"0":"post-664244","1":"post","2":"type-post","3":"status-publish","4":"format-standard","5":"has-post-thumbnail","7":"category-rugby","8":"tag-drome","9":"tag-edition-romans-nord-drome","10":"tag-edition-valence-rhone-crussol-vallee-de-la-drome","11":"tag-fil-info-sport","12":"tag-fr","13":"tag-france","14":"tag-pro-d2","15":"tag-romans","16":"tag-romans-sur-isere","17":"tag-rugby","18":"tag-rugby-football","19":"tag-sport","20":"tag-sports","21":"tag-valence","22":"tag-valence-bassin","23":"tag-vrdr-valence-romans-drome-rugby"},"share_on_mastodon":{"url":"https:\/\/pubeurope.com\/@fr\/115896531221845277","error":""},"_links":{"self":[{"href":"https:\/\/www.europesays.com\/fr\/wp-json\/wp\/v2\/posts\/664244","targetHints":{"allow":["GET"]}}],"collection":[{"href":"https:\/\/www.europesays.com\/fr\/wp-json\/wp\/v2\/posts"}],"about":[{"href":"https:\/\/www.europesays.com\/fr\/wp-json\/wp\/v2\/types\/post"}],"author":[{"embeddable":true,"href":"https:\/\/www.europesays.com\/fr\/wp-json\/wp\/v2\/users\/2"}],"replies":[{"embeddable":true,"href":"https:\/\/www.europesays.com\/fr\/wp-json\/wp\/v2\/comments?post=664244"}],"version-history":[{"count":0,"href":"https:\/\/www.europesays.com\/fr\/wp-json\/wp\/v2\/posts\/664244\/revisions"}],"wp:featuredmedia":[{"embeddable":true,"href":"https:\/\/www.europesays.com\/fr\/wp-json\/wp\/v2\/media\/664245"}],"wp:attachment":[{"href":"https:\/\/www.europesays.com\/fr\/wp-json\/wp\/v2\/media?parent=664244"}],"wp:term":[{"taxonomy":"category","embeddable":true,"href":"https:\/\/www.europesays.com\/fr\/wp-json\/wp\/v2\/categories?post=664244"},{"taxonomy":"post_tag","embeddable":true,"href":"https:\/\/www.europesays.com\/fr\/wp-json\/wp\/v2\/tags?post=664244"}],"curies":[{"name":"wp","href":"https:\/\/api.w.org\/{rel}","templated":true}]}}