{"id":664246,"date":"2026-01-15T01:31:11","date_gmt":"2026-01-15T01:31:11","guid":{"rendered":"https:\/\/www.europesays.com\/fr\/664246\/"},"modified":"2026-01-15T01:31:11","modified_gmt":"2026-01-15T01:31:11","slug":"je-ne-suis-plus-seulement-une-joueuse-agressive-tennistemple","status":"publish","type":"post","link":"https:\/\/www.europesays.com\/fr\/664246\/","title":{"rendered":"\u00ab Je ne suis plus seulement une joueuse agressive \u00bb \u2022 TennisTemple"},"content":{"rendered":"\n<p>Je suis de retour pour la 11 \u00e8me ann\u00e9e et j attends mes 12 \u00e9quipes minimum et caps ador\u00e9s :p<\/p>\n<p>https:\/\/i.pinimg.com\/originals\/62\/bf\/71\/62bf71df2f2295b728e8ad764cd6e070.gif<\/p>\n<p>https:\/\/www.iselp.org\/images\/xf209MI_med.png<\/p>\n<p>https:\/\/media0.giphy.com\/media\/n2IPMYMthV0m4\/source.gif<\/p>\n<p>https:\/\/media.giphy.com\/media\/CjmvTCZf2U3p09Cn0h\/giphy.gif<\/p>\n<p>Retour des deux des jeux de pronos les plus famous de la planete TT &#8230;<\/p>\n<p> <a href=\"https:\/\/fr.tennistemple.com\/Marieca\/post\/604620\/je-suis-de-retour-pour-la-11-eme-annee-et-j-attends-mes-12-e\/\" class=\"expand\" target=\"_blank\" rel=\"noopener\">Lire en entier<\/a> <\/p>\n","protected":false},"excerpt":{"rendered":"Je suis de retour pour la 11 \u00e8me ann\u00e9e et j attends mes 12 \u00e9quipes minimum et caps&hellip;\n","protected":false},"author":2,"featured_media":664247,"comment_status":"","ping_status":"","sticky":false,"template":"","format":"standard","meta":{"footnotes":""},"categories":[1415],"tags":[1011,27,60,1467],"class_list":{"0":"post-664246","1":"post","2":"type-post","3":"status-publish","4":"format-standard","5":"has-post-thumbnail","7":"category-tennis","8":"tag-fr","9":"tag-france","10":"tag-sports","11":"tag-tennis"},"share_on_mastodon":{"url":"https:\/\/pubeurope.com\/@fr\/115896535123707022","error":""},"_links":{"self":[{"href":"https:\/\/www.europesays.com\/fr\/wp-json\/wp\/v2\/posts\/664246","targetHints":{"allow":["GET"]}}],"collection":[{"href":"https:\/\/www.europesays.com\/fr\/wp-json\/wp\/v2\/posts"}],"about":[{"href":"https:\/\/www.europesays.com\/fr\/wp-json\/wp\/v2\/types\/post"}],"author":[{"embeddable":true,"href":"https:\/\/www.europesays.com\/fr\/wp-json\/wp\/v2\/users\/2"}],"replies":[{"embeddable":true,"href":"https:\/\/www.europesays.com\/fr\/wp-json\/wp\/v2\/comments?post=664246"}],"version-history":[{"count":0,"href":"https:\/\/www.europesays.com\/fr\/wp-json\/wp\/v2\/posts\/664246\/revisions"}],"wp:featuredmedia":[{"embeddable":true,"href":"https:\/\/www.europesays.com\/fr\/wp-json\/wp\/v2\/media\/664247"}],"wp:attachment":[{"href":"https:\/\/www.europesays.com\/fr\/wp-json\/wp\/v2\/media?parent=664246"}],"wp:term":[{"taxonomy":"category","embeddable":true,"href":"https:\/\/www.europesays.com\/fr\/wp-json\/wp\/v2\/categories?post=664246"},{"taxonomy":"post_tag","embeddable":true,"href":"https:\/\/www.europesays.com\/fr\/wp-json\/wp\/v2\/tags?post=664246"}],"curies":[{"name":"wp","href":"https:\/\/api.w.org\/{rel}","templated":true}]}}