{"id":664248,"date":"2026-01-15T01:35:12","date_gmt":"2026-01-15T01:35:12","guid":{"rendered":"https:\/\/www.europesays.com\/fr\/664248\/"},"modified":"2026-01-15T01:35:12","modified_gmt":"2026-01-15T01:35:12","slug":"piste-championnat-de-france-elite-les-engages-actualite","status":"publish","type":"post","link":"https:\/\/www.europesays.com\/fr\/664248\/","title":{"rendered":"Piste &#8211; Championnat de France &#8211; \u00c9lite : Les engag\u00e9s &#8211; Actualit\u00e9"},"content":{"rendered":"<p>                                                                    <img decoding=\"async\" src=\"https:\/\/www.europesays.com\/fr\/wp-content\/uploads\/2026\/01\/6967fbd17417c.jpg\" height=\"auto\" loading=\"lazy\"\/><\/p>\n<p class=\"metadata\">\n            Par<br \/>\n        <strong class=\"text-black\">    <a href=\"https:\/\/www.directvelo.com\/auteur\/3\/frederic-gachet\" class=\"hover-underline\" rel=\"author noopener\" target=\"_blank\">FR\u00c9D\u00c9RIC GACHET<\/a><br \/>\n<\/strong><br \/>\n                    <br \/>Le<br \/>\n    14 janvier 2026, 22:30<\/p>\n<p style=\"text-align: justify;\">Le Championnat de France sur Piste \u00c9lite se disputera du vendredi 16 au dimanche 18 janvier au V\u00e9lodrome du CREPS R\u00e9gion Centre-Val de Loire de Bourges (Cher). Retrouvez ci-dessous les listes des engag\u00e9(e)s et toutes les informations <a title=\"en cliquant ici\" href=\"https:\/\/www.directvelo.com\/uploads\/tinymce\/files\/2026\/Janvier\/00859580.pdf\" target=\"_blank\" rel=\"noopener\"><strong>en cliquant ici<\/strong><\/a>.<\/p>\n<p style=\"text-align: justify;\"><strong>Les listes des engag\u00e9(e)s :<\/strong><br \/><strong>Hommes<\/strong><br \/><strong>COFIDIS\u00a0<\/strong><br \/>1 CHARRET Camille<br \/>\u00a0<br \/><strong>GROUPAMA-FDJ CONTINENTALE\u00a0<\/strong><br \/>2 SAGNIER Karl<br \/>\u00a0<br \/><strong>TOTALENERGIE\u00a0<\/strong><br \/>3 TESSON Jason<br \/>\u00a0<br \/><strong>NICE METROPOLE COTE D&rsquo;AZUR\u00a0<\/strong><br \/>4 DAVY Cl\u00e9ment<br \/>\u00a0<br \/><strong>EKOI HYERES TPM\u00a0<\/strong><br \/>5 GUEMY Lucas<br \/>6 HANSE BIGOT Ma\u00ebl<br \/>7 ROBIC Julien<br \/>\u00a0<br \/><strong>EKOI NTT\u00a0<\/strong><br \/>8 DUBLE Arnaud<br \/>9 FLOUR Florian<br \/>\u00a0<br \/><strong>KRONOS PARIS-SACLAY\u00a0<\/strong><br \/>10 FUHRMANN Louis<br \/>11 GERNIGON Erwan<br \/>12 LANDERNEAU Melvin<br \/>13 LECLERC Enzo<br \/>14 POMMELET Hugo<br \/>15 SALAUN Herve<br \/>\u00a0<br \/><strong>TEAM BEN TRACK OCCITANIE\u00a0<\/strong><br \/>16 BRIOUX Christophe<br \/>17 MAURY Adrien<br \/>18 POCZERNIN Mathias<br \/>\u00a0<br \/><strong>TEAM TRACK ELITE BLB MF DOLTCINI\u00a0<\/strong><br \/>19 BEAUCART Jean-Philippe<br \/>20 CAMERON Tom<br \/>21 DEMANDRILLE Tomas<br \/>22 HABERA Hugo<br \/>23 POTEAU Alexandre<br \/>24 ROULOT No\u00e9<br \/>\u00a0<br \/><strong>US CRETEIL CYCLISME\u00a0<\/strong><br \/>25 LAUGIER Nicolas<br \/>26 OLIVIERO Etienne<br \/>27 SYLVANISE Matthias<br \/>28 VIGIER S\u00e9bastien<br \/>29 CALIF Julian<br \/>\u00a0<br \/><strong>COMITE REGIONAL BRETAGNE\u00a0<\/strong><br \/>30 KEROUEDAN Quentin<br \/>31 LE FUR Cl\u00e9ment<br \/>32 LE NORMAND LUCAS Z\u00e9phirin<br \/>33 ROYER Luc<br \/>34 DESGROUAS Tristan<br \/>35 LEGENTIL L\u00e9o<br \/>\u00a0<br \/><strong>COMITE REGIONAL ILE-DE-France\u00a0<\/strong><br \/>36 ROLLAND Yan<br \/>\u00a0<br \/><strong>SALON CYCLOSPORT\u00a0<\/strong><br \/>37 GROS Cl\u00e9ment<br \/>38 HELAL Rayan<br \/>\u00a0<br \/><strong>VC ROUBAIX LILLE METROPOLE\u00a0<\/strong><br \/>39 CARON Oscar<br \/>40 COLSENET Mat\u00e9o<br \/>41 DERACHE Tom<br \/>\u00a0<br \/><strong>CYCLING TEAM 01\u00a0<\/strong><br \/>42 GRENGBO Florian<br \/>43 LABBE Lucas<br \/>44 LYONNET Maxence<br \/>\u00a0<br \/><strong>VC ELANCOURT ST QUENTIN-EN-YVELINES TEAM VOUSSERT\u00a0<\/strong><br \/>45 GILLION Timmy<br \/>\u00a0<br \/><strong>AC BAS-BERRY\u00a0<\/strong><br \/>46 BOUTRON Nathana\u00ebl<br \/>47 LAYLAVOIX Pierre<br \/>48 MEUNIER Arthur<br \/>49 MONMASSON Guillaume<br \/>\u00a0<br \/><strong>AVC AIX PROVENCE DOLE<\/strong><br \/>50 NILSSON-JULIEN Oscar<br \/>51 TABELLION Valentin<br \/>\u00a0<br \/><strong>VC ROUEN 76\u00a0<\/strong><br \/>52 GRONDIN Donavan<br \/>53 PETIT Cl\u00e9ment<br \/>\u00a0<br \/><strong>BEZIERS-MEDITERRANEE CYCL\u00a0<\/strong><br \/>54 CARREAU Dorian<br \/>\u00a0<br \/><strong>CAM DE BORDEAUX\u00a0<\/strong><br \/>55 EYMARD Matteo<br \/>\u00a0<br \/><strong>CC PERIGUEUX DORDOGNE\u00a0<\/strong><br \/>56 FAURE Corentin<br \/>\u00a0<br \/><strong>CC PLANCOETIN\u00a0<\/strong><br \/>57 BARON Adrien<br \/>\u00a0<br \/><strong>CO COURONNAIS\u00a0<\/strong><br \/>58 FOULON Dorian<br \/>\u00a0<br \/><strong>ES TORIGNI\u00a0<\/strong><br \/>59 COLOMBE Maxence<br \/>\u00a0<br \/><strong>GUIDON CHALETTOIS\u00a0<\/strong><br \/>60 LOMBARD Joaquim<br \/>\u00a0<br \/><strong>ISTRES SPORT CYCLISME\u00a0<\/strong><br \/>61 FRIOT Jules<br \/>\u00a0<br \/><strong>MAYENNE-MONBANA-RAPIDO\u00a0<\/strong><br \/>62 BESNIER Erwan<br \/>63 DUPE Mathieu<br \/>\u00a0<br \/><strong>MOYON PERCY VELO CLUB\u00a0<\/strong><br \/>64 BARON Mathis<br \/>\u00a0<br \/><strong>SABLE SARTHE CYCLISME PDL\u00a0<\/strong><br \/>65 BRETON Cl\u00e9ment<br \/>66 FERDINAND Antoine<br \/>\u00a0<br \/><strong>TEAM U LH\u00a0<\/strong><br \/>67 GAYANT Lancelot<br \/>\u00a0<br \/><strong>UC CHOLET 49\u00a0<\/strong><br \/>68 PERLEAUX Dorian<br \/>\u00a0<br \/><strong>UC PELUSSIN LOIRE PILAT\u00a0<\/strong><br \/>69 MARCOUX Nathan<br \/>\u00a0<br \/><strong>VC VILLEFRANCHE BEAUJOLAIS\u00a0<\/strong><br \/>70 RIBEIRO DA CRUZ Mathias<br \/>\u00a0<br \/><strong>VC PITHIVIERS\u00a0<\/strong><br \/>71 RABOURDIN Cameron<br \/>\u00a0<br \/><strong>VC THOUARS\u00a0<\/strong><br \/>72 POUVREAULT Gregory<br \/>\u00a0<br \/><strong>VS MACONNAIS\u00a0<\/strong><br \/>73 LAGNIE Tibault<br \/>\u00a0<br \/><strong>VENDEE U\u00a0<\/strong><br \/>74 MENANTEAU Lucas<br \/>\u00a0<br \/><strong>PARIS AC 95\u00a0<\/strong><br \/>75 CLERE Emilien<\/p>\n<p><strong>Femmes<\/strong><br \/><strong>MA PETITE ENTREPRISE\u00a0<\/strong><br \/>1 ROUAT Ilona<br \/>\u00a0<br \/><strong>O\u2019SHE REDCHILLI BIKES\u00a0<\/strong><br \/>2 POMARES Cindy<br \/>\u00a0<br \/><strong>OCCITANE CYCLISME FORMATION FEMININ<\/strong><br \/>3 ALMANSA Carla<br \/>\u00a0<br \/><strong>EKOI NTT\u00a0<\/strong><br \/>4 CABOT Elina<br \/>5 DOLEZ Lou<br \/>\u00a0<br \/><strong>KRONOS PARIS-SACLAY\u00a0<\/strong><br \/>6 LALLEMANT Lara<br \/>7 LEDEME Lilou<br \/>8 SCHAVITS Louise<br \/>\u00a0<br \/><strong>SPRINTEUR CLUB FEMININ\u00a0<\/strong><br \/>9 KARPP Romane<br \/>10 PHILIPPE Eva<br \/>11 TIREL Gwenaelle<br \/>12 VASSEUR P\u00e9rine<br \/>13 VERREAUX Lucie<br \/>\u00a0<br \/><strong>US CRETEIL CYCLISME\u00a0<\/strong><br \/>14 DROUODE Marie Louisa<br \/>15 KOUAME Marie-Divine<br \/>16 MICHAUD Flavie<br \/>\u00a0<br \/><strong>TEAM TRACK ELITE BLB MF DOLTCINI\u00a0<\/strong><br \/>17 DUPIN M\u00e9lanie<br \/>\u00a0<br \/><strong>US CRETEIL\u00a0<\/strong><br \/>18 ERRIN BIVOUAC Laura<br \/>19 GRONDIN L\u00e9a<br \/>\u00a0<br \/><strong>SALON CYCLOSPORT\u00a0<\/strong><br \/>20 GROS Mathilde<br \/>\u00a0<br \/><strong>EMC ENTENTE CYCLISTE PAYS DE DINAN U19<\/strong><br \/>21 BIHAN Zo\u00e9<br \/>\u00a0<br \/><strong>COMITE REGIONAL BRETAGNE\u00a0<\/strong><br \/>22 DEMAY Coralie<br \/>23 ROUAT Jessica<br \/>24 SIMON Il\u00e9na<br \/>\u00a0<br \/><strong>LANESTER WOMEN MORBIHAN\u00a0<\/strong><br \/>25 CHEREAU Cl\u00e9mence<br \/>26 MAHIEU L\u00e9onie<br \/>\u00a0<br \/><strong>TEAM ELLES\u00a0<\/strong><br \/>27 ROBIC Angelina<br \/>\u00a0<br \/><strong>VEND\u00c9E F\u00c9MININES-RVC\u00a0<\/strong><br \/>28 BOULAIS Flavie<br \/>29 GOERGEN Oc\u00e9ane<br \/>\u00a0<br \/><strong>TEAM AVESNOIS\u00a0<\/strong><br \/>30 TESSIER Cl\u00e9mentine<br \/>\u00a0<br \/><strong>TEAM MACADAM`S COWBOYS\u00a0<\/strong><br \/>31 TABU L\u00e9ane<br \/>\u00a0<br \/><strong>UC ALENCON DAMIGNY\u00a0<\/strong><br \/>32 GUILLET Lisa<br \/>\u00a0<br \/><strong>VC PRAZ SUR ARLY\u00a0<\/strong><br \/>33 LEVITE Myriam<br \/>\u00a0<br \/><strong>VC ELANCOURT ST QUENTIN EN YVELINES TEAM VOUSSERT<\/strong><br \/>34 CASSIER Claire<br \/>35 MARCHAND Constance<\/p>\n","protected":false},"excerpt":{"rendered":"Par FR\u00c9D\u00c9RIC GACHET Le 14 janvier 2026, 22:30 Le Championnat de France sur Piste \u00c9lite se disputera du&hellip;\n","protected":false},"author":2,"featured_media":664249,"comment_status":"","ping_status":"","sticky":false,"template":"","format":"standard","meta":{"footnotes":""},"categories":[1411],"tags":[834,828,836,829,837,827,83,826,824,823,1154,207,814,817,815,816,822,821,832,211,839,1011,27,820,818,819,835,831,830,833,838,60,212,208,825],"class_list":{"0":"post-664248","1":"post","2":"type-post","3":"status-publish","4":"format-standard","5":"has-post-thumbnail","7":"category-cyclisme","8":"tag-attaque","9":"tag-belgique","10":"tag-braquet","11":"tag-bretagne","12":"tag-chute","13":"tag-competition","14":"tag-coupe-de-france","15":"tag-coureur","16":"tag-course-cyclisme","17":"tag-course-cycliste","18":"tag-cycling","19":"tag-cyclisme","20":"tag-direct","21":"tag-direct-velo","22":"tag-directvelo","23":"tag-directvelo-com","24":"tag-epreuve","25":"tag-epreuve-cycliste","26":"tag-federation-francaise-de-cyclisme","27":"tag-ffc","28":"tag-flandres","29":"tag-fr","30":"tag-france","31":"tag-live","32":"tag-live-course","33":"tag-live-epreuve","34":"tag-peloton","35":"tag-radio-peloton","36":"tag-radio-tour","37":"tag-ravitaillement","38":"tag-relance","39":"tag-sports","40":"tag-uci","41":"tag-velo","42":"tag-velos"},"share_on_mastodon":{"url":"https:\/\/pubeurope.com\/@fr\/115896551003941008","error":""},"_links":{"self":[{"href":"https:\/\/www.europesays.com\/fr\/wp-json\/wp\/v2\/posts\/664248","targetHints":{"allow":["GET"]}}],"collection":[{"href":"https:\/\/www.europesays.com\/fr\/wp-json\/wp\/v2\/posts"}],"about":[{"href":"https:\/\/www.europesays.com\/fr\/wp-json\/wp\/v2\/types\/post"}],"author":[{"embeddable":true,"href":"https:\/\/www.europesays.com\/fr\/wp-json\/wp\/v2\/users\/2"}],"replies":[{"embeddable":true,"href":"https:\/\/www.europesays.com\/fr\/wp-json\/wp\/v2\/comments?post=664248"}],"version-history":[{"count":0,"href":"https:\/\/www.europesays.com\/fr\/wp-json\/wp\/v2\/posts\/664248\/revisions"}],"wp:featuredmedia":[{"embeddable":true,"href":"https:\/\/www.europesays.com\/fr\/wp-json\/wp\/v2\/media\/664249"}],"wp:attachment":[{"href":"https:\/\/www.europesays.com\/fr\/wp-json\/wp\/v2\/media?parent=664248"}],"wp:term":[{"taxonomy":"category","embeddable":true,"href":"https:\/\/www.europesays.com\/fr\/wp-json\/wp\/v2\/categories?post=664248"},{"taxonomy":"post_tag","embeddable":true,"href":"https:\/\/www.europesays.com\/fr\/wp-json\/wp\/v2\/tags?post=664248"}],"curies":[{"name":"wp","href":"https:\/\/api.w.org\/{rel}","templated":true}]}}