{"id":664252,"date":"2026-01-15T01:37:16","date_gmt":"2026-01-15T01:37:16","guid":{"rendered":"https:\/\/www.europesays.com\/fr\/664252\/"},"modified":"2026-01-15T01:37:16","modified_gmt":"2026-01-15T01:37:16","slug":"la-premiere-fois-que-jai-ete-lanimateur-fa","status":"publish","type":"post","link":"https:\/\/www.europesays.com\/fr\/664252\/","title":{"rendered":"\u201cLa premi\u00e8re fois que j\u2019ai \u00e9t\u00e9\u2026\u201d, l\u2019animateur fa &#8230;"},"content":{"rendered":"<p>EN BREF<\/p>\n<ul class=\"bloc_resume_post_list\">\n<li>Le 6 janvier, \u00c9ric Jean-Jean, animateur de RTL, partage<br \/>\nson exp\u00e9rience de d\u00e9pendance \u00e0 l\u00a0\u00bbalcool dans le podcast Addiktion<br \/>\nde Laurent Karila.<\/li>\n<li>Il raconte avoir minimis\u00e9 son probl\u00e8me d&rsquo;alcool tout en<br \/>\ncontinuant \u00e0 travailler, et d\u00e9crit une consommation excessive qui a<br \/>\naffect\u00e9 sa sant\u00e9 physique.<\/li>\n<li>\u00c0 45 ans, un \u00e9v\u00e9nement familial marquant et le soutien<br \/>\nd&rsquo;un addictologue ont conduit \u00e0 un changement d\u00e9cisif dans sa lutte<br \/>\ncontre l&rsquo;alcool.<\/li>\n<\/ul>\n<p>Invit\u00e9 du <a href=\"https:\/\/podcasts.apple.com\/fr\/podcast\/%C3%A9ric-jean-jean-lalcool-un-peu-beaucoup-dry-january\/id1589756300?i=1000743928138\" target=\"_blank\" rel=\"noopener\"><br \/>\npodcast Addiktion<\/a> de Laurent Karila, diffus\u00e9 le 6<br \/>\njanvier, <a href=\"https:\/\/www.telestar.fr\/actu_tv\/putin-eric-jean-jean-trahi-par-son-micro-sur-rtl-il-perd-son-calme-pensant-etre-hors-antenne-1726798\" target=\"_blank\" rel=\"noopener\"><br \/>\n\u00c9ric Jean-Jean est revenu sur sa d\u00e9pendance \u00e0 l\u2019alcool<\/a>.<br \/>\nL\u2019animateur de RTL a racont\u00e9 une p\u00e9riode qu\u2019il a longtemps<br \/>\nminimis\u00e9e. Il a expliqu\u00e9 qu\u2019il continuait \u00e0 travailler et \u00e0 assurer<br \/>\nses \u00e9missions. \u00c0 l\u2019\u00e9poque, il n\u2019a pas per\u00e7u l\u2019ampleur du probl\u00e8me.<br \/>\nIl a confi\u00e9 : \u201cJe ne m\u2019en suis pas rendu compte tout de<br \/>\nsuite&#8230; <strong>Je n\u2019\u00e9tais pas ivre tous les jours, je<br \/>\ncontinuais \u00e0 travailler, \u00e0 faire de la radio\u201d .<\/strong><\/p>\n<p>L\u2019animateur a expliqu\u00e9 qu\u2019il avait grandi dans un milieu o\u00f9 le<br \/>\nvin faisait partie du quotidien. Il a d\u00e9clar\u00e9 :<br \/>\n\u201c<strong>La premi\u00e8re fois que j\u2019ai \u00e9t\u00e9 ivre j\u2019avais 7<br \/>\nans<\/strong>, je finissais les fonds de verres\u201d. Une<br \/>\nd\u00e9claration tr\u00e8s \u00e9tonnante, qui r\u00e9v\u00e8le l\u2019ampleur de son probl\u00e8me.<br \/>\nPlus tard, un grave accident de moto \u00e0 23 ans l\u2019a forc\u00e9 \u00e0 rester<br \/>\nsobre. Mais trois ans apr\u00e8s, <a href=\"https:\/\/www.telestar.fr\/actu_tv\/lourd-revers-pour-c8-et-nrj12-la-guerre-de-cyril-hanouna-contre-larcom-nest-pas-finie-1692018\" target=\"_blank\" rel=\"noopener\"><br \/>\nau d\u00e9but de sa carri\u00e8re sur NRJ12<\/a>, il a recommenc\u00e9 \u00e0 boire. Il<br \/>\na admis avoir fait la f\u00eate r\u00e9guli\u00e8rement.<\/p>\n<p>Une spirale difficile<\/p>\n<p>Avec le temps, la consommation s\u2019est install\u00e9e. \u00c9ric Jean-Jean a<br \/>\nreconnu des exc\u00e8s r\u00e9p\u00e9t\u00e9s. Il a expliqu\u00e9 : \u201cJ\u2019avais des<br \/>\np\u00e9riodes o\u00f9 je faisais beaucoup la f\u00eate, je buvais deux \u00e0 trois<br \/>\nfois par semaine\u201d. Les cons\u00e9quences physiques sont apparues.<br \/>\nIl a r\u00e9v\u00e9l\u00e9 : \u201c<strong>Je suis pass\u00e9 de 85 \u00e0 100<br \/>\nkilos<\/strong> \u00e0 cause de l\u2019alcool, de la malbouffe&#8230; Je<br \/>\npouvais boire jusqu\u2019\u00e0 deux litres de bi\u00e8re\u201d.\u00a0<\/p>\n<p>L\u2019animateur a avou\u00e9 : \u201c<a href=\"https:\/\/www.telestar.fr\/people\/exclu-muriel-robin-une-jauge-fixee-par-lactrice-fait-le-point-sur-son-addiction-a-lalcool-1749416\" target=\"_blank\" rel=\"noopener\">Mon<br \/>\nprobl\u00e8me avec l\u2019alcool<\/a> ce n\u2019est pas que j\u2019aimais \u00e7a,<br \/>\nc\u2019est que j\u2019adorais \u00eatre bourr\u00e9\u201d. Apr\u00e8s une premi\u00e8re d\u00e9cision<br \/>\nd\u2019arr\u00eat, il a replong\u00e9 quelques ann\u00e9es plus tard. \u00c0 la trentaine,<br \/>\nil a tent\u00e9 de ma\u00eetriser sa consommation, sans succ\u00e8s durable. Le<br \/>\nv\u00e9ritable d\u00e9crochage est intervenu plus tard.<\/p>\n<p>Le d\u00e9clic \u00e0 45 ans<\/p>\n<p>\u00c0 45 ans, sa situation personnelle s\u2019est d\u00e9grad\u00e9e. \u00c9ric<br \/>\nJean-Jean a \u00e9voqu\u00e9 une p\u00e9riode marqu\u00e9e par des \u00e9preuves. Il a<br \/>\nconfi\u00e9 : \u201cJ\u2019encha\u00eenais les gal\u00e8res dans ma vie personnelle, mes<br \/>\nparents venaient de d\u00e9c\u00e9der, je m\u2019\u00e9tais s\u00e9par\u00e9 de la m\u00e8re de mes<br \/>\nenfants. <strong>Je n\u2019arrivais pas \u00e0 m\u2019arr\u00eater et l\u00e0, j\u2019ai<br \/>\ncommenc\u00e9 \u00e0 me rendre compte que j\u2019avais un vrai probl\u00e8me avec<br \/>\nl\u2019alcool.\u201d \u00a0<\/strong><\/p>\n<p>Il s\u2019est souvenu d\u2019un repas marquant : \u201cJ\u2019arrive un peu en<br \/>\nretard dans un repas de famille, mon oncle me sert un whisky&#8230; Je<br \/>\nbois, je bois, et je me retrouve hyper bourr\u00e9 au milieu de ma<br \/>\nfamille. <strong>Je ne me rappelle pas de tout, juste que<br \/>\nj\u2019ai \u00e9t\u00e9 un vrai connard !<\/strong>\u201d C\u2019est sa s\u0153ur<br \/>\nqui l\u2019a pouss\u00e9 \u00e0 consulter. Apr\u00e8s un premier suivi inefficace, un<br \/>\nsecond addictologue a tout chang\u00e9. Il a racont\u00e9 : \u201cIl m\u2019a dit :<br \/>\n\u2018Tu arr\u00eateras quand tu seras pr\u00eat\u2019.\u201d Le sp\u00e9cialiste lui a<br \/>\ndemand\u00e9 de noter chaque jour sa consommation. \u00c9ric Jean-Jean a<br \/>\npr\u00e9cis\u00e9 : \u201cLe 19 mars 2018, j\u2019\u00e9cris : cinq pintes de bi\u00e8re et<br \/>\ntrois verres de blanc. Le mardi 20, c\u2019\u00e9tait fini\u201d.\u00a0<\/p>\n","protected":false},"excerpt":{"rendered":"EN BREF Le 6 janvier, \u00c9ric Jean-Jean, animateur de RTL, partage son exp\u00e9rience de d\u00e9pendance \u00e0 l\u00a0\u00bbalcool dans&hellip;\n","protected":false},"author":2,"featured_media":664253,"comment_status":"","ping_status":"","sticky":false,"template":"","format":"standard","meta":{"footnotes":""},"categories":[1359],"tags":[5702,548,58,59,76523,1011,27,973,2700],"class_list":{"0":"post-664252","1":"post","2":"type-post","3":"status-publish","4":"format-standard","5":"has-post-thumbnail","7":"category-people","8":"tag-alcool","9":"tag-article-simple","10":"tag-divertissement","11":"tag-entertainment","12":"tag-eric-jean-jean","13":"tag-fr","14":"tag-france","15":"tag-people","16":"tag-rtl"},"share_on_mastodon":{"url":"https:\/\/pubeurope.com\/@fr\/115896558844440388","error":""},"_links":{"self":[{"href":"https:\/\/www.europesays.com\/fr\/wp-json\/wp\/v2\/posts\/664252","targetHints":{"allow":["GET"]}}],"collection":[{"href":"https:\/\/www.europesays.com\/fr\/wp-json\/wp\/v2\/posts"}],"about":[{"href":"https:\/\/www.europesays.com\/fr\/wp-json\/wp\/v2\/types\/post"}],"author":[{"embeddable":true,"href":"https:\/\/www.europesays.com\/fr\/wp-json\/wp\/v2\/users\/2"}],"replies":[{"embeddable":true,"href":"https:\/\/www.europesays.com\/fr\/wp-json\/wp\/v2\/comments?post=664252"}],"version-history":[{"count":0,"href":"https:\/\/www.europesays.com\/fr\/wp-json\/wp\/v2\/posts\/664252\/revisions"}],"wp:featuredmedia":[{"embeddable":true,"href":"https:\/\/www.europesays.com\/fr\/wp-json\/wp\/v2\/media\/664253"}],"wp:attachment":[{"href":"https:\/\/www.europesays.com\/fr\/wp-json\/wp\/v2\/media?parent=664252"}],"wp:term":[{"taxonomy":"category","embeddable":true,"href":"https:\/\/www.europesays.com\/fr\/wp-json\/wp\/v2\/categories?post=664252"},{"taxonomy":"post_tag","embeddable":true,"href":"https:\/\/www.europesays.com\/fr\/wp-json\/wp\/v2\/tags?post=664252"}],"curies":[{"name":"wp","href":"https:\/\/api.w.org\/{rel}","templated":true}]}}