{"id":664254,"date":"2026-01-15T01:38:12","date_gmt":"2026-01-15T01:38:12","guid":{"rendered":"https:\/\/www.europesays.com\/fr\/664254\/"},"modified":"2026-01-15T01:38:12","modified_gmt":"2026-01-15T01:38:12","slug":"louvre-un-nouveau-document-a-porter-au-dossier-securite","status":"publish","type":"post","link":"https:\/\/www.europesays.com\/fr\/664254\/","title":{"rendered":"Louvre : un nouveau document \u00e0 porter au dossier s\u00e9curit\u00e9"},"content":{"rendered":"<dl class=\"spip_document_77468 spip_documents spip_documents_left\" style=\"float:left;\" itemprop=\"image\" itemscope=\"\" itemtype=\"http:\/\/schema.org\/ImageObject\">\n<dt>\n\t\t<a href=\"https:\/\/www.latribunedelart.com\/IMG\/jpg\/ca_louvre.jpg?77468\/85349b1ebe7154c4dd92a2c71ae8fa6856d15cfdabc713055ecbe10df25c6e05\" title=\"\" type=\"image\/jpeg\" target=\"_blank\" rel=\"noopener\"><br \/>\n\t\t\t<img loading=\"lazy\" decoding=\"async\" src=\"https:\/\/www.europesays.com\/fr\/wp-content\/uploads\/2026\/01\/ca_louvre-a0153.jpg\" width=\"353\" height=\"500\" alt=\"\" itemprop=\"contentUrl\"\/><br \/>\n\t\t<\/a>\n\t<\/dt>\n<dd class=\"crayon document-descriptif-77468 spip_doc_descriptif\" style=\"width:350px;\" itemprop=\"description\">Approbation de deux lots de travaux pour le sch\u00e9ma directeur vot\u00e9 au Conseil d\u2019administration du Louvre le 25 novembre 2022\n<\/dd>\n<dd class=\"spip_doc_lien-galerie\">\n\t\t<a href=\"https:\/\/www.latribunedelart.com\/spip.php?page=docbig&amp;id_document=77468&amp;id_article=13236\" target=\"_blank\" rel=\"noopener\">Voir l\u00b4image dans sa page<\/a>\n\t<\/dd>\n<\/dl>\n<p>14\/1\/26 &#8211;  <strong>Mus\u00e9e &#8211; Paris, Mus\u00e9e du Louvre<\/strong>  &#8211; Le v\u00e9ritable jeu de poker menteur auquel se livre la pr\u00e9sidente-directrice du Louvre depuis le vol des bijoux de la Couronne rend complexe la connaissance de ce qui s\u2019est r\u00e9ellement pass\u00e9, entre les d\u00e9clarations parfois contradictoires de celle-ci lors de ses auditions au S\u00e9nat et \u00e0 l\u2019Assembl\u00e9e nationale, et celle des trois ministres que nous avons comment\u00e9es hier (voir l\u2019<a href=\"https:\/\/www.latribunedelart.com\/commission-d-enquete-une-premiere-journee-deja-tres-riche-d-enseignements\" class=\"spip_in\" target=\"_blank\" rel=\"noopener\">article<\/a>). Un document dont nous avons pris tout r\u00e9cemment connaissance vient jeter une nouvelle lumi\u00e8re sur la r\u00e9alit\u00e9 de l\u2019avancement du sch\u00e9ma directeur s\u00e9curit\u00e9 au d\u00e9but du mandat de Laurence des Cars.<\/p>\n<p>Nous avons d\u00e9j\u00e0 montr\u00e9 que les avant-projets d\u00e9finitifs contenaient tout ce que celle-ci d\u00e9crivait comme absent du projet commenc\u00e9 sous Jean-Luc Martinez. Il a \u00e9t\u00e9 montr\u00e9 \u00e9galement que le Louvre disposait des moyens n\u00e9cessaires pour lancer les travaux. <br class=\"autobr\"\/><br \/>\nMais il y a mieux encore. C\u2019est ainsi que le 25 novembre 2022, le Conseil d\u2019administration du Mus\u00e9e du Louvre avait d\u00e9lib\u00e9r\u00e9 et vot\u00e9 le lancement en 2023 de march\u00e9s publics pour des \u00ab\u00a0travaux du sch\u00e9ma directeur des \u00e9quipements de s\u00fbret\u00e9\u00a0\u00bb, portant sur deux lots\u00a0: un lot \u00ab\u00a0r\u00e9seau\u00a0\u00bb couvrant \u00ab\u00a0la refonte compl\u00e8te des r\u00e9seaux informatiques et d\u2019alimentation \u00e9lectrique d\u00e9di\u00e9s \u00e0 la s\u00fbret\u00e9 (vid\u00e9oprotection, contr\u00f4le d\u2019acc\u00e8s, anti-intrusion et d\u00e9tection rapproch\u00e9e des \u0153uvres) pour un montant estim\u00e9 de 19 millions d\u2019euros et une dur\u00e9e de 36 mois\u00a0\u00bb , et un lot \u00ab\u00a0hypervision\/syst\u00e8mes finaux\u00a0\u00bb concernant \u00ab\u00a0la mise en place d\u2019une vision d\u2019ensemble permettant d\u2019interconnecter et de centraliser l\u2019exploitation de logiciels d\u00e9di\u00e9s \u00e0 chaque r\u00e9seau et le renouvellement et l\u2019extension des \u00e9quipements finals [sic] de vid\u00e9oprotection, de contr\u00f4le d\u2019acc\u00e8s et des armoires fermant \u00e0 clef, pour un montant de 28 millions d\u2019euros et une dur\u00e9e de 52 mois\u00a0\u00bb.<\/p>\n<p>Il \u00e9tait donc pr\u00e9vu, d\u00e8s 2023, de lancer effectivement ces travaux de s\u00e9curit\u00e9, et le Conseil d\u2019administration avait vot\u00e9 en ce sens. Pourquoi ceux-ci n\u2019ont-ils donc pas d\u00e9marr\u00e9 comme pr\u00e9vu, ce qui aurait permis au premier lot, d\u2019une dur\u00e9e de 36 mois, d\u2019\u00eatre finalis\u00e9 \u00e0 l\u2019heure o\u00f9 nous \u00e9crivons, et au second d\u2019\u00eatre tr\u00e8s largement avanc\u00e9\u00a0? La r\u00e9ponse est ais\u00e9e \u00e0 imaginer, et elle vient corroborer tout ce que nous avons d\u00e9j\u00e0 appris\u00a0: cela correspondait \u00e0 l\u2019\u00e9poque o\u00f9 Laurence des Cars cherchait \u00e0 tout prix \u00e0 \u00ab\u00a0vendre\u00a0\u00bb son projet \u00ab\u00a0Grande Colonnade\u00a0\u00bb en le joignant aux travaux n\u00e9cessaires, comme ceux concernant la s\u00e9curit\u00e9. Il n\u2019\u00e9tait donc pas question pour elle de lancer un sch\u00e9ma directeur s\u00e9curit\u00e9 pourtant pr\u00eat \u00e0 l\u2019\u00eatre, celui-ci devant constituer une sous-partie du projet \u00ab\u00a0Louvre Renaissance\u00a0\u00bb.<\/p>\n<p>Voil\u00e0 donc une nouvelle question que la Commission d\u2019enqu\u00eate de l\u2019Assembl\u00e9e nationale pourra poser \u00e0 la pr\u00e9sidente-directrice du Louvre lorsqu\u2019elle sera auditionn\u00e9e\u00a0:<\/p>\n<p><b>\u2013<\/b>\u00a0pourquoi n\u2019avez-vous pas respect\u00e9 le vote du Conseil d\u2019administration du 25 novembre 2022 qui pr\u00e9voyait de lancer deux chantiers li\u00e9s au sch\u00e9ma directeur, pour un montant total de 47 millions d\u2019euros\u00a0?<\/p>\n","protected":false},"excerpt":{"rendered":"Approbation de deux lots de travaux pour le sch\u00e9ma directeur vot\u00e9 au Conseil d\u2019administration du Louvre le 25&hellip;\n","protected":false},"author":2,"featured_media":664255,"comment_status":"","ping_status":"","sticky":false,"template":"","format":"standard","meta":{"footnotes":""},"categories":[1358],"tags":[1348,1384,1385,1386,58,59,1011,27],"class_list":{"0":"post-664254","1":"post","2":"type-post","3":"status-publish","4":"format-standard","5":"has-post-thumbnail","7":"category-arts-et-design","8":"tag-arts","9":"tag-arts-and-design","10":"tag-arts-et-design","11":"tag-design","12":"tag-divertissement","13":"tag-entertainment","14":"tag-fr","15":"tag-france"},"share_on_mastodon":{"url":"https:\/\/pubeurope.com\/@fr\/115896562708849785","error":""},"_links":{"self":[{"href":"https:\/\/www.europesays.com\/fr\/wp-json\/wp\/v2\/posts\/664254","targetHints":{"allow":["GET"]}}],"collection":[{"href":"https:\/\/www.europesays.com\/fr\/wp-json\/wp\/v2\/posts"}],"about":[{"href":"https:\/\/www.europesays.com\/fr\/wp-json\/wp\/v2\/types\/post"}],"author":[{"embeddable":true,"href":"https:\/\/www.europesays.com\/fr\/wp-json\/wp\/v2\/users\/2"}],"replies":[{"embeddable":true,"href":"https:\/\/www.europesays.com\/fr\/wp-json\/wp\/v2\/comments?post=664254"}],"version-history":[{"count":0,"href":"https:\/\/www.europesays.com\/fr\/wp-json\/wp\/v2\/posts\/664254\/revisions"}],"wp:featuredmedia":[{"embeddable":true,"href":"https:\/\/www.europesays.com\/fr\/wp-json\/wp\/v2\/media\/664255"}],"wp:attachment":[{"href":"https:\/\/www.europesays.com\/fr\/wp-json\/wp\/v2\/media?parent=664254"}],"wp:term":[{"taxonomy":"category","embeddable":true,"href":"https:\/\/www.europesays.com\/fr\/wp-json\/wp\/v2\/categories?post=664254"},{"taxonomy":"post_tag","embeddable":true,"href":"https:\/\/www.europesays.com\/fr\/wp-json\/wp\/v2\/tags?post=664254"}],"curies":[{"name":"wp","href":"https:\/\/api.w.org\/{rel}","templated":true}]}}