{"id":664256,"date":"2026-01-15T01:40:18","date_gmt":"2026-01-15T01:40:18","guid":{"rendered":"https:\/\/www.europesays.com\/fr\/664256\/"},"modified":"2026-01-15T01:40:18","modified_gmt":"2026-01-15T01:40:18","slug":"star-academy-qui-a-remporte-lultime-evaluation-et-le-choix-des-demi-finales","status":"publish","type":"post","link":"https:\/\/www.europesays.com\/fr\/664256\/","title":{"rendered":"\u00ab\u00a0Star Academy\u00a0\u00bb : qui a remport\u00e9 l&rsquo;ultime \u00e9valuation&#8230; et le choix des demi-finales ?"},"content":{"rendered":"<ul class=\"jsx-862013697 ArticleChapo__List\">\n<li class=\"jsx-862013697 ArticleChapo__List_Item flex\">Les cinq derniers \u00e9l\u00e8ves de la promo 2025 passaient leur ultime \u00e9valuation cette semaine.<\/li>\n<li class=\"jsx-862013697 ArticleChapo__List_Item flex\">Le ou la gagnante a d\u00e9croch\u00e9 le droit de choisir son adversaire en demi-finale, \u00e0 moins d&rsquo;\u00eatre \u00e9limin\u00e9 par le public.<\/li>\n<li class=\"jsx-862013697 ArticleChapo__List_Item flex\">Retrouvez la quotidienne et tous les meilleurs moments de la saison en streaming sur TF1+.<\/li>\n<\/ul>\n<p><a href=\"https:\/\/www.tf1info.fr\/actualite\/star-academy-2025-videos-replay-tf1-casting-des-candidats-nouvelle-saison-14352\/\" rel=\"noopener\" class=\"jsx-484472199 Link jsx-1428418400 jsx-798756813\" target=\"_blank\"><\/p>\n<p style=\"font-weight:400\" class=\"jsx-1837267516\">Suivez la couverture compl\u00e8te<\/p>\n<p style=\"font-weight:800\" class=\"jsx-1837267516\">Star Academy 2025<\/p>\n<p><\/a><\/p>\n<p data-module=\"article-paragraph\" class=\"jsx-157965717 Paragraph Paragraph__End\">Le frisson de la victoire n\u2019est plus tr\u00e8s loin pour les cinq meilleurs \u00e9l\u00e8ves de la Star Academy 2025. L\u00e9a, d\u00e9j\u00e0 qualifi\u00e9e apr\u00e8s avoir remport\u00e9 le d\u00e9fi des profs lors du dernier prime, Ambre, Bastiaan, Sarah ou Victor quittera l\u2019aventure samedi prochain. L\u2019enjeu des ultimes \u00e9valuations est ailleurs : celui ou celle qui livrera la meilleure performance, selon les profs, remportera le droit de choisir son adversaire en demi-finale, et donc l\u2019affiche de l\u2019autre demi-finale.<\/p>\n<p><a href=\"https:\/\/www.tf1info.fr\/culture\/programme-tv-tf1-star-academy-lea-deja-qualifiee-comment-vont-etre-designe-les-trois-autres-demi-finaliste-on-vous-explique-2418161.html\" rel=\"noopener\" class=\"jsx-3308031228 Link flex\" target=\"_blank\"><img decoding=\"async\" src=\"https:\/\/www.europesays.com\/fr\/wp-content\/uploads\/2026\/01\/star-academy-2025-top-5-81e530-0@1x.jpeg\" alt=\"TF1\" loading=\"lazy\" importance=\"low\" fetchpriority=\"low\" class=\"\" aria-hidden=\"true\"\/><\/p>\n<p class=\"jsx-3657663356 ReadMoreArticle__Title\">Lire aussi<\/p>\n<p class=\"jsx-3657663356\">\u00ab\u00a0Star Academy\u00a0\u00bb : L\u00e9a d\u00e9j\u00e0 qualifi\u00e9e, comment sera d\u00e9cid\u00e9e l\u2019affiche des demi-finales ? On vous explique<\/p>\n<p><\/a>L\u00e9a \u00ab\u00a0on fire\u00a0\u00bb<\/p>\n<p data-module=\"article-paragraph\" class=\"jsx-157965717 Paragraph Paragraph__End\">D\u00e9j\u00e0 qualifi\u00e9e, la candidate suisse n\u2019en reste pas moins motiv\u00e9e \u00e0 remporter son ultime \u00e9valuation. Sur \u00ab\u00a0On Fire\u00a0\u00bb de Lo\u00efc Nottet, elle fait parler toute sa puissance vocale, entour\u00e9e par Bastiaan et Sarah dans les r\u00f4les des danseurs. \u00ab\u00a0C\u2019est un super choix de titre\u00a0\u00bb, savoure Michael qui se voit d\u00e9j\u00e0 acheter son single, m\u00eame si elle \u00ab\u00a0a un peu d\u00e9rap\u00e9\u00a0\u00bb sur la voix de t\u00eate. \u00ab\u00a0Elle a lib\u00e9r\u00e9 le feu qui est en elle\u00a0\u00bb, juge pour sa part la prof de chant Sofia Morgavi qui salue son \u00ab\u00a0agilit\u00e9 vocale\u00a0\u00bb.<\/p>\n<p>Star Academy 2025 &#8211; L\u00e9a \u00ab\u00a0On Fire\u00a0\u00bb : une \u00e9valuation aux enjeux d\u00e9cisifsSource : Star Academy<\/p>\n<p><img decoding=\"async\" src=\"https:\/\/photos.tf1info.fr\/images\/383\/215\/lea-on-fire-une-evaluation-aux-enjeux-decisifs-7e1143-54d20b-0@1x.jpeg\" alt=\"Star Academy 2025 - L\u00e9a &quot;On Fire&quot; : une \u00e9valuation aux enjeux d\u00e9cisifs\" loading=\"lazy\" importance=\"low\" fetchpriority=\"low\" class=\"\"\/><img decoding=\"async\" src=\"https:\/\/www.tf1info.fr\/images\/icons\/player-logo-play.svg\" alt=\"Logo lecture\" class=\"jsx-d0de44c05fe3042c PlayerLazyload__Play\"\/>Victor taquin<\/p>\n<p data-module=\"article-paragraph\" class=\"jsx-157965717 Paragraph Paragraph__End\">Sauv\u00e9 par les t\u00e9l\u00e9spectateurs au d\u00e9triment d\u2019Anouk, le flamboyant candidat parisien vient interpr\u00e9ter \u00ab\u00a0Never Forget You\u00a0\u00bb de Zara Larson, \u00ab\u00a0dans les pas des ic\u00f4nes f\u00e9minines qui m\u2019ont marqu\u00e9 comme Lady Gaga, Beyonc\u00e9 et Michel Sardou\u00a0\u00bb, ironise-t-il. Perch\u00e9 sur un tabouret, il encha\u00eene les arabesques vocales dont il a le secret. Si le prof de danse Jonathan Jenvrin a pass\u00e9 \u00ab\u00a0un super bon moment\u00a0\u00bb, Michael Goldman d\u00e9plore \u00ab\u00a0le TGV de la d\u00e9monstration vocale. C\u2019est trop. Il n&rsquo;y a pas besoin d&rsquo;en faire autant\u00a0\u00bb, estime-t-il.<\/p>\n<p>Star Academy 2025 &#8211; Victor d\u00e9voile son identit\u00e9 musicale avec \u00ab Never Forget You \u00bbSource : Star Academy<\/p>\n<p><img decoding=\"async\" src=\"https:\/\/photos.tf1info.fr\/images\/383\/215\/ictor-devoile-son-identite-musicale-avec-never-forget-you-6fd966-94367a-0@1x.jpeg\" alt=\"Star Academy 2025 - Victor d\u00e9voile son identit\u00e9 musicale avec \u00ab Never Forget You \u00bb\" loading=\"lazy\" importance=\"low\" fetchpriority=\"low\" class=\"\"\/><img decoding=\"async\" src=\"https:\/\/www.tf1info.fr\/images\/icons\/player-logo-play.svg\" alt=\"Logo lecture\" class=\"jsx-d0de44c05fe3042c PlayerLazyload__Play\"\/>Ambre \u00e0 nu<\/p>\n<p data-module=\"article-paragraph\" class=\"jsx-157965717 Paragraph Paragraph__End\">La benjamine a choisi une mise en sc\u00e8ne \u00e9pur\u00e9e pour interpr\u00e9ter \u00ab\u00a0Faux Semblants\u00a0\u00bb d\u2019Anabel, un titre dont les paroles semblent faire \u00e9cho \u00e0 son enfance turbulente. \u00ab\u00a0C\u2019est une chanson que j\u2019aurais voulu \u00e9crire\u00a0\u00bb, avoue-t-elle. Durant sa prestation \u00e0 fleur de peau, ses camarades sont bouche b\u00e9e. \u00ab\u00a0Elle s\u2019est mise \u00e0 nu, j\u2019ai ador\u00e9\u00a0\u00bb, savoure Sofia Morgavi, la prof de chant. Michael se demande toutefois si le c\u00f4t\u00e9 \u00ab\u00a0r\u2019n\u2019bisant\u00a0\u00bb colle bien \u00e0 son univers, qu\u2019il juge plus rock. \u00ab\u00a0Elle m\u2019a touch\u00e9 comme jamais\u00a0\u00bb, assure Papy, le prof de th\u00e9\u00e2tre.<\/p>\n<p>Star Academy 2025 &#8211; L&rsquo;\u00e9valuation d&rsquo;Ambre sur le titre d&rsquo;AnabelSource : Star Academy<\/p>\n<p><img decoding=\"async\" src=\"https:\/\/photos.tf1info.fr\/images\/383\/215\/levaluation-dambre-sur-le-titre-danabel-4c9952-2e52e5-0@1x.jpeg\" alt=\"Star Academy 2025 - L'\u00e9valuation d'Ambre sur le titre d'Anabel\" loading=\"lazy\" importance=\"low\" fetchpriority=\"low\" class=\"\"\/><img decoding=\"async\" src=\"https:\/\/www.tf1info.fr\/images\/icons\/player-logo-play.svg\" alt=\"Logo lecture\" class=\"jsx-d0de44c05fe3042c PlayerLazyload__Play\"\/>Bastiaan cam\u00e9l\u00e9on<\/p>\n<p data-module=\"article-paragraph\" class=\"jsx-157965717 Paragraph Paragraph__End\">Sur la r\u00e9serve au d\u00e9but de l\u2019aventure, le candidat franco-n\u00e9\u00e9rlandais a gagn\u00e9 en ma\u00eetrise au fil des semaines. Sur \u00ab\u00a0bbtumadores\u00a0\u00bb de Leslie Medina, il d\u00e9voile un tableau sur lequel il raye les visages de ses quatre camarades en les comparant \u00e0 ses ex. \u00ab\u00a0J\u2019ai ador\u00e9 sa d\u00e9sinvolture et son timbre qui est comme un cam\u00e9l\u00e9on\u00a0\u00bb, insiste Sofia. \u00ab\u00a0Ce qui est fort, c\u2019est qu\u2019en plus de ses qualit\u00e9s dans tous les domaines, il a une vraie vision de direction artistique\u00a0\u00bb, observe Michael. \u00ab\u00a0C\u2019est un jeune de son temps\u00a0\u00bb, souligne Jonathan, qui aurait toutefois aim\u00e9 \u00ab\u00a0encore plus de show\u00a0\u00bb.<\/p>\n<p>Star Academy 2025 &#8211; Bastiaan donne le ton sur \u00ab\u00a0Bbtumadores\u00a0\u00bb en pr\u00e9paration de son \u00e9valuation !Source : Star Academy<\/p>\n<p><img decoding=\"async\" src=\"https:\/\/photos.tf1info.fr\/images\/383\/215\/bastiaan-donne-le-ton-sur-bbtumadores-en-preparation-de-son-evaluation-6029a1-fa3429-0@1x.jpeg\" alt=\"Star Academy 2025 - Bastiaan donne le ton sur &quot;Bbtumadores&quot; en pr\u00e9paration de son \u00e9valuation !\" loading=\"lazy\" importance=\"low\" fetchpriority=\"low\" class=\"\"\/><img decoding=\"async\" src=\"https:\/\/www.tf1info.fr\/images\/icons\/player-logo-play.svg\" alt=\"Logo lecture\" class=\"jsx-d0de44c05fe3042c PlayerLazyload__Play\"\/>Sarah la showgirl<\/p>\n<p data-module=\"article-paragraph\" class=\"jsx-157965717 Paragraph Paragraph__End\">Entour\u00e9e de Bastiaan et Victor \u00e0 la guitare pour interpr\u00e9ter \u00ab\u00a0Ok Love You Bye\u00a0\u00bb d\u2019Olivia Dean, Sarah d\u00e9barque dans une robe rouge au d\u00e9collet\u00e9 plongeant et installe une ambiance cabaret chic. Sa voix profonde fait le reste. La prof d\u2019expression sc\u00e9nique Marl\u00e8ne Schaff souligne \u00ab\u00a0l\u2019\u00e9l\u00e9gance dans le timbre et dans les gestes. Elle sait qui elle est. Elle sait o\u00f9 elle va. Et c\u2019est tr\u00e8s agr\u00e9able\u00a0\u00bb. \u00ab\u00a0Il y a eu des \u00e9valuations difficiles pour Sarah ces derniers temps. Et pour moi c\u2019est la plus belle qu\u2019elle ait fait depuis longtemps\u00a0\u00bb, estime Papy. \u00ab\u00a0Nous avons la naissance d\u2019une diva\u00a0\u00bb, conclut Sofia.<\/p>\n<p>Star Academy 2025 &#8211;  L&rsquo;\u00e9valuation de SarahSource : Star Academy<\/p>\n<p><img decoding=\"async\" src=\"https:\/\/photos.tf1info.fr\/images\/383\/215\/sarah-transforme-le-theatre-en-salle-de-concert-4a670a-9da13f-0@1x.jpeg\" alt=\"Star Academy 2025 -  L'\u00e9valuation de Sarah\" loading=\"lazy\" importance=\"low\" fetchpriority=\"low\" class=\"\"\/><img decoding=\"async\" src=\"https:\/\/www.tf1info.fr\/images\/icons\/player-logo-play.svg\" alt=\"Logo lecture\" class=\"jsx-d0de44c05fe3042c PlayerLazyload__Play\"\/><\/p>\n<p data-module=\"article-paragraph\" class=\"jsx-157965717 Paragraph Paragraph__End\">Apr\u00e8s ces cinq performances de haute vol\u00e9e, le choix est p\u00e9rilleux. C\u2019est finalement Sarah qui est d\u00e9sign\u00e9e gagnante par Michael, un avantage qui lui donnera donc le droit de choisir son adversaire en demi-finale\u2026 \u00e0 moins que les t\u00e9l\u00e9spectateurs d\u00e9cident de l\u2019\u00e9liminer. Dans ce cas, c\u2019est le deuxi\u00e8me du classement des \u00e9valuations, dont le nom n\u2019a pas \u00e9t\u00e9 d\u00e9voil\u00e9, qui aura ce privil\u00e8ge.<\/p>\n<p>J.V.<\/p>\n","protected":false},"excerpt":{"rendered":"Les cinq derniers \u00e9l\u00e8ves de la promo 2025 passaient leur ultime \u00e9valuation cette semaine. Le ou la gagnante&hellip;\n","protected":false},"author":2,"featured_media":664257,"comment_status":"","ping_status":"","sticky":false,"template":"","format":"standard","meta":{"footnotes":""},"categories":[1356],"tags":[1111,11,1921,58,59,1011,27,1922,2041,502,5095,59699,252,199,1364,133,2040],"class_list":{"0":"post-664256","1":"post","2":"type-post","3":"status-publish","4":"format-standard","5":"has-post-thumbnail","7":"category-television","8":"tag-actu","9":"tag-actualites","10":"tag-article-video","11":"tag-divertissement","12":"tag-entertainment","13":"tag-fr","14":"tag-france","15":"tag-info","16":"tag-medias-et-divertissement","17":"tag-programme-tv","18":"tag-star-academy","19":"tag-star-academy-2025","20":"tag-television","21":"tag-tf1","22":"tag-tv","23":"tag-video","24":"tag-video-culture"},"share_on_mastodon":{"url":"https:\/\/pubeurope.com\/@fr\/115896571050630105","error":""},"_links":{"self":[{"href":"https:\/\/www.europesays.com\/fr\/wp-json\/wp\/v2\/posts\/664256","targetHints":{"allow":["GET"]}}],"collection":[{"href":"https:\/\/www.europesays.com\/fr\/wp-json\/wp\/v2\/posts"}],"about":[{"href":"https:\/\/www.europesays.com\/fr\/wp-json\/wp\/v2\/types\/post"}],"author":[{"embeddable":true,"href":"https:\/\/www.europesays.com\/fr\/wp-json\/wp\/v2\/users\/2"}],"replies":[{"embeddable":true,"href":"https:\/\/www.europesays.com\/fr\/wp-json\/wp\/v2\/comments?post=664256"}],"version-history":[{"count":0,"href":"https:\/\/www.europesays.com\/fr\/wp-json\/wp\/v2\/posts\/664256\/revisions"}],"wp:featuredmedia":[{"embeddable":true,"href":"https:\/\/www.europesays.com\/fr\/wp-json\/wp\/v2\/media\/664257"}],"wp:attachment":[{"href":"https:\/\/www.europesays.com\/fr\/wp-json\/wp\/v2\/media?parent=664256"}],"wp:term":[{"taxonomy":"category","embeddable":true,"href":"https:\/\/www.europesays.com\/fr\/wp-json\/wp\/v2\/categories?post=664256"},{"taxonomy":"post_tag","embeddable":true,"href":"https:\/\/www.europesays.com\/fr\/wp-json\/wp\/v2\/tags?post=664256"}],"curies":[{"name":"wp","href":"https:\/\/api.w.org\/{rel}","templated":true}]}}