{"id":664259,"date":"2026-01-15T01:42:18","date_gmt":"2026-01-15T01:42:18","guid":{"rendered":"https:\/\/www.europesays.com\/fr\/664259\/"},"modified":"2026-01-15T01:42:18","modified_gmt":"2026-01-15T01:42:18","slug":"un-nouveau-teaser-mega-fan-service-qui-fait-vraiment-craindre-le-pire","status":"publish","type":"post","link":"https:\/\/www.europesays.com\/fr\/664259\/","title":{"rendered":"un nouveau teaser m\u00e9ga-fan service qui fait vraiment craindre le pire"},"content":{"rendered":"<p><strong><a href=\"https:\/\/www.ecranlarge.com\/films\/1485316-scream-7\" data-type=\"films\" data-id=\"796119\" target=\"_blank\" rel=\"noopener\">Scream 7<\/a> arrive en f\u00e9vrier au cin\u00e9ma, et la promo sembler crier aux fans \u00ab\u00a0CE FILM EST POUR VOUS, VENEZ LE VOIR C\u2019EST UN ORDRE\u00a0\u00bb.<\/strong><\/p>\n<p>Il y a beaucoup de raisons de soupirer face \u00e0 <strong>Scream 7<\/strong>. D\u00e9j\u00e0 parce que c\u2019est le septi\u00e8me <strong><a href=\"https:\/\/www.ecranlarge.com\/films\/1177093-scream-5\" data-type=\"films\" data-id=\"689374\" target=\"_blank\" rel=\"noopener\">Scream<\/a><\/strong> et qu\u2019\u00e0 ce stade, il faudrait un miracle pour r\u00e9inventer la roue \u2013 du type <strong>Freddy 7<\/strong>, qui la jouait m\u00e9ta exactement comme <strong>Scream<\/strong>, mais deux ans plus t\u00f4t. Ensuite, parce que le film tra\u00eene <strong>une sale odeur<\/strong> depuis que les producteurs ont <a href=\"https:\/\/www.ecranlarge.com\/films\/news\/1501434-choc-viree-scream-7-melissa-barrera-reaction-polemique\" data-type=\"link\" data-id=\"https:\/\/www.ecranlarge.com\/films\/news\/1501434-choc-viree-scream-7-melissa-barrera-reaction-polemique\" target=\"_blank\" rel=\"noopener\">vir\u00e9 l\u2019actrice Melissa Barrera<\/a> suite \u00e0 son soutien pour la Palestine sur les r\u00e9seaux sociaux, entra\u00eenant une avalanche de probl\u00e8mes. Jenna Ortega et le r\u00e9alisateur Christopher Landon ont ainsi quitt\u00e9 le projet dans la foul\u00e9e, et <strong>tout le sc\u00e9nario a \u00e9t\u00e9 r\u00e9\u00e9crit puisque les deux h\u00e9ro\u00efnes n\u2019\u00e9taient plus l\u00e0.<\/strong><\/p>\n<p>                    <img decoding=\"async\" alt=\"\" class=\"wp-image-518375\" style=\"object-fit:cover;width:25px;height:25px\" src=\"https:\/\/www.ecranlarge.com\/content\/uploads\/2023\/09\/arrow-right-circle.svg\"\/><\/p>\n<p>Les retours de <a href=\"https:\/\/www.ecranlarge.com\/personnalite\/653964-neve-campbell\" data-type=\"people\" data-id=\"305961\" target=\"_blank\" rel=\"noopener\">Neve Campbell<\/a>, qui avait claqu\u00e9 la porte de <strong><a href=\"https:\/\/www.ecranlarge.com\/films\/1416577-scream-6\" data-type=\"films\" data-id=\"691896\" target=\"_blank\" rel=\"noopener\">Scream 6<\/a><\/strong>, et <a href=\"https:\/\/www.ecranlarge.com\/personnalite\/659863-kevin-williamson-i\" data-type=\"people\" data-id=\"311318\" target=\"_blank\" rel=\"noopener\">Kevin Williamson<\/a>, le sc\u00e9nariste des deux premiers <strong>Scream<\/strong> qui sera ici \u00e0 la r\u00e9alisation, doivent donc remplir un objectif clair : d\u00e9tourner l\u2019attention, faire oublier ce bordel en coulisses, et tirer sur la corde de <strong>la nostalgie en vendant un Scream \u00ab\u00a0comme avant\u00a0\u00bb.<\/strong><\/p>\n<p>On avait d\u00e9crit la premi\u00e8re bande-annonce de <strong>Scream 7<\/strong> comme \u00ab\u00a0100% fan service\u00a0\u00bb, et on le regrette un peu puisque <strong>le nouveau petit teaser m\u00e9rite largement plus ce qualificatif.<\/strong><\/p>\n<p><a href=\"https:\/\/www.ecranlarge.com\/content\/uploads\/2025\/10\/g4guyysxeaavyfg.jpg\" target=\"_blank\" rel=\"noopener\"><\/p>\n<p><img loading=\"lazy\" decoding=\"async\" alt=\"Scream 7\" src=\"https:\/\/www.europesays.com\/fr\/wp-content\/uploads\/2025\/11\/g4guyysxeaavyfg-1260x840.jpg\" width=\"1260\" height=\"840\"  \/><\/p>\n<p><\/a>Les \u00e9quipes RP d\u00e8s qu\u2019il y aura une question sur Melissa BarreraSCREAM JEU, 7 ET MATCH<\/p>\n<p>Publi\u00e9 chez Bloody Disgusting, ce teaser sous-titr\u00e9 \u00ab\u00a0Legacy\u00a0\u00bb (\u00ab\u00a0H\u00e9ritage\u00a0\u00bb) ne dure que 30 secondes. Et un tiers est d\u00e9di\u00e9 \u00e0 des <strong>images tir\u00e9es des pr\u00e9c\u00e9dents films<\/strong>, pour montrer Sidney, Casey Becker, Casey Cooper, Cotton Weary, Dewey ou encore Gale au t\u00e9l\u00e9phone, ainsi que<strong> les visages des tueurs du premier <\/strong><strong>Scream<\/strong>, Billy Loomis et Stu\u00a0Macher.<\/p>\n<p>Le texte est on ne peut plus explicite : <\/p>\n<blockquote class=\"wp-block-quote is-layout-flow wp-block-quote-is-layout-flow\">\n<p><strong>\u00ab\u00a0Chaque coup de fil\u2026 chaque tueur\u2026 a men\u00e9 \u00e0 \u00e7a.\u00a0\u00bb<\/strong><\/p>\n<\/blockquote>\n<p>Le \u00ab\u00a0\u00e7a\u00a0\u00bb \u00e9tant <strong>Scream 7<\/strong>, puisque la suite du teaser montre des images du nouvel \u00e9pisode.<\/p>\n<p>Le message est clair, \u00e0 d\u00e9faut d\u2019\u00eatre nouveau : <strong>Scream 7<\/strong> <strong>aura un lien fort avec les pr\u00e9c\u00e9dents films.<\/strong> Les sc\u00e9naristes Kevin Williamson et Guy Busick semblent ainsi avoir d\u00e9cid\u00e9 de couper les cheveux en quatre pour que le retour de Ghostface face \u00e0 Sidney Prescott ne soit pas simplement un nouveau cauchemar, mais une histoire qui r\u00e9sonne avec les autres. C\u2019est en tout cas la promesse (ou la menace, \u00e0 vous de voir), de ce teaser.<\/p>\n<p>Ce n\u2019est pas comme si c\u2019\u00e9tait la premi\u00e8re fois que <strong>Scream<\/strong> tentait une telle man\u0153uvre. <a href=\"https:\/\/www.ecranlarge.com\/films\/dossier\/953493-le-mal-aime-scream-3-de-wes-craven\" data-type=\"link\" data-id=\"https:\/\/www.ecranlarge.com\/films\/dossier\/953493-le-mal-aime-scream-3-de-wes-craven\" target=\"_blank\" rel=\"noopener\">Le mal-aim\u00e9 <strong>Scream 3<\/strong><\/a> avait sorti de son chapeau le demi-fr\u00e8re de Sidney pour boucler la boucle, puisqu\u2019il \u00e9tait responsable du cauchemar dans le premier <strong>Scream<\/strong>, en ayant motiv\u00e9 Billy \u00e0 partir en vrille. Les r\u00e9cents \u00e9pisodes ont mis en avant Sam Carpenter, fille de Billy Loomis, et <strong>Scream 6<\/strong> avait carr\u00e9ment montr\u00e9 un petit mus\u00e9e Ghostface.<\/p>\n<p><a href=\"https:\/\/www.ecranlarge.com\/content\/uploads\/2025\/10\/g4guyyjwyaaycrt.jpg\" target=\"_blank\" rel=\"noopener\"><\/p>\n<p><img loading=\"lazy\" decoding=\"async\" alt=\"Scream 7 neve campbell\" src=\"https:\/\/www.europesays.com\/fr\/wp-content\/uploads\/2026\/01\/g4guyyjwyaaycrt-1260x840.jpg\" width=\"1260\" height=\"840\"  \/><\/p>\n<p><\/a>Sidney Presque l\u00e0 pour les bonnes raisons<\/p>\n<p><strong>Scream 7<\/strong> ayant de toute fa\u00e7on annonc\u00e9 que Dewey Riley (David Arquette), Stu Macher (l\u2019un des tueurs du premier <strong>Scream<\/strong>, jou\u00e9 par Matthew Lillard) et Roman Bridger (le tueur de <strong>Scream 3<\/strong> incarn\u00e9 par Scott Foley) seraient de retour, tout le monde a bien compris l\u2019ambition de cette \u00e9ni\u00e8me suite.<\/p>\n<p><strong>Scream 7<\/strong> <strong>sortira au cin\u00e9ma le 25 f\u00e9vrier.<\/strong> \u00c0 voir si l\u2019effet m\u00e9ga-nostalgie lui permettra de faire aussi bien au box-office que <strong>Scream 5<\/strong> (137 millions) et <strong>Scream 6<\/strong> (166 millions).<\/p>\n","protected":false},"excerpt":{"rendered":"Scream 7 arrive en f\u00e9vrier au cin\u00e9ma, et la promo sembler crier aux fans \u00ab\u00a0CE FILM EST POUR&hellip;\n","protected":false},"author":2,"featured_media":664260,"comment_status":"","ping_status":"","sticky":false,"template":"","format":"standard","meta":{"footnotes":""},"categories":[1354],"tags":[58,59,1346,1011,27,1360],"class_list":{"0":"post-664259","1":"post","2":"type-post","3":"status-publish","4":"format-standard","5":"has-post-thumbnail","7":"category-films","8":"tag-divertissement","9":"tag-entertainment","10":"tag-films","11":"tag-fr","12":"tag-france","13":"tag-movies"},"share_on_mastodon":{"url":"https:\/\/pubeurope.com\/@fr\/115896578791259236","error":""},"_links":{"self":[{"href":"https:\/\/www.europesays.com\/fr\/wp-json\/wp\/v2\/posts\/664259","targetHints":{"allow":["GET"]}}],"collection":[{"href":"https:\/\/www.europesays.com\/fr\/wp-json\/wp\/v2\/posts"}],"about":[{"href":"https:\/\/www.europesays.com\/fr\/wp-json\/wp\/v2\/types\/post"}],"author":[{"embeddable":true,"href":"https:\/\/www.europesays.com\/fr\/wp-json\/wp\/v2\/users\/2"}],"replies":[{"embeddable":true,"href":"https:\/\/www.europesays.com\/fr\/wp-json\/wp\/v2\/comments?post=664259"}],"version-history":[{"count":0,"href":"https:\/\/www.europesays.com\/fr\/wp-json\/wp\/v2\/posts\/664259\/revisions"}],"wp:featuredmedia":[{"embeddable":true,"href":"https:\/\/www.europesays.com\/fr\/wp-json\/wp\/v2\/media\/664260"}],"wp:attachment":[{"href":"https:\/\/www.europesays.com\/fr\/wp-json\/wp\/v2\/media?parent=664259"}],"wp:term":[{"taxonomy":"category","embeddable":true,"href":"https:\/\/www.europesays.com\/fr\/wp-json\/wp\/v2\/categories?post=664259"},{"taxonomy":"post_tag","embeddable":true,"href":"https:\/\/www.europesays.com\/fr\/wp-json\/wp\/v2\/tags?post=664259"}],"curies":[{"name":"wp","href":"https:\/\/api.w.org\/{rel}","templated":true}]}}