{"id":664265,"date":"2026-01-15T01:45:21","date_gmt":"2026-01-15T01:45:21","guid":{"rendered":"https:\/\/www.europesays.com\/fr\/664265\/"},"modified":"2026-01-15T01:45:21","modified_gmt":"2026-01-15T01:45:21","slug":"un-certain-type-de-jean-qui-ne-fait-pas-lunanimite-sera-partout-en-2026","status":"publish","type":"post","link":"https:\/\/www.europesays.com\/fr\/664265\/","title":{"rendered":"Un certain type de jean, qui ne fait pas l&rsquo;unanimit\u00e9, sera partout en 2026"},"content":{"rendered":"<p class=\"ap-StoryElement ap-StoryElement--mb ap-StoryText\">Mais pour Jeanne Spaey, styliste et conseill\u00e8re en image en mode durable, le jean barrel est une tendance qui revient r\u00e9guli\u00e8rement, \u00ab\u00a0mais qui ne s&rsquo;installe g\u00e9n\u00e9ralement pas sur le long terme\u00a0\u00bb, explique-t-elle.<\/p>\n<p><a href=\"https:\/\/www.lalibre.be\/lifestyle\/mode\/2025\/12\/06\/la-couleur-de-lannee-2026-vient-detre-devoilee-et-elle-ne-plait-pas-a-tout-le-monde-ZF4W644UBRGCNEC25BUHZLO5NM\/\" target=\"_self\" class=\"ap-StoryInterstitialLink ap-StoryElement ap-StoryElement--mb\" rel=\"noopener\">La couleur de l&rsquo;ann\u00e9e 2026 vient d&rsquo;\u00eatre d\u00e9voil\u00e9e, et elle ne pla\u00eet pas \u00e0 tout le monde<\/a>Pourquoi ce v\u00eatement divise-t-il ?<\/p>\n<p class=\"ap-StoryElement ap-StoryElement--mb ap-StoryText\">\u00ab\u00a0Certains l&rsquo;aiment pour sa capacit\u00e9 \u00e0 redessiner le corps et \u00e0 transformer une silhouette avec style. D&rsquo;autres, au contraire, ne l&rsquo;appr\u00e9cient pas pour ces m\u00eames raisons, car le jean barrel apporte beaucoup de volume aux jambes et peut manquer de l\u00e9g\u00e8ret\u00e9\u00a0\u00bb, reconna\u00eet la sp\u00e9cialiste.<\/p>\n<p class=\"ap-StoryElement ap-StoryElement--mb ap-StoryText\">Selon elle, le jean barrel est une pi\u00e8ce plut\u00f4t pens\u00e9e pour le style, que pour mettre la silhouette en valeur. \u00ab\u00a0Il convient mieux \u00e0 certaines morphologies, comme la silhouette en triangle invers\u00e9. Cette derni\u00e8re est une silhouette o\u00f9 le volume des \u00e9paules ou de la poitrine est plus important que celui des hanches\u00a0\u00bb, d\u00e9taille-t-elle.<\/p>\n<p class=\"ap-StoryElement ap-StoryElement--mb ap-StoryText\">Cela s&rsquo;explique par la forme \u00ab\u00a0barrel\u00a0\u00bb, (tonneau en fran\u00e7ais), qui est donc cylindrique et bomb\u00e9e, comme l&rsquo;indique son nom en anglais. Le jean est resserr\u00e9 \u00e0 la taille et devient \u00e9vas\u00e9 au niveau des hanches et des genoux, avant de se resserrer aux chevilles.<\/p>\n<p class=\"ap-StoryElement ap-StoryElement--mb ap-StoryText\">Si vous souhaitez opter pour une alternative \u00e0 cette pi\u00e8ce, qui ne pla\u00eet donc pas \u00e0 tout le monde, la conseill\u00e8re en image recommande un pantalon wide leg qui propose une coupe \u00e9vas\u00e9e, et ankle length dont la longueur s&rsquo;arr\u00eate \u00e0 la cheville, ou un jean baggy qui a une coupe large et donne un effet d\u00e9contract\u00e9.<\/p>\n<p><a href=\"https:\/\/www.lalibre.be\/lifestyle\/mode\/2026\/01\/08\/le-poetcore-serait-la-tendance-mode-pour-2026-voici-en-quoi-cela-consiste-CVKOOEKFZNHHDEXSNI4DC4YNLU\/\" target=\"_self\" class=\"ap-StoryInterstitialLink ap-StoryElement ap-StoryElement--mb\" rel=\"noopener\">Le \u00ab\u00a0poetcore\u00a0\u00bb serait la tendance mode pour 2026, voici en quoi cela consiste<\/a>Comment l&rsquo;adopter ?<\/p>\n<p class=\"ap-StoryElement ap-StoryElement--mb ap-StoryText\">Pour pouvoir le porter, la sp\u00e9cialiste d\u00e9crit l&rsquo;allure de ce pantalon comme \u00ab\u00a0assez imposante\u00a0\u00bb, sous-entendant qu&rsquo;il se porte bien \u00e0 lui tout seul, sans trop en ajouter. \u00ab\u00a0Je conseille de le porter avec des chaussures \u00e0 bout ouvert, un haut structur\u00e9 et pr\u00e8s du corps, ou avec des manches 3\/4 ou retrouss\u00e9es pour d\u00e9gager les avant-bras. Ces d\u00e9tails apportent de la l\u00e9g\u00e8ret\u00e9 \u00e0 la tenue\u00a0\u00bb, conclut Jeanne Spaey.<\/p>\n","protected":false},"excerpt":{"rendered":"Mais pour Jeanne Spaey, styliste et conseill\u00e8re en image en mode durable, le jean barrel est une tendance&hellip;\n","protected":false},"author":2,"featured_media":664266,"comment_status":"","ping_status":"","sticky":false,"template":"","format":"standard","meta":{"footnotes":""},"categories":[8],"tags":[58,59,1011,27,5693],"class_list":{"0":"post-664265","1":"post","2":"type-post","3":"status-publish","4":"format-standard","5":"has-post-thumbnail","7":"category-divertissement","8":"tag-divertissement","9":"tag-entertainment","10":"tag-fr","11":"tag-france","12":"tag-promotions-amazon"},"share_on_mastodon":{"url":"https:\/\/pubeurope.com\/@fr\/115896590456300178","error":""},"_links":{"self":[{"href":"https:\/\/www.europesays.com\/fr\/wp-json\/wp\/v2\/posts\/664265","targetHints":{"allow":["GET"]}}],"collection":[{"href":"https:\/\/www.europesays.com\/fr\/wp-json\/wp\/v2\/posts"}],"about":[{"href":"https:\/\/www.europesays.com\/fr\/wp-json\/wp\/v2\/types\/post"}],"author":[{"embeddable":true,"href":"https:\/\/www.europesays.com\/fr\/wp-json\/wp\/v2\/users\/2"}],"replies":[{"embeddable":true,"href":"https:\/\/www.europesays.com\/fr\/wp-json\/wp\/v2\/comments?post=664265"}],"version-history":[{"count":0,"href":"https:\/\/www.europesays.com\/fr\/wp-json\/wp\/v2\/posts\/664265\/revisions"}],"wp:featuredmedia":[{"embeddable":true,"href":"https:\/\/www.europesays.com\/fr\/wp-json\/wp\/v2\/media\/664266"}],"wp:attachment":[{"href":"https:\/\/www.europesays.com\/fr\/wp-json\/wp\/v2\/media?parent=664265"}],"wp:term":[{"taxonomy":"category","embeddable":true,"href":"https:\/\/www.europesays.com\/fr\/wp-json\/wp\/v2\/categories?post=664265"},{"taxonomy":"post_tag","embeddable":true,"href":"https:\/\/www.europesays.com\/fr\/wp-json\/wp\/v2\/tags?post=664265"}],"curies":[{"name":"wp","href":"https:\/\/api.w.org\/{rel}","templated":true}]}}