{"id":664267,"date":"2026-01-15T01:46:15","date_gmt":"2026-01-15T01:46:15","guid":{"rendered":"https:\/\/www.europesays.com\/fr\/664267\/"},"modified":"2026-01-15T01:46:15","modified_gmt":"2026-01-15T01:46:15","slug":"suivre-le-rapatriement-de-crew-11-en-direct","status":"publish","type":"post","link":"https:\/\/www.europesays.com\/fr\/664267\/","title":{"rendered":"suivre le rapatriement de Crew-11 en direct"},"content":{"rendered":"<p>C\u2019est une situation in\u00e9dite dans l\u2019histoire de la Station spatiale internationale (ISS). La NASA et SpaceX organisent le retour pr\u00e9cipit\u00e9 de la mission Crew-11 pour une urgence m\u00e9dicale. L\u2019\u00e9v\u00e9nement est \u00e0 suivre en direct.<\/p>\n<p>C\u2019est une premi\u00e8re pour la <a href=\"https:\/\/www.numerama.com\/sciences\/708603-ou-se-trouve-liss-en-ce-moment-au-dessus-de-la-terre.html\" target=\"_blank\" rel=\"noopener\">Station spatiale internationale<\/a>. L\u2019agence spatiale am\u00e9ricaine (NASA) et SpaceX organisent le retour pr\u00e9cipit\u00e9 d\u2019une capsule de transport Dragon avec ses quatre passagers. Une d\u00e9cision tout \u00e0 fait in\u00e9dite, motiv\u00e9e par des raisons m\u00e9dicales.<\/p>\n<p>La mission de rapatriement des astronautes en r\u00e9sum\u00e9<\/p>\n<ul class=\"wp-block-list\">\n<li><strong>Quoi ?<\/strong> Le retour anticip\u00e9 de la mission Crew-11 vers la Terre pour raisons m\u00e9dicales ;<\/li>\n<li><strong>Quand ?<\/strong> \u00c0 partir de 23h05 (heure de Paris), le 14 janvier 2026, pour un amerrissage pr\u00e9vu le lendemain \u00e0 9h41 ;<\/li>\n<li><strong>O\u00f9 ?<\/strong> Dans l\u2019oc\u00e9an Pacifique, au large de la Californie ;<\/li>\n<li><strong>Que verra-t-on ?<\/strong> Le d\u00e9part de la capsule, sa rentr\u00e9e atmosph\u00e9rique et son amerrissage.<\/li>\n<\/ul>\n<p>O\u00f9 voir le rapatriement des astronautes en direct\u00a0?<\/p>\n<p>La NASA et SpaceX assurent une \u00e9dition sp\u00e9ciale pour couvrir ce retour d\u00e9licat. Vous pouvez suivre les op\u00e9rations de r\u00e9cup\u00e9ration de l\u2019\u00e9quipage via le flux vid\u00e9o ci-dessous.<\/p>\n<blockquote class=\"twitter-tweet\" data-width=\"500\" data-dnt=\"true\">\n<p lang=\"en\" dir=\"ltr\">Watch Dragon depart the <a href=\"https:\/\/twitter.com\/Space_Station?ref_src=twsrc%5Etfw\" target=\"_blank\" rel=\"noopener\">@Space_Station<\/a> and return to Earth with the Crew-11 astronauts \u2192 <a href=\"https:\/\/t.co\/DIuBob6XCy\">https:\/\/t.co\/DIuBob6XCy<\/a>  <a href=\"https:\/\/t.co\/4EQjbBYd4B\">https:\/\/t.co\/4EQjbBYd4B<\/a><\/p>\n<p>\u2014 SpaceX (@SpaceX) <a href=\"https:\/\/twitter.com\/SpaceX\/status\/2011558825568997844?ref_src=twsrc%5Etfw\" target=\"_blank\" rel=\"noopener\">January 14, 2026<\/a><\/p><\/blockquote>\n<p>            Ce contenu est bloqu\u00e9 car vous n\u2019avez pas accept\u00e9 les cookies et autres traceurs. Ce contenu est fourni par Twitter.<br \/>Pour pouvoir le visualiser, vous devez accepter l\u2019usage \u00e9tant op\u00e9r\u00e9 par Twitter avec vos donn\u00e9es qui pourront \u00eatre utilis\u00e9es pour les finalit\u00e9s suivantes : vous permettre de visualiser et de partager des contenus avec des m\u00e9dias sociaux, favoriser le d\u00e9veloppement et l\u2019am\u00e9lioration des produits d\u2019Humanoid et de ses partenaires, vous afficher des publicit\u00e9s personnalis\u00e9es par rapport \u00e0 votre profil et activit\u00e9, vous d\u00e9finir un profil publicitaire personnalis\u00e9, mesurer la performance des publicit\u00e9s et du contenu de ce site et mesurer l\u2019audience de ce site <a href=\"#\" class=\"js-privacy\" target=\"_blank\">(en savoir plus)<\/a>        <\/p>\n<p>            En cliquant sur \u00ab J\u2019accepte tout \u00bb, vous consentez aux finalit\u00e9s susmentionn\u00e9es pour l\u2019ensemble des cookies et autres traceurs d\u00e9pos\u00e9s par Humanoid et <a class=\"embed-consent-overlay-vendors-link\" href=\"#preferences-vendeurs\">ses partenaires<\/a>.        <\/p>\n<p>            Vous gardez la possibilit\u00e9 de retirer votre consentement \u00e0 tout moment. Pour plus d\u2019informations, nous vous invitons \u00e0 prendre connaissance de notre <a href=\"https:\/\/www.numerama.com\/politique-cookies\" target=\"_blank\" rel=\"noopener\">Politique cookies<\/a>.        <\/p>\n<p>        J\u2019accepte tout    <\/p>\n<p class=\"embed-consent-overlay-manage-choices\">        <a href=\"#preferences-publicitaires\">G\u00e9rer mes choix<\/a>    <\/p>\n<\/p>\n<p>            Ce contenu est bloqu\u00e9 car vous n\u2019avez pas accept\u00e9 les cookies et autres traceurs. Ce contenu est fourni par YouTube.<br \/>Pour pouvoir le visualiser, vous devez accepter l\u2019usage \u00e9tant op\u00e9r\u00e9 par YouTube avec vos donn\u00e9es qui pourront \u00eatre utilis\u00e9es pour les finalit\u00e9s suivantes : vous permettre de visualiser et de partager des contenus avec des m\u00e9dias sociaux, favoriser le d\u00e9veloppement et l\u2019am\u00e9lioration des produits d\u2019Humanoid et de ses partenaires, vous afficher des publicit\u00e9s personnalis\u00e9es par rapport \u00e0 votre profil et activit\u00e9, vous d\u00e9finir un profil publicitaire personnalis\u00e9, mesurer la performance des publicit\u00e9s et du contenu de ce site et mesurer l\u2019audience de ce site <a href=\"#\" class=\"js-privacy\" target=\"_blank\">(en savoir plus)<\/a>        <\/p>\n<p>            En cliquant sur \u00ab J\u2019accepte tout \u00bb, vous consentez aux finalit\u00e9s susmentionn\u00e9es pour l\u2019ensemble des cookies et autres traceurs d\u00e9pos\u00e9s par Humanoid et <a class=\"embed-consent-overlay-vendors-link\" href=\"#preferences-vendeurs\">ses partenaires<\/a>.        <\/p>\n<p>            Vous gardez la possibilit\u00e9 de retirer votre consentement \u00e0 tout moment. Pour plus d\u2019informations, nous vous invitons \u00e0 prendre connaissance de notre <a href=\"https:\/\/www.numerama.com\/politique-cookies\" target=\"_blank\" rel=\"noopener\">Politique cookies<\/a>.        <\/p>\n<p>        J\u2019accepte tout    <\/p>\n<p class=\"embed-consent-overlay-manage-choices\">        <a href=\"#preferences-publicitaires\">G\u00e9rer mes choix<\/a>    <\/p>\n<p>Pourquoi la mission Crew-11 rentre-t-elle plus t\u00f4t que pr\u00e9vu\u00a0?<\/p>\n<p>L\u2019\u00e9quipage Crew-11, <a href=\"https:\/\/www.numerama.com\/sciences\/2045487-les-4-astronautes-partis-avec-une-fusee-spacex-ont-rejoint-liss-suivez-leur-entree-en-direct.html\" target=\"_blank\" rel=\"noopener\">qui a rejoint l\u2019ISS d\u00e9but ao\u00fbt 2025<\/a> pour un s\u00e9jour de six mois en orbite dans la station, doit rentrer en raison d\u2019un rapatriement sanitaire. C\u2019est une situation que <a href=\"https:\/\/www.numerama.com\/sciences\/2156549-du-jamais-vu-en-25-ans-un-equipage-de-liss-rapatrie-pour-raisons-medicales.html\" target=\"_blank\" rel=\"noopener\">la Station spatiale internationale n\u2019a jamais connue<\/a> \u00e0 ce niveau de gravit\u00e9 en 25 ans d\u2019existence. Crew-11 devait au d\u00e9part rester dans l\u2019espace jusqu\u2019en f\u00e9vrier 2026.<\/p>\n<p>Il existe du mat\u00e9riel m\u00e9dical et des proc\u00e9dures de soin pour soutenir les personnes \u00e0 bord de l\u2019ISS \u2014 et les astronautes sont form\u00e9s par ailleurs pour r\u00e9pondre \u00e0 diverses situations sensibles (y compris, par exemple, <a href=\"https:\/\/www.numerama.com\/sciences\/1617276-que-se-passe-t-il-si-un-astronaute-perd-les-pedales.html\" target=\"_blank\" rel=\"noopener\">si l\u2019un d\u2019eux devient dangereux<\/a>). Mais de toute \u00e9vidence, l\u2019\u00e9tat de sant\u00e9 a impos\u00e9 un retour sur Terre, plut\u00f4t qu\u2019un soin en orbite.<\/p>\n<p>    Pour aller plus loin<\/p>\n<p>                <img decoding=\"async\" width=\"87\" height=\"87\" loading=\"lazy\" alt=\"La sant\u00e9 des astronautes en mission dans l'espace est en danger. \/\/ Source : Pixabay (photo recadr\u00e9e)\" title=\"La sant\u00e9 des astronautes en mission dans l'espace est en danger. \/\/ Source : Pixabay (photo recadr\u00e9e)\" class=\"placeholder-default wp-image\" src=\"https:\/\/www.europesays.com\/fr\/wp-content\/uploads\/2026\/01\/asronaute-iss-sante-100x100.jpg\" \/>            <\/p>\n<p><a href=\"https:\/\/www.numerama.com\/wp-content\/uploads\/2026\/01\/crew-11.jpg\" target=\"_blank\" rel=\"noopener\"><img decoding=\"async\" width=\"1024\" height=\"819\" loading=\"lazy\" alt=\"Crew-11\" title=\"Crew-11\" class=\"wp-image-2160181 placeholder-default wp-image\" src=\"https:\/\/www.europesays.com\/fr\/wp-content\/uploads\/2026\/01\/crew-11-1024x819.jpg\" \/><\/a>Les membres de Crew-11. \/\/ Source : <a target=\"_blank\" href=\"https:\/\/www.nasa.gov\/blogs\/commercialcrew\/2026\/01\/13\/nasas-spacex-crew-11-go-for-undocking-on-wednesday\/\" rel=\"noopener\">Robert Markowitz<\/a><\/p>\n<p>La probl\u00e9matique est devenue publique lorsque la NASA a d\u00fb <a href=\"https:\/\/www.numerama.com\/sciences\/2155527-mystere-medical-dans-lespace-la-nasa-annule-la-sortie-spatiale-dun-astronaute-malade.html\" target=\"_blank\" rel=\"noreferrer noopener\">annuler une sortie extra-v\u00e9hiculaire<\/a> pour des \u00ab consid\u00e9rations m\u00e9dicales \u00bb, le 7 janvier 2026. La situation \u00e9tait alors jug\u00e9e \u00ab stable \u00bb, m\u00eame si un rapatriement a fini par s\u2019imposer \u2014 l\u2019identit\u00e9 de l\u2019astronaute en difficult\u00e9 n\u2019a pas \u00e9t\u00e9 r\u00e9v\u00e9l\u00e9e, ni son affection particuli\u00e8re.<\/p>\n<p>Chris Hadfield, ancien astronaute canadien, a d\u2019ailleurs soulign\u00e9 le caract\u00e8re in\u00e9dit de l\u2019\u00e9v\u00e9nement.<\/p>\n<p>Toujours est-il que l\u2019\u00e9quipage concern\u00e9 par cette redescente est compos\u00e9 de la commandante am\u00e9ricaine Zena Cardman, son compatriote Michael Fincke (pilote), le Japonais Kimiya Yui et le Russe Oleg Platonov (sp\u00e9cialistes de mission). Ils laissent derri\u00e8re eux les Russes Sergue\u00ef Koud-Svertchkov et Sergue\u00ef Mika\u00efev et l\u2019Am\u00e9ricain Christopher Williams.<\/p>\n<p>Quand le retour de SpaceX Crew-11 aura-t-il lieu\u00a0?<\/p>\n<p>L\u2019administrateur de la NASA a confirm\u00e9 le 9 janvier 2026 que l\u2019\u00e9quipage rentrerait t\u00f4t dans les prochains jours. <a href=\"https:\/\/www.numerama.com\/sciences\/2158705-levacuation-de-lastronaute-malade-de-liss-par-une-capsule-spacex-est-imminente.html\" target=\"_blank\" rel=\"noopener\">Le d\u00e9sarrimage de la capsule est maintenant imminent<\/a>.<\/p>\n<p>            <img decoding=\"async\" src=\"https:\/\/www.europesays.com\/fr\/wp-content\/uploads\/2025\/12\/iPhone-16-pro-vDJtn9o4_vzSsPIGCFDc5.png\" alt=\"Toute l'actu tech en un clien d'oeil\"\/><\/p>\n<p class=\"card-install-pwa__title\">Toute l&rsquo;actu tech en un clin d&rsquo;\u0153il<\/p>\n<p class=\"card-install-pwa__description\">Ajoutez Numerama \u00e0 votre \u00e9cran d&rsquo;accueil et restez connect\u00e9s au futur !<\/p>\n<p>            <img decoding=\"async\" src=\"https:\/\/www.numerama.com\/wp-content\/themes\/numerama-next\/dist\/images\/premium\/logo-card-pwa-coupe-vCvPQ_Q_ysBNfqKp6w7gG.svg\" alt=\"Logo PWA\"\/><\/p>\n<p>       Installer Numerama<\/p>\n<p>        <script async src=\"https:\/\/platform.twitter.com\/widgets.js\" charset=\"utf-8\"><\/script><\/p>\n","protected":false},"excerpt":{"rendered":"C\u2019est une situation in\u00e9dite dans l\u2019histoire de la Station spatiale internationale (ISS). La NASA et SpaceX organisent le&hellip;\n","protected":false},"author":2,"featured_media":664268,"comment_status":"","ping_status":"","sticky":false,"template":"","format":"standard","meta":{"footnotes":""},"categories":[7],"tags":[15447,1011,27,5340,333,43,40,41,39,45,23282,42,44],"class_list":{"0":"post-664267","1":"post","2":"type-post","3":"status-publish","4":"format-standard","5":"has-post-thumbnail","7":"category-sciences-et-technologies","8":"tag-daily-rocket","9":"tag-fr","10":"tag-france","11":"tag-iss","12":"tag-nasa","13":"tag-science","14":"tag-science-and-technology","15":"tag-sciences","16":"tag-sciences-et-technologies","17":"tag-spacex","18":"tag-station-spatiale","19":"tag-technologies","20":"tag-technology"},"share_on_mastodon":{"url":"https:\/\/pubeurope.com\/@fr\/115896594467928730","error":""},"_links":{"self":[{"href":"https:\/\/www.europesays.com\/fr\/wp-json\/wp\/v2\/posts\/664267","targetHints":{"allow":["GET"]}}],"collection":[{"href":"https:\/\/www.europesays.com\/fr\/wp-json\/wp\/v2\/posts"}],"about":[{"href":"https:\/\/www.europesays.com\/fr\/wp-json\/wp\/v2\/types\/post"}],"author":[{"embeddable":true,"href":"https:\/\/www.europesays.com\/fr\/wp-json\/wp\/v2\/users\/2"}],"replies":[{"embeddable":true,"href":"https:\/\/www.europesays.com\/fr\/wp-json\/wp\/v2\/comments?post=664267"}],"version-history":[{"count":0,"href":"https:\/\/www.europesays.com\/fr\/wp-json\/wp\/v2\/posts\/664267\/revisions"}],"wp:featuredmedia":[{"embeddable":true,"href":"https:\/\/www.europesays.com\/fr\/wp-json\/wp\/v2\/media\/664268"}],"wp:attachment":[{"href":"https:\/\/www.europesays.com\/fr\/wp-json\/wp\/v2\/media?parent=664267"}],"wp:term":[{"taxonomy":"category","embeddable":true,"href":"https:\/\/www.europesays.com\/fr\/wp-json\/wp\/v2\/categories?post=664267"},{"taxonomy":"post_tag","embeddable":true,"href":"https:\/\/www.europesays.com\/fr\/wp-json\/wp\/v2\/tags?post=664267"}],"curies":[{"name":"wp","href":"https:\/\/api.w.org\/{rel}","templated":true}]}}