{"id":664277,"date":"2026-01-15T01:51:40","date_gmt":"2026-01-15T01:51:40","guid":{"rendered":"https:\/\/www.europesays.com\/fr\/664277\/"},"modified":"2026-01-15T01:51:40","modified_gmt":"2026-01-15T01:51:40","slug":"le-declin-de-la-rue-de-la-paix","status":"publish","type":"post","link":"https:\/\/www.europesays.com\/fr\/664277\/","title":{"rendered":"le d\u00e9clin de la rue de la Paix"},"content":{"rendered":"<p>La rue de la Paix \u00e9tait primitivement un simple chemin, assez bossel\u00e9, reliant la rue du March\u00e9 \u00e0 la prairie du Breuil. On l\u2019appelait rue de la Tuilerie car elle menait \u00e0 une tuilerie-briqu\u00e8terie. Avec la cr\u00e9ation du nouveau centre-ville autour de la place du Breuil, de nouvelles constructions s\u2019\u00e9lev\u00e8rent le long de cette voie.<\/p>\n<p>Le 24\u00a0juillet 1859, le conseil municipal lui donnait le nom de rue de la Paix, pour comm\u00e9morer la paix de Villafranca qui mettait fin \u00e0 la campagne d\u2019Italie men\u00e9e par Napol\u00e9on III.<\/p>\n<p>Quand la ville d\u00e9cida de niveler le sol de&#8230;<\/p>\n","protected":false},"excerpt":{"rendered":"La rue de la Paix \u00e9tait primitivement un simple chemin, assez bossel\u00e9, reliant la rue du March\u00e9 \u00e0&hellip;\n","protected":false},"author":2,"featured_media":664278,"comment_status":"","ping_status":"","sticky":false,"template":"","format":"standard","meta":{"footnotes":""},"categories":[9653],"tags":[1111,11,2430,7539,1777,674,10282,10283,1011,27,937,12,25,4001,104],"class_list":{"0":"post-664277","1":"post","2":"type-post","3":"status-publish","4":"format-standard","5":"has-post-thumbnail","7":"category-saint-etienne","8":"tag-actu","9":"tag-actualites","10":"tag-auvergne-rhone-alpes","11":"tag-edition-loire-sud","12":"tag-eu","13":"tag-europe","14":"tag-firminy","15":"tag-firminy-ville","16":"tag-fr","17":"tag-france","18":"tag-histoire","19":"tag-news","20":"tag-republique-francaise","21":"tag-saint-etienne","22":"tag-societe"},"share_on_mastodon":{"url":"https:\/\/pubeurope.com\/@fr\/115896613951846970","error":""},"_links":{"self":[{"href":"https:\/\/www.europesays.com\/fr\/wp-json\/wp\/v2\/posts\/664277","targetHints":{"allow":["GET"]}}],"collection":[{"href":"https:\/\/www.europesays.com\/fr\/wp-json\/wp\/v2\/posts"}],"about":[{"href":"https:\/\/www.europesays.com\/fr\/wp-json\/wp\/v2\/types\/post"}],"author":[{"embeddable":true,"href":"https:\/\/www.europesays.com\/fr\/wp-json\/wp\/v2\/users\/2"}],"replies":[{"embeddable":true,"href":"https:\/\/www.europesays.com\/fr\/wp-json\/wp\/v2\/comments?post=664277"}],"version-history":[{"count":0,"href":"https:\/\/www.europesays.com\/fr\/wp-json\/wp\/v2\/posts\/664277\/revisions"}],"wp:featuredmedia":[{"embeddable":true,"href":"https:\/\/www.europesays.com\/fr\/wp-json\/wp\/v2\/media\/664278"}],"wp:attachment":[{"href":"https:\/\/www.europesays.com\/fr\/wp-json\/wp\/v2\/media?parent=664277"}],"wp:term":[{"taxonomy":"category","embeddable":true,"href":"https:\/\/www.europesays.com\/fr\/wp-json\/wp\/v2\/categories?post=664277"},{"taxonomy":"post_tag","embeddable":true,"href":"https:\/\/www.europesays.com\/fr\/wp-json\/wp\/v2\/tags?post=664277"}],"curies":[{"name":"wp","href":"https:\/\/api.w.org\/{rel}","templated":true}]}}