{"id":664279,"date":"2026-01-15T01:52:13","date_gmt":"2026-01-15T01:52:13","guid":{"rendered":"https:\/\/www.europesays.com\/fr\/664279\/"},"modified":"2026-01-15T01:52:13","modified_gmt":"2026-01-15T01:52:13","slug":"une-victoire-en-semaine-qui-change-tout","status":"publish","type":"post","link":"https:\/\/www.europesays.com\/fr\/664279\/","title":{"rendered":"Une victoire en semaine qui change tout !"},"content":{"rendered":"<p><strong>Le championnat d&rsquo;Arkema Premi\u00e8re Ligue fait son grand retour. Derni\u00e8re, les Vertes <a href=\"https:\/\/www.google.com\/search?q=asse+om+f%C3%A9minines&amp;oq=asse+om+f%C3%A9minines+&amp;gs_lcrp=EgRlZGdlKgYIABBFGDkyBggAEEUYOTIGCAEQRRg7MggIAhAAGBYYHjIICAMQABgWGB4yCAgEEAAYFhgeMggIBRAAGBYYHjIGCAYQRRg8MgYIBxBFGDwyBggIEEUYPNIBCDQ3NDVqMGo0qAIAsAIA&amp;sourceid=chrome&amp;ie=UTF-8#sie=m;\/g\/11yg6j0c6p;2;\/m\/06gr__;dt;fp;1;;;;-1\" target=\"_blank\" rel=\"noopener\">affrontaient l&rsquo;OM<\/a> et d\u00e9fieront Nantes ce week-end. L&rsquo;effectif de S\u00e9bastien Joseph devra prendre le plus de points possible pour quitter cette place de lanterne rouge.<\/strong><\/p>\n<p><a href=\"https:\/\/peuple-vert.fr\/feminines\/asse-om-arkema-premiere-ligue-3\/\" target=\"_blank\" rel=\"noopener\">Battue s\u00e8chement 4-0 \u00e0 l&rsquo;aller<\/a>, l&rsquo;ASSE devait absoument r\u00e9agir lors de cette affiche pour me maintien. Avant la rencontre, les deux \u00e9quipes \u00e9taient s\u00e9par\u00e9es de six points. En d\u00e9but d&rsquo;ann\u00e9e 2026, S\u00e9bastien Joseph <a href=\"https:\/\/www.asse.fr\/fr\/actualites\/sebastien-joseph-on-a-toujours-l-envie-de-se-qualifier-peu-importe-l-adversaire--ac39919\" target=\"_blank\" rel=\"noopener\">s&rsquo;\u00e9tait exprim\u00e9 sur l&rsquo;importance de cette seconde partie de saison.<\/a><\/p>\n<p>\u00ab\u00a0Il est encore possible d\u2019aller chercher la zone de maintien, nous ne sommes pas d\u00e9croch\u00e9s et on peut encore garder l\u2019objectif d\u2019aller chercher plus haut que le maintien. Il faut reconna\u00eetre que, pour l\u2019instant, dans le jeu, on n\u2019y arrive pas, mais on n\u2019est pas loin. On n\u2019est pas dans la situation des \u00e9quipes totalement d\u00e9croch\u00e9es lors des pr\u00e9c\u00e9dentes saisons d\u2019Arkema Premi\u00e8re Ligue. C\u2019est \u00e0 nous d\u2019avoir plus d\u2019ambition et plus d\u2019agressivit\u00e9 pour que les matchs basculent en notre faveur.\u00a0\u00bb<\/p>\n<p>OM &#8211; ASSE Le r\u00e9sum\u00e9<\/p>\n<blockquote class=\"twitter-tweet\" data-media-max-width=\"560\">\n<p dir=\"ltr\" lang=\"fr\">Les XI Vertes pr\u00eates \u00e0 affronter Marseille \ud83d\udc4a<\/p>\n<p>Avec la premi\u00e8re titularisation de Moira Kelley dans ce <a href=\"https:\/\/twitter.com\/hashtag\/OMASSE?src=hash&amp;ref_src=twsrc%5Etfw\" target=\"_blank\" rel=\"noopener\">#OMASSE<\/a> \ud83c\udd95 <a href=\"https:\/\/t.co\/OOBQytpXuF\">pic.twitter.com\/OOBQytpXuF<\/a><\/p>\n<p>\u2014 ASSE F\u00e9minines \ud83d\udc78 (@ASSEFeminines) <a href=\"https:\/\/twitter.com\/ASSEFeminines\/status\/2011485778291912705?ref_src=twsrc%5Etfw\" target=\"_blank\" rel=\"noopener\">January 14, 2026<\/a><\/p>\n<\/blockquote>\n<p>\u00a0<\/p>\n<p>La premi\u00e8re mi-temps est \u00e9quilibr\u00e9e entre les deux \u00e9quipes. L&rsquo;ASSE s&rsquo;essaie \u00e0 plusieurs reprises, \u00e0 l&rsquo;image de Sofie Hornemann. Apr\u00e8s avoir manqu\u00e9 le cadre une premi\u00e8re fois, la st\u00e9phanoise cadre sa seconde frappe. La gardienne de l&rsquo;OM sort une belle parade.<\/p>\n<p>A la mi-temps du match, les deux \u00e9quipes rentrent aux vestiaires sur un score logique de 0-0.<\/p>\n<p>Tr\u00e8s t\u00f4t, lors de la seconde mi-temps, l&rsquo;ASSE ouvre le score ! Les Vertes concr\u00e9tisent tr\u00e8s t\u00f4t, et c&rsquo;est m\u00e9rit\u00e9 car la seconde mi-temps est de bonne qualit\u00e9. De son c\u00f4t\u00e9, Gajic permet aux st\u00e9phanoises de conserver son avantage.<\/p>\n<p>Nadjma Ali Nadjim, Chlo\u00e9 Tapia, H\u00e9lo\u00efse Mansuy, Marion Romanelli et Kayla Bradford-Williams rentrent en jeu. Les Vertes parviennent \u00e0 conserver leur avantage jusqu&rsquo;\u00e0 la fin de la saison. Une tr\u00e8s belle op\u00e9ration pour l&rsquo;ASSE qui s&rsquo;impose 1-0.<\/p>\n<p>Une victoire ultra importante<\/p>\n<p>L&rsquo;ASSE s&rsquo;impose et remporte un match capital ! Les Vertes reviennent \u00e0 3 points de leur adversaire du soir, mais restent dans la zone de rel\u00e9gation, puisque l&rsquo;ASSE s&rsquo;est inclin\u00e9e 1-0 face \u00e0 Lens. Cependant, elles passent devant Montpellier qui s&rsquo;est inclin\u00e9eStrasbourg ! Prochain rendez-vous, ce samedi 17h \u00e0 domcile face \u00e0 Nantes.<\/p>\n<p>\t\t\t\t\t\t\t\t\t\t\t\t\t\t\t\t\t<script async src=\"https:\/\/platform.twitter.com\/widgets.js\" charset=\"utf-8\"><\/script><\/p>\n","protected":false},"excerpt":{"rendered":"Le championnat d&rsquo;Arkema Premi\u00e8re Ligue fait son grand retour. Derni\u00e8re, les Vertes affrontaient l&rsquo;OM et d\u00e9fieront Nantes ce&hellip;\n","protected":false},"author":2,"featured_media":664280,"comment_status":"","ping_status":"","sticky":false,"template":"","format":"standard","meta":{"footnotes":""},"categories":[9653],"tags":[1111,11,2430,1777,674,1011,27,12,25,4001],"class_list":{"0":"post-664279","1":"post","2":"type-post","3":"status-publish","4":"format-standard","5":"has-post-thumbnail","7":"category-saint-etienne","8":"tag-actu","9":"tag-actualites","10":"tag-auvergne-rhone-alpes","11":"tag-eu","12":"tag-europe","13":"tag-fr","14":"tag-france","15":"tag-news","16":"tag-republique-francaise","17":"tag-saint-etienne"},"share_on_mastodon":{"url":"https:\/\/pubeurope.com\/@fr\/115896617775733321","error":""},"_links":{"self":[{"href":"https:\/\/www.europesays.com\/fr\/wp-json\/wp\/v2\/posts\/664279","targetHints":{"allow":["GET"]}}],"collection":[{"href":"https:\/\/www.europesays.com\/fr\/wp-json\/wp\/v2\/posts"}],"about":[{"href":"https:\/\/www.europesays.com\/fr\/wp-json\/wp\/v2\/types\/post"}],"author":[{"embeddable":true,"href":"https:\/\/www.europesays.com\/fr\/wp-json\/wp\/v2\/users\/2"}],"replies":[{"embeddable":true,"href":"https:\/\/www.europesays.com\/fr\/wp-json\/wp\/v2\/comments?post=664279"}],"version-history":[{"count":0,"href":"https:\/\/www.europesays.com\/fr\/wp-json\/wp\/v2\/posts\/664279\/revisions"}],"wp:featuredmedia":[{"embeddable":true,"href":"https:\/\/www.europesays.com\/fr\/wp-json\/wp\/v2\/media\/664280"}],"wp:attachment":[{"href":"https:\/\/www.europesays.com\/fr\/wp-json\/wp\/v2\/media?parent=664279"}],"wp:term":[{"taxonomy":"category","embeddable":true,"href":"https:\/\/www.europesays.com\/fr\/wp-json\/wp\/v2\/categories?post=664279"},{"taxonomy":"post_tag","embeddable":true,"href":"https:\/\/www.europesays.com\/fr\/wp-json\/wp\/v2\/tags?post=664279"}],"curies":[{"name":"wp","href":"https:\/\/api.w.org\/{rel}","templated":true}]}}