{"id":664297,"date":"2026-01-15T02:04:11","date_gmt":"2026-01-15T02:04:11","guid":{"rendered":"https:\/\/www.europesays.com\/fr\/664297\/"},"modified":"2026-01-15T02:04:11","modified_gmt":"2026-01-15T02:04:11","slug":"olivier-letang-et-bruno-genesio-suspendus-par-la-lfp-apres-lille-rennes-france-lille-osc","status":"publish","type":"post","link":"https:\/\/www.europesays.com\/fr\/664297\/","title":{"rendered":"Olivier L\u00e9tang et Bruno Genesio suspendus par la LFP apr\u00e8s Lille-Rennes &#8211; France &#8211; Lille OSC"},"content":{"rendered":"<p>La Ligue a d\u00e9cid\u00e9 de s\u00e9vir. <a target=\"_blank\" href=\"https:\/\/www.sofoot.com\/breves\/lille-rennes-olivier-letang-et-bruno-genesio-furieux-contre-larbitrage-des-la-pause\" rel=\"noopener\">Fous furieux contre l\u2019arbitrage d\u2019Eric Wattellier<\/a> le 3 janvier dernier lors de la d\u00e9faite du LOSC \u00e0 domicile contre Rennes, <strong>Olivier L\u00e9tang et Bruno Genesio ont \u00e9t\u00e9 sanctionn\u00e9s par la LFP<\/strong> ce mercredi soir. <strong>Le pr\u00e9sident lillois a \u00e9t\u00e9 suspendu de tout acc\u00e8s aux matchs de son \u00e9quipe jusqu\u2019au 31 mars prochain<\/strong>. Cette suspension est assortie, en plus des bancs de touche, des vestiaires des officiels et de ses fonctions de pr\u00e9sident, d\u2019une interdiction d\u2019acc\u00e8s au vestiaire de son \u00e9quipe jusqu\u2019au 15 f\u00e9vrier prochain.<\/p>\n<p>Les sanctions entreront en vigueur apr\u00e8s le d\u00e9placement \u00e0 Paris<\/p>\n<p>De son c\u00f4t\u00e9, <strong>l\u2019entra\u00eeneur du LOSC a \u00e9cop\u00e9 d\u2019un match de suspension ferme et d\u2019une rencontre avec sursis<\/strong>. Cette d\u00e9cision le prive \u00e9galement de toutes ses fonctions officielles. \u00c9tant donn\u00e9 que les sanctions prendront effet le 20 janvier prochain, L\u00e9tang et Genesio pourront accompagner les leurs ce vendredi pour affronter le PSG au Parc. Pass\u00e9 cette date, pour la r\u00e9ception de Strasbourg, le 25 janvier prochain, l\u2019entra\u00eeneur adjoint J\u00e9r\u00e9mie Br\u00e9chet prendra le court int\u00e9rim sur le banc des Dogues.<\/p>\n<p>\u00c7a leur laissera le temps de r\u00e9fl\u00e9chir <a target=\"_blank\" href=\"https:\/\/www.sofoot.com\/breves\/lille-rennes-olivier-letang-et-bruno-genesio-furieux-contre-larbitrage-des-la-pause\" rel=\"noopener\">\u00e0 leurs agissements<\/a>.<\/p>\n<p>\t\t\t\t\t\t\t\t\t\t<a class=\"lien-connexe\" href=\"https:\/\/www.sofoot.com\/articles\/coupe-de-france-les-tops-et-les-flops-de-lille-lyon\" target=\"_blank\" rel=\"noopener\">Les tops et les flops de Lille-Lyon<\/a>\t\t\t\t\t<\/p>\n","protected":false},"excerpt":{"rendered":"La Ligue a d\u00e9cid\u00e9 de s\u00e9vir. Fous furieux contre l\u2019arbitrage d\u2019Eric Wattellier le 3 janvier dernier lors de&hellip;\n","protected":false},"author":2,"featured_media":664298,"comment_status":"","ping_status":"","sticky":false,"template":"","format":"standard","meta":{"footnotes":""},"categories":[2821],"tags":[1111,47,11,61,829,69,65,64,1777,674,63,1011,27,68,66,12,62,70,584,25,67],"class_list":{"0":"post-664297","1":"post","2":"type-post","3":"status-publish","4":"format-standard","5":"has-post-thumbnail","7":"category-rennes","8":"tag-actu","9":"tag-actualite","10":"tag-actualites","11":"tag-actus-football","12":"tag-bretagne","13":"tag-bundesliga","14":"tag-championnats-europeens","15":"tag-equipe-de-france","16":"tag-eu","17":"tag-europe","18":"tag-football","19":"tag-fr","20":"tag-france","21":"tag-ligua","22":"tag-ligue-1","23":"tag-news","24":"tag-news-foot","25":"tag-premier-league","26":"tag-rennes","27":"tag-republique-francaise","28":"tag-serie-a"},"share_on_mastodon":{"url":"https:\/\/pubeurope.com\/@fr\/115896664954280266","error":""},"_links":{"self":[{"href":"https:\/\/www.europesays.com\/fr\/wp-json\/wp\/v2\/posts\/664297","targetHints":{"allow":["GET"]}}],"collection":[{"href":"https:\/\/www.europesays.com\/fr\/wp-json\/wp\/v2\/posts"}],"about":[{"href":"https:\/\/www.europesays.com\/fr\/wp-json\/wp\/v2\/types\/post"}],"author":[{"embeddable":true,"href":"https:\/\/www.europesays.com\/fr\/wp-json\/wp\/v2\/users\/2"}],"replies":[{"embeddable":true,"href":"https:\/\/www.europesays.com\/fr\/wp-json\/wp\/v2\/comments?post=664297"}],"version-history":[{"count":0,"href":"https:\/\/www.europesays.com\/fr\/wp-json\/wp\/v2\/posts\/664297\/revisions"}],"wp:featuredmedia":[{"embeddable":true,"href":"https:\/\/www.europesays.com\/fr\/wp-json\/wp\/v2\/media\/664298"}],"wp:attachment":[{"href":"https:\/\/www.europesays.com\/fr\/wp-json\/wp\/v2\/media?parent=664297"}],"wp:term":[{"taxonomy":"category","embeddable":true,"href":"https:\/\/www.europesays.com\/fr\/wp-json\/wp\/v2\/categories?post=664297"},{"taxonomy":"post_tag","embeddable":true,"href":"https:\/\/www.europesays.com\/fr\/wp-json\/wp\/v2\/tags?post=664297"}],"curies":[{"name":"wp","href":"https:\/\/api.w.org\/{rel}","templated":true}]}}