{"id":664299,"date":"2026-01-15T02:05:31","date_gmt":"2026-01-15T02:05:31","guid":{"rendered":"https:\/\/www.europesays.com\/fr\/664299\/"},"modified":"2026-01-15T02:05:31","modified_gmt":"2026-01-15T02:05:31","slug":"strasbourg-une-nouvelle-directrice-pour-linet","status":"publish","type":"post","link":"https:\/\/www.europesays.com\/fr\/664299\/","title":{"rendered":"Strasbourg. Une nouvelle directrice pour l\u2019Inet"},"content":{"rendered":"<p>Rapha\u00eblle Pointereau a succ\u00e9d\u00e9 \u00e0 <a href=\"https:\/\/www.dna.fr\/education\/2022\/10\/17\/belkacem-mehaddi-nouveau-directeur-de-l-inet\" target=\"_blank\" rel=\"noopener\">Belkacem Mehaddi<\/a> \u00e0 la direction de l\u2019Institut national des \u00e9tudes territoriales (Inet), situ\u00e9 rue Michelet, sur la presqu\u2019\u00eele Malraux \u00e0 Strasbourg, en octobre dernier. Elle est l\u2019ancienne directrice g\u00e9n\u00e9rale de la facult\u00e9 des sciences et ing\u00e9nierie \u00e0 Sorbonne Universit\u00e9 \u00e0 Paris.<\/p>\n<p>Administratrice territoriale, elle-m\u00eame form\u00e9e \u00e0 l\u2019Inet, elle est \u00e9galement directrice g\u00e9n\u00e9rale adjointe du Centre national de la fonction publique territoriale (CNFPT). Elle pilote donc les sujets relatifs \u00e0 l\u2019\u00e9volution des comp\u00e9tences et des m\u00e9tiers, en organisant les concours de la haute fonction publique territoriale.<\/p>\n<p>Rapha\u00eblle Pointereau a \u00e9t\u00e9 directrice adjointe des sports, puis directrice adjointe des ressources humaines \u00e0 la Ville et \u00e0 la communaut\u00e9 urbaine de Reims (Marne) \u00e0 partir de 2012. Elle a ensuite particip\u00e9 \u00e0 la cr\u00e9ation de l\u2019Universit\u00e9 Paris Cit\u00e9, n\u00e9e d\u2019une fusion d\u2019\u00e9tablissements, puis elle en est devenue directrice g\u00e9n\u00e9rale adjointe en charge des ressources humaines.<\/p>\n<p>L\u2019Inet accueille chaque ann\u00e9e pr\u00e8s de 4\u00a0000 cadres territoriaux exer\u00e7ant des fonctions de responsabilit\u00e9s ou s\u2019y pr\u00e9parant\ufeff\u00a0: attach\u00e9s, administrateurs, ing\u00e9nieurs, conservateurs, m\u00e9decins, officiers sapeurs-pompiers, directeurs\u2026<\/p>\n","protected":false},"excerpt":{"rendered":"Rapha\u00eblle Pointereau a succ\u00e9d\u00e9 \u00e0 Belkacem Mehaddi \u00e0 la direction de l\u2019Institut national des \u00e9tudes territoriales (Inet), situ\u00e9&hellip;\n","protected":false},"author":2,"featured_media":664300,"comment_status":"","ping_status":"","sticky":false,"template":"","format":"standard","meta":{"footnotes":""},"categories":[2820],"tags":[1111,11,2389,2649,2880,1057,1777,674,107,1011,27,775,12,25,104,640,2879],"class_list":{"0":"post-664299","1":"post","2":"type-post","3":"status-publish","4":"format-standard","5":"has-post-thumbnail","7":"category-strasbourg","8":"tag-actu","9":"tag-actualites","10":"tag-alsace","11":"tag-bas-rhin","12":"tag-edition-strasbourg","13":"tag-education","14":"tag-eu","15":"tag-europe","16":"tag-fil-info","17":"tag-fr","18":"tag-france","19":"tag-grand-est","20":"tag-news","21":"tag-republique-francaise","22":"tag-societe","23":"tag-strasbourg","24":"tag-strasbourg-ville"},"share_on_mastodon":{"url":"https:\/\/pubeurope.com\/@fr\/115896668835094707","error":""},"_links":{"self":[{"href":"https:\/\/www.europesays.com\/fr\/wp-json\/wp\/v2\/posts\/664299","targetHints":{"allow":["GET"]}}],"collection":[{"href":"https:\/\/www.europesays.com\/fr\/wp-json\/wp\/v2\/posts"}],"about":[{"href":"https:\/\/www.europesays.com\/fr\/wp-json\/wp\/v2\/types\/post"}],"author":[{"embeddable":true,"href":"https:\/\/www.europesays.com\/fr\/wp-json\/wp\/v2\/users\/2"}],"replies":[{"embeddable":true,"href":"https:\/\/www.europesays.com\/fr\/wp-json\/wp\/v2\/comments?post=664299"}],"version-history":[{"count":0,"href":"https:\/\/www.europesays.com\/fr\/wp-json\/wp\/v2\/posts\/664299\/revisions"}],"wp:featuredmedia":[{"embeddable":true,"href":"https:\/\/www.europesays.com\/fr\/wp-json\/wp\/v2\/media\/664300"}],"wp:attachment":[{"href":"https:\/\/www.europesays.com\/fr\/wp-json\/wp\/v2\/media?parent=664299"}],"wp:term":[{"taxonomy":"category","embeddable":true,"href":"https:\/\/www.europesays.com\/fr\/wp-json\/wp\/v2\/categories?post=664299"},{"taxonomy":"post_tag","embeddable":true,"href":"https:\/\/www.europesays.com\/fr\/wp-json\/wp\/v2\/tags?post=664299"}],"curies":[{"name":"wp","href":"https:\/\/api.w.org\/{rel}","templated":true}]}}