{"id":664301,"date":"2026-01-15T02:06:23","date_gmt":"2026-01-15T02:06:23","guid":{"rendered":"https:\/\/www.europesays.com\/fr\/664301\/"},"modified":"2026-01-15T02:06:23","modified_gmt":"2026-01-15T02:06:23","slug":"le-celebre-opera-national-de-strasbourg-va-soffrir-un-incroyable-lifting-a-120-millions-deuros","status":"publish","type":"post","link":"https:\/\/www.europesays.com\/fr\/664301\/","title":{"rendered":"Le c\u00e9l\u00e8bre Op\u00e9ra national de Strasbourg va s&rsquo;offrir un incroyable lifting \u00e0 120 millions d&rsquo;euros"},"content":{"rendered":"<p data-start=\"1071\" data-end=\"1528\">\u00c0 l\u2019automne 2028, l\u2019Op\u00e9ra national du Rhin fermera temporairement ses portes. Non pas par essoufflement, mais pour mieux se r\u00e9inventer.<strong> Le b\u00e2timent actuel, malgr\u00e9 son prestige, accuse le poids des ann\u00e9es\u00a0: <\/strong>visibilit\u00e9 imparfaite, contraintes techniques, espaces devenus inadapt\u00e9s aux exigences contemporaines du spectacle vivant.<strong> La r\u00e9novation, pr\u00e9vue jusqu\u2019\u00e0 fin 2033, vise \u00e0 corriger ces failles structurelles<\/strong> tout en projetant l\u2019Op\u00e9ra dans le XXI\u1d49 si\u00e8cle. Mais \u00e0 Strasbourg, la culture ne se met pas sur pause. Pendant ces cinq ann\u00e9es de travaux, l\u2019Op\u00e9ra continuera de jouer, de chanter, de faire vibrer la ville, simplement ailleurs\u00a0!<\/p>\n<p><strong data-start=\"1714\" data-end=\"1772\">Le Palais des F\u00eates, sc\u00e8ne inattendue mais strat\u00e9gique<\/strong><\/p>\n<p data-start=\"1773\" data-end=\"2085\">C\u2019est le Palais des F\u00eates, b\u00e2timent embl\u00e9matique inscrit aux Monuments historiques, qui accueillera l\u2019Op\u00e9ra \u201chors les murs\u201d. Un choix \u00e0 la fois symbolique et pragmatique. Jusqu\u2019ici d\u00e9di\u00e9 \u00e0 des concerts et spectacles de moindre envergure,<strong> le lieu va conna\u00eetre une transformation profonde \u00e0 partir de juillet 2026. <\/strong>Fosse d\u2019orchestre de 100 m\u00b2, gradins, loges, monte-d\u00e9cors, espaces de stockage, am\u00e9lioration de l\u2019acoustique et de la s\u00e9curit\u00e9\u00a0: tout est pens\u00e9 pour permettre une programmation lyrique ambitieuse. Et surtout, ces am\u00e9nagements ne seront pas de simples installations temporaires. Une partie d\u2019entre eux restera, r\u00e9pondant \u00e0 des besoins exprim\u00e9s depuis longtemps par les acteurs culturels locaux.<\/p>\n<blockquote class=\"instagram-media\" data-instgrm-permalink=\"https:\/\/www.instagram.com\/p\/DSQFUL1gcyp\/?utm_source=ig_embed&amp;utm_campaign=loading\" data-instgrm-version=\"14\" style=\"background: #FFF; border: 0; border-radius: 3px; box-shadow: 0 0 1px 0 rgba(0,0,0,0.5),0 1px 10px 0 rgba(0,0,0,0.15); margin: 1px; max-width: 540px; min-width: 326px; padding: 0; width: calc(100% - 2px);\">\n<\/blockquote>\n<p><strong data-start=\"2618\" data-end=\"2671\">Moins de places, mais une autre id\u00e9e du spectacle<\/strong><\/p>\n<p data-start=\"2672\" data-end=\"2990\">Avec environ<strong> 660 places contre 1 100 dans l\u2019Op\u00e9ra actuel,<\/strong> la jauge sera r\u00e9duite. Un inconv\u00e9nient\u00a0? Pas forc\u00e9ment. Aujourd\u2019hui, pr\u00e8s d\u2019un si\u00e8ge sur deux offre une visibilit\u00e9 partielle. Demain, chaque spectateur devrait b\u00e9n\u00e9ficier d\u2019une \u00e9coute et d\u2019une vision optimales. Une exp\u00e9rience plus intime, plus exigeante aussi. Ce projet c&rsquo;est avant tout la volont\u00e9 de Strasbourg de repenser ses lieux culturels non comme des monuments fig\u00e9s, mais comme des espaces vivants, capables d\u2019\u00e9voluer sans renier leur histoire. Une mue lente, co\u00fbteuse, mais n\u00e9cessaire\u00a0!<\/p>\n<p>Op\u00e9ra national du Rhin<\/p>\n<li class=\"address info\">19, place Broglie Strasbourg<\/li>\n<li class=\"opening-hours\">Lundi &#8211; vendredi : 12:30 &#8211; 18:30<\/li>\n<li class=\"opening-hours close\">Samedi &#8211; dimanche : Ferm\u00e9<\/li>\n<p><script async src=\"\/\/www.instagram.com\/embed.js\"><\/script><\/p>\n","protected":false},"excerpt":{"rendered":"\u00c0 l\u2019automne 2028, l\u2019Op\u00e9ra national du Rhin fermera temporairement ses portes. Non pas par essoufflement, mais pour mieux&hellip;\n","protected":false},"author":2,"featured_media":664302,"comment_status":"","ping_status":"","sticky":false,"template":"","format":"standard","meta":{"footnotes":""},"categories":[2820],"tags":[1111,11,1777,674,1011,27,775,12,25,640],"class_list":{"0":"post-664301","1":"post","2":"type-post","3":"status-publish","4":"format-standard","5":"has-post-thumbnail","7":"category-strasbourg","8":"tag-actu","9":"tag-actualites","10":"tag-eu","11":"tag-europe","12":"tag-fr","13":"tag-france","14":"tag-grand-est","15":"tag-news","16":"tag-republique-francaise","17":"tag-strasbourg"},"share_on_mastodon":{"url":"https:\/\/pubeurope.com\/@fr\/115896672804945195","error":""},"_links":{"self":[{"href":"https:\/\/www.europesays.com\/fr\/wp-json\/wp\/v2\/posts\/664301","targetHints":{"allow":["GET"]}}],"collection":[{"href":"https:\/\/www.europesays.com\/fr\/wp-json\/wp\/v2\/posts"}],"about":[{"href":"https:\/\/www.europesays.com\/fr\/wp-json\/wp\/v2\/types\/post"}],"author":[{"embeddable":true,"href":"https:\/\/www.europesays.com\/fr\/wp-json\/wp\/v2\/users\/2"}],"replies":[{"embeddable":true,"href":"https:\/\/www.europesays.com\/fr\/wp-json\/wp\/v2\/comments?post=664301"}],"version-history":[{"count":0,"href":"https:\/\/www.europesays.com\/fr\/wp-json\/wp\/v2\/posts\/664301\/revisions"}],"wp:featuredmedia":[{"embeddable":true,"href":"https:\/\/www.europesays.com\/fr\/wp-json\/wp\/v2\/media\/664302"}],"wp:attachment":[{"href":"https:\/\/www.europesays.com\/fr\/wp-json\/wp\/v2\/media?parent=664301"}],"wp:term":[{"taxonomy":"category","embeddable":true,"href":"https:\/\/www.europesays.com\/fr\/wp-json\/wp\/v2\/categories?post=664301"},{"taxonomy":"post_tag","embeddable":true,"href":"https:\/\/www.europesays.com\/fr\/wp-json\/wp\/v2\/tags?post=664301"}],"curies":[{"name":"wp","href":"https:\/\/api.w.org\/{rel}","templated":true}]}}