{"id":664303,"date":"2026-01-15T02:07:20","date_gmt":"2026-01-15T02:07:20","guid":{"rendered":"https:\/\/www.europesays.com\/fr\/664303\/"},"modified":"2026-01-15T02:07:20","modified_gmt":"2026-01-15T02:07:20","slug":"nice-quatre-personnes-deferees-apres-la-decouverte-de-23-kg-de-cocaine-et","status":"publish","type":"post","link":"https:\/\/www.europesays.com\/fr\/664303\/","title":{"rendered":"Nice : quatre personnes d\u00e9f\u00e9r\u00e9es apr\u00e8s la d\u00e9couverte de 2,3 kg de coca\u00efne et (\u2026)"},"content":{"rendered":"<p>                    <img loading=\"lazy\" decoding=\"async\" src=\"https:\/\/www.europesays.com\/fr\/wp-content\/uploads\/2026\/01\/e17bdab6c16fbfb12106d8c2a27ae7.png\" class=\"img-responsive post-image\" width=\"680\" height=\"510\" alt=\"Nice : quatre personnes\" title=\"Nice : quatre personnes d\u00e9f\u00e9r\u00e9es apr\u00e8s la d\u00e9couverte de 2,3 kg de coca\u00efne et d'une arme\"\/><\/p>\n<p class=\"chapo\">Une op\u00e9ration de police men\u00e9e le 11 janvier 2026 dans le quartier Fenoglio de Briga, \u00e0 Nice, a conduit au d\u00e9mant\u00e8lement d\u2019un point de trafic de stup\u00e9fiants et \u00e0 l\u2019interpellation de quatre personnes annonce le procureur de la R\u00e9publique, Damien Martinelli, dans un communiqu\u00e9 de presse.<\/p>\n<p>Les services de police ont d\u2019abord proc\u00e9d\u00e9 au contr\u00f4le et \u00e0 l\u2019interpellation d\u2019un individu soup\u00e7onn\u00e9 d\u2019\u00eatre impliqu\u00e9 dans un trafic de drogue dans ce secteur, a indiqu\u00e9 le procureur de la R\u00e9publique de Nice dans le compte-rendu. L\u2019exploitation de son t\u00e9l\u00e9phone portable a r\u00e9v\u00e9l\u00e9 la pr\u00e9sence de documents assimilables \u00e0 des feuilles de comptes, laissant pr\u00e9sumer une activit\u00e9 li\u00e9e au trafic.<br class=\"texte\"\/><br \/>\nLes enqu\u00eateurs ont ensuite identifi\u00e9 un logement dans lequel cet homme \u00e9tait susceptible de r\u00e9sider. La perquisition a permis de d\u00e9couvrir <strong>un fusil de calibre 12 \u00e0 canon sci\u00e9,<\/strong> des munitions correspondantes ainsi qu\u2019une somme de 1 000 euros en esp\u00e8ces. Si l\u2019arme ne lui appartenait pas, les investigations ont toutefois mis en \u00e9vidence sa pr\u00e9sence r\u00e9guli\u00e8re sur un point de vente de stup\u00e9fiants du quartier Fenoglio de Briga, ainsi qu\u2019\u00e0 une autre adresse situ\u00e9e rue Jean-Andr\u00e9, dans le quartier Saint-Roch.<\/p>\n<p>Perquisition et gardes \u00e0 vue<\/p>\n<p>Une perquisition men\u00e9e dans ce second logement a conduit \u00e0 l\u2019interpellation de trois autres personnes. Deux d\u2019entre elles ont \u00e9t\u00e9 surprises <strong>en train de conditionner des produits stup\u00e9fiants<\/strong> au moment de l\u2019intervention des policiers. Sur place, les fonctionnaires ont saisi un total de 2,3 kilogrammes de coca\u00efne, du mat\u00e9riel de conditionnement et environ 1 200 euros. Parmi les quatre personnes plac\u00e9es en garde \u00e0 vue, deux avaient d\u00e9j\u00e0 \u00e9t\u00e9 mises en cause pour des faits de trafic de stup\u00e9fiants, une pour usage, tandis que la quatri\u00e8me n\u2019avait jamais \u00e9t\u00e9 condamn\u00e9e.<br class=\"autobr\"\/><br \/>\nLes gardes \u00e0 vue ont \u00e9t\u00e9 prolong\u00e9es dans le cadre du r\u00e9gime d\u00e9rogatoire applicable \u00e0 la <strong>criminalit\u00e9 organis\u00e9e<\/strong>. L\u2019enqu\u00eate a \u00e9t\u00e9 suivie par le p\u00f4le sp\u00e9cialis\u00e9 du parquet de Nice, avec l\u2019appui du groupe d\u2019appui judiciaire du service de quart et du Service local de police judiciaire (SLPJ).<br class=\"autobr\"\/><br \/>\nLes quatre mis en cause doivent \u00eatre d\u00e9f\u00e9r\u00e9s devant la justice mercredi 14 janvier, dans le cadre d\u2019une<strong> proc\u00e9dure de comparution imm\u00e9diate<\/strong>, pour des faits de trafic de stup\u00e9fiants, a pr\u00e9cis\u00e9 le procureur Damien Martinelli.<\/p>\n<p>Visuel de Une\u00a0: illustration le tribunal judiciaire de Nice \u00a9DR<\/p>\n","protected":false},"excerpt":{"rendered":"Une op\u00e9ration de police men\u00e9e le 11 janvier 2026 dans le quartier Fenoglio de Briga, \u00e0 Nice, a&hellip;\n","protected":false},"author":2,"featured_media":664304,"comment_status":"","ping_status":"","sticky":false,"template":"","format":"standard","meta":{"footnotes":""},"categories":[2819],"tags":[1111,11,2408,1777,674,1011,27,12,2401,882,25],"class_list":{"0":"post-664303","1":"post","2":"type-post","3":"status-publish","4":"format-standard","5":"has-post-thumbnail","7":"category-nice","8":"tag-actu","9":"tag-actualites","10":"tag-appels-d","11":"tag-eu","12":"tag-europe","13":"tag-fr","14":"tag-france","15":"tag-news","16":"tag-nice","17":"tag-provence-alpes-cote-dazur","18":"tag-republique-francaise"},"share_on_mastodon":{"url":"https:\/\/pubeurope.com\/@fr\/115896676798638522","error":""},"_links":{"self":[{"href":"https:\/\/www.europesays.com\/fr\/wp-json\/wp\/v2\/posts\/664303","targetHints":{"allow":["GET"]}}],"collection":[{"href":"https:\/\/www.europesays.com\/fr\/wp-json\/wp\/v2\/posts"}],"about":[{"href":"https:\/\/www.europesays.com\/fr\/wp-json\/wp\/v2\/types\/post"}],"author":[{"embeddable":true,"href":"https:\/\/www.europesays.com\/fr\/wp-json\/wp\/v2\/users\/2"}],"replies":[{"embeddable":true,"href":"https:\/\/www.europesays.com\/fr\/wp-json\/wp\/v2\/comments?post=664303"}],"version-history":[{"count":0,"href":"https:\/\/www.europesays.com\/fr\/wp-json\/wp\/v2\/posts\/664303\/revisions"}],"wp:featuredmedia":[{"embeddable":true,"href":"https:\/\/www.europesays.com\/fr\/wp-json\/wp\/v2\/media\/664304"}],"wp:attachment":[{"href":"https:\/\/www.europesays.com\/fr\/wp-json\/wp\/v2\/media?parent=664303"}],"wp:term":[{"taxonomy":"category","embeddable":true,"href":"https:\/\/www.europesays.com\/fr\/wp-json\/wp\/v2\/categories?post=664303"},{"taxonomy":"post_tag","embeddable":true,"href":"https:\/\/www.europesays.com\/fr\/wp-json\/wp\/v2\/tags?post=664303"}],"curies":[{"name":"wp","href":"https:\/\/api.w.org\/{rel}","templated":true}]}}