{"id":664305,"date":"2026-01-15T02:08:23","date_gmt":"2026-01-15T02:08:23","guid":{"rendered":"https:\/\/www.europesays.com\/fr\/664305\/"},"modified":"2026-01-15T02:08:23","modified_gmt":"2026-01-15T02:08:23","slug":"une-enorme-soiree-fluo-va-replonger-la-patinoire-jean-bouin-de-nice-dans-les-annees-90","status":"publish","type":"post","link":"https:\/\/www.europesays.com\/fr\/664305\/","title":{"rendered":"Une \u00e9norme soir\u00e9e fluo va replonger la patinoire Jean Bouin de Nice dans les ann\u00e9es 90"},"content":{"rendered":"<p data-start=\"716\" data-end=\"1157\">On a connu la patinoire Jean Bouin studieuse, familiale ou encore sportive, mais vendredi soir, elle se r\u00e9invente compl\u00e8tement. <strong>De 20h15 \u00e0 23h15, l\u2019enceinte ni\u00e7oise va devenir une piste de danse glac\u00e9e, port\u00e9e par une playlist qui sent bon les ann\u00e9es 90\u00a0! <\/strong>L\u2019id\u00e9e est simple\u00a0: faire de la patinoire un lieu de f\u00eate \u00e0 part enti\u00e8re, sans d\u00e9naturer l\u2019exp\u00e9rience.\u00a0<\/p>\n<p>&#13;<\/p>\n<p data-start=\"716\" data-end=\"1157\"><img decoding=\"async\" data-imgperflogname=\"profileCoverPhoto\" class=\"xz74otr x1ey2m1c x9f619 x5yr21d xtijo5x x1o0tod x10l6tqk x13vifvy xh8yej3\" alt=\"\" referrerpolicy=\"origin-when-cross-origin\" src=\"https:\/\/www.europesays.com\/fr\/wp-content\/uploads\/2026\/01\/611006631_1324841443015235_8862358520152189414_n.jpg\"\/><\/p>\n<p>&#13;<br \/>\nN\u00e9ons, LED et nostalgie assum\u00e9e&#13;<\/p>\n<p data-start=\"1427\" data-end=\"1834\">Pour accompagner cette plong\u00e9e r\u00e9tro, la patinoire mise sur une sc\u00e9nographie lumineuse bien sentie, il y aura des animations visuelles sur \u00e9cran LED, des jeux de lumi\u00e8re et une ambiance fluo qui viendra habiller la glace et donner au lieu des airs de club des ann\u00e9es 90. <strong>Le dress code est clair\u00a0: fluo, flashy, n\u00e9on.<\/strong> Plus \u00e7a pique les yeux, mieux c\u2019est\u00a0!<\/p>\n<p>&#13;<\/p>\n<p data-start=\"1427\" data-end=\"1834\"><a href=\"https:\/\/www.facebook.com\/events\/patinoire-jean-bouin-de-nice\/%EF%B8%8F-soir%C3%A9e-ann%C3%A9es-90-patinoire-jean-bouin\/856893233636222\/\" rel=\"nofollow noopener noreferrer\" target=\"_blank\"><strong>Plus d&rsquo;infos<\/strong><\/a><\/p>\n","protected":false},"excerpt":{"rendered":"On a connu la patinoire Jean Bouin studieuse, familiale ou encore sportive, mais vendredi soir, elle se r\u00e9invente&hellip;\n","protected":false},"author":2,"featured_media":664306,"comment_status":"","ping_status":"","sticky":false,"template":"","format":"standard","meta":{"footnotes":""},"categories":[2819],"tags":[1111,11,1777,674,1011,27,12,2401,882,25],"class_list":{"0":"post-664305","1":"post","2":"type-post","3":"status-publish","4":"format-standard","5":"has-post-thumbnail","7":"category-nice","8":"tag-actu","9":"tag-actualites","10":"tag-eu","11":"tag-europe","12":"tag-fr","13":"tag-france","14":"tag-news","15":"tag-nice","16":"tag-provence-alpes-cote-dazur","17":"tag-republique-francaise"},"share_on_mastodon":{"url":"https:\/\/pubeurope.com\/@fr\/115896680683447915","error":""},"_links":{"self":[{"href":"https:\/\/www.europesays.com\/fr\/wp-json\/wp\/v2\/posts\/664305","targetHints":{"allow":["GET"]}}],"collection":[{"href":"https:\/\/www.europesays.com\/fr\/wp-json\/wp\/v2\/posts"}],"about":[{"href":"https:\/\/www.europesays.com\/fr\/wp-json\/wp\/v2\/types\/post"}],"author":[{"embeddable":true,"href":"https:\/\/www.europesays.com\/fr\/wp-json\/wp\/v2\/users\/2"}],"replies":[{"embeddable":true,"href":"https:\/\/www.europesays.com\/fr\/wp-json\/wp\/v2\/comments?post=664305"}],"version-history":[{"count":0,"href":"https:\/\/www.europesays.com\/fr\/wp-json\/wp\/v2\/posts\/664305\/revisions"}],"wp:featuredmedia":[{"embeddable":true,"href":"https:\/\/www.europesays.com\/fr\/wp-json\/wp\/v2\/media\/664306"}],"wp:attachment":[{"href":"https:\/\/www.europesays.com\/fr\/wp-json\/wp\/v2\/media?parent=664305"}],"wp:term":[{"taxonomy":"category","embeddable":true,"href":"https:\/\/www.europesays.com\/fr\/wp-json\/wp\/v2\/categories?post=664305"},{"taxonomy":"post_tag","embeddable":true,"href":"https:\/\/www.europesays.com\/fr\/wp-json\/wp\/v2\/tags?post=664305"}],"curies":[{"name":"wp","href":"https:\/\/api.w.org\/{rel}","templated":true}]}}