{"id":664307,"date":"2026-01-15T02:10:12","date_gmt":"2026-01-15T02:10:12","guid":{"rendered":"https:\/\/www.europesays.com\/fr\/664307\/"},"modified":"2026-01-15T02:10:12","modified_gmt":"2026-01-15T02:10:12","slug":"previsions-du-jeudi-15-janvier-2026-2","status":"publish","type":"post","link":"https:\/\/www.europesays.com\/fr\/664307\/","title":{"rendered":"pr\u00e9visions du jeudi 15 janvier 2026"},"content":{"rendered":"<p>Aujourd&rsquo;hui, \u00e0 Nantes, des nuages ne voudront pas faire place au soleil. Les temp\u00e9ratures tourneront autour des 10\u00b0C. Un vent de sud soufflera \u00e0 25 km\/h. Encore de la grisaille le matin. Les nuages vont stationner. Les valeurs seront de 8\u00b0C au plus bas et de 10\u00b0C au plus haut. La grisaille ne se dissipe toujours pas, il y aura encore des nuages l&rsquo;apr\u00e8s-midi. Les temp\u00e9ratures s&rsquo;\u00e9chelonneront de 10 \u00e0 11\u00b0C. Le soir, il est probable que de l\u00e9g\u00e8res averses \u00e9clatent. Il fera environ 9\u00b0C. Une nuit pluvieuse vous attendra entre jeudi et vendredi.<\/p>\n<p>Le soleil se fera d\u00e9sirer demain sur Nantes, o\u00f9 des nuages sont bien install\u00e9s. Des pluies \u00e9parses vont tomber sur la ville. Une chute des temp\u00e9ratures est attendue. Le mercure affichera 8\u00b0C en moyenne. Le brouillard va se former au cours de la matin\u00e9e. Les valeurs seront comprises entre 6\u00b0C et 10\u00b0C. Un vent de sud soufflera un peu, avec 11 km\/h. Les nuages \u00e0 pr\u00e9voir demain apr\u00e8s-midi, et un ciel encore gris. Les temp\u00e9ratures s&rsquo;\u00e9chelonneront entre 7 et 11\u00b0C. Des \u00e9claircies feront leur apparition dans la soir\u00e9e. Les valeurs afficheront entre 5 et 6\u00b0C. Une modeste brise de sud sera ressentie par les habitants.<\/p>\n<p>Une d\u00e9gradation est annonc\u00e9e dimanche, tandis que la journ\u00e9e de samedi aura \u00e9t\u00e9 ensoleill\u00e9e.<\/p>\n<p><\/p>\n","protected":false},"excerpt":{"rendered":"Aujourd&rsquo;hui, \u00e0 Nantes, des nuages ne voudront pas faire place au soleil. Les temp\u00e9ratures tourneront autour des 10\u00b0C.&hellip;\n","protected":false},"author":2,"featured_media":664308,"comment_status":"","ping_status":"","sticky":false,"template":"","format":"standard","meta":{"footnotes":""},"categories":[2818],"tags":[1111,11,1777,674,1011,27,766,12,2636,2119,25],"class_list":{"0":"post-664307","1":"post","2":"type-post","3":"status-publish","4":"format-standard","5":"has-post-thumbnail","7":"category-nantes","8":"tag-actu","9":"tag-actualites","10":"tag-eu","11":"tag-europe","12":"tag-fr","13":"tag-france","14":"tag-nantes","15":"tag-news","16":"tag-pays-de-la-loire","17":"tag-previsions-meteo","18":"tag-republique-francaise"},"share_on_mastodon":{"url":"https:\/\/pubeurope.com\/@fr\/115896688531026341","error":""},"_links":{"self":[{"href":"https:\/\/www.europesays.com\/fr\/wp-json\/wp\/v2\/posts\/664307","targetHints":{"allow":["GET"]}}],"collection":[{"href":"https:\/\/www.europesays.com\/fr\/wp-json\/wp\/v2\/posts"}],"about":[{"href":"https:\/\/www.europesays.com\/fr\/wp-json\/wp\/v2\/types\/post"}],"author":[{"embeddable":true,"href":"https:\/\/www.europesays.com\/fr\/wp-json\/wp\/v2\/users\/2"}],"replies":[{"embeddable":true,"href":"https:\/\/www.europesays.com\/fr\/wp-json\/wp\/v2\/comments?post=664307"}],"version-history":[{"count":0,"href":"https:\/\/www.europesays.com\/fr\/wp-json\/wp\/v2\/posts\/664307\/revisions"}],"wp:featuredmedia":[{"embeddable":true,"href":"https:\/\/www.europesays.com\/fr\/wp-json\/wp\/v2\/media\/664308"}],"wp:attachment":[{"href":"https:\/\/www.europesays.com\/fr\/wp-json\/wp\/v2\/media?parent=664307"}],"wp:term":[{"taxonomy":"category","embeddable":true,"href":"https:\/\/www.europesays.com\/fr\/wp-json\/wp\/v2\/categories?post=664307"},{"taxonomy":"post_tag","embeddable":true,"href":"https:\/\/www.europesays.com\/fr\/wp-json\/wp\/v2\/tags?post=664307"}],"curies":[{"name":"wp","href":"https:\/\/api.w.org\/{rel}","templated":true}]}}