{"id":664309,"date":"2026-01-15T02:11:13","date_gmt":"2026-01-15T02:11:13","guid":{"rendered":"https:\/\/www.europesays.com\/fr\/664309\/"},"modified":"2026-01-15T02:11:13","modified_gmt":"2026-01-15T02:11:13","slug":"un-mathematicien-bordelais-mis-en-examen-pour-soupcons-dingerence-au-profit-de-la-chine","status":"publish","type":"post","link":"https:\/\/www.europesays.com\/fr\/664309\/","title":{"rendered":"Un math\u00e9maticien bordelais mis en examen pour soup\u00e7ons d\u2019ing\u00e9rence au profit de la Chine"},"content":{"rendered":"<p>L\u2019enseignant-chercheur a \u00e9t\u00e9 plac\u00e9 sous contr\u00f4le judiciaire. \u00ab\u00a0Ce fonctionnaire est notamment soup\u00e7onn\u00e9 d\u2019avoir fait p\u00e9n\u00e9trer des membres d\u2019une d\u00e9l\u00e9gation chinoise dans des zones interdites, dont la sensibilit\u00e9 avait \u00e9t\u00e9 mentionn\u00e9e comme tr\u00e8s importante\u00a0\u00bb, indique le parquet de Paris. L\u2019avocate de l\u2019enseignant-chercheur, Me\u00a0Lauriane Dargelas, souligne que son client \u00ab\u00a0est \u00e9tranger aux faits qui lui sont reproch\u00e9s\u00a0\u00bb. Concernant l\u2019acc\u00e8s \u00e0 l\u2019I2M, qui <a href=\"https:\/\/www.sudouest.fr\/politique\/education\/entre-liberte-des-chercheurs-et-protection-contre-l-espionnage-l-universite-a-la-recherche-du-point-d-equilibre-26619868.php\" target=\"_blank\" rel=\"follow noopener\">est une zone \u00e0 r\u00e9gime restrictif (ZRR)<\/a>, elle pr\u00e9cise qu\u2019il s\u2019agissait d\u2019un \u00ab\u00a0chercheur chinois qui a eu acc\u00e8s pendant de nombreuses ann\u00e9es \u00e0 ce laboratoire\u00a0\u00bb. \u00ab\u00a0Dans ce cas pr\u00e9cis, poursuit-elle, la demande d\u2019autorisation a bien \u00e9t\u00e9 envoy\u00e9e, mais elle n\u2019\u00e9tait pas arriv\u00e9e, \u00e0 cause de la lourdeur administrative. Mon client pensait \u00eatre dans son bon droit.\u00a0\u00bb<\/p>\n<p>Le parquet de Paris pr\u00e9cise que \u00ab\u00a0l\u2019enqu\u00eate avait \u00e9t\u00e9 ouverte en janvier 2024 par la section de la protection des libert\u00e9s fondamentales du parquet de Paris, saisie par le Secr\u00e9tariat g\u00e9n\u00e9ral de la d\u00e9fense et de la s\u00e9curit\u00e9 nationale (SGDSN) \u00e0 la suite d\u2019un rapport d\u2019incident de la D\u00e9fense nationale sur l\u2019universit\u00e9 de Bordeaux\u00a0\u00bb.<\/p>\n<p>\u00ab\u00a0D\u00e9monter ce sc\u00e9nario\u00a0\u00bb<\/p>\n<p>Une information judiciaire a \u00e9t\u00e9 ouverte en mai 2024, avec une poursuite des investigations sous la direction d\u2019un juge d\u2019instruction. Le 11\u00a0f\u00e9vrier 2025, trois enseignants-chercheurs fran\u00e7ais en math\u00e9matiques \u2013\u00a0dont l\u2019enseignant-chercheur bordelais\u00a0\u2013 avaient \u00e9t\u00e9 interpell\u00e9s et plac\u00e9s en garde \u00e0 vue par la DGSI. Les policiers avaient men\u00e9 des perquisitions \u00e0 leurs domiciles et bureaux, saisissant leur mat\u00e9riel \u00e9lectronique. \u00ab\u00a0L\u2019exploitation des supports saisis en perquisition a conduit \u00e0 ce que cet enseignant soit de nouveau plac\u00e9 en garde \u00e0 vue puis mis en examen\u00a0\u00bb, ajoute le parquet de Paris. \u00ab\u00a0Cela fait un an et demi que nous attendons cette mise en examen, indique Me\u00a0Lauriane Dargelas. Nous allons enfin pouvoir avoir acc\u00e8s au dossier et d\u00e9monter le sc\u00e9nario qui a \u00e9t\u00e9 \u00e9labor\u00e9.\u00a0\u00bb<\/p>\n","protected":false},"excerpt":{"rendered":"L\u2019enseignant-chercheur a \u00e9t\u00e9 plac\u00e9 sous contr\u00f4le judiciaire. \u00ab\u00a0Ce fonctionnaire est notamment soup\u00e7onn\u00e9 d\u2019avoir fait p\u00e9n\u00e9trer des membres d\u2019une&hellip;\n","protected":false},"author":2,"featured_media":664310,"comment_status":"","ping_status":"","sticky":false,"template":"","format":"standard","meta":{"footnotes":""},"categories":[2817],"tags":[1111,11,1997,1777,674,1011,27,12,2219,25],"class_list":{"0":"post-664309","1":"post","2":"type-post","3":"status-publish","4":"format-standard","5":"has-post-thumbnail","7":"category-bordeaux","8":"tag-actu","9":"tag-actualites","10":"tag-bordeaux","11":"tag-eu","12":"tag-europe","13":"tag-fr","14":"tag-france","15":"tag-news","16":"tag-nouvelle-aquitaine","17":"tag-republique-francaise"},"share_on_mastodon":{"url":"https:\/\/pubeurope.com\/@fr\/115896692452917601","error":""},"_links":{"self":[{"href":"https:\/\/www.europesays.com\/fr\/wp-json\/wp\/v2\/posts\/664309","targetHints":{"allow":["GET"]}}],"collection":[{"href":"https:\/\/www.europesays.com\/fr\/wp-json\/wp\/v2\/posts"}],"about":[{"href":"https:\/\/www.europesays.com\/fr\/wp-json\/wp\/v2\/types\/post"}],"author":[{"embeddable":true,"href":"https:\/\/www.europesays.com\/fr\/wp-json\/wp\/v2\/users\/2"}],"replies":[{"embeddable":true,"href":"https:\/\/www.europesays.com\/fr\/wp-json\/wp\/v2\/comments?post=664309"}],"version-history":[{"count":0,"href":"https:\/\/www.europesays.com\/fr\/wp-json\/wp\/v2\/posts\/664309\/revisions"}],"wp:featuredmedia":[{"embeddable":true,"href":"https:\/\/www.europesays.com\/fr\/wp-json\/wp\/v2\/media\/664310"}],"wp:attachment":[{"href":"https:\/\/www.europesays.com\/fr\/wp-json\/wp\/v2\/media?parent=664309"}],"wp:term":[{"taxonomy":"category","embeddable":true,"href":"https:\/\/www.europesays.com\/fr\/wp-json\/wp\/v2\/categories?post=664309"},{"taxonomy":"post_tag","embeddable":true,"href":"https:\/\/www.europesays.com\/fr\/wp-json\/wp\/v2\/tags?post=664309"}],"curies":[{"name":"wp","href":"https:\/\/api.w.org\/{rel}","templated":true}]}}