{"id":664311,"date":"2026-01-15T02:12:16","date_gmt":"2026-01-15T02:12:16","guid":{"rendered":"https:\/\/www.europesays.com\/fr\/664311\/"},"modified":"2026-01-15T02:12:16","modified_gmt":"2026-01-15T02:12:16","slug":"avec-la-penurie-de-neuf-quelles-options-derriere-page-relo","status":"publish","type":"post","link":"https:\/\/www.europesays.com\/fr\/664311\/","title":{"rendered":"avec la p\u00e9nurie de neuf, quelles options derri\u00e8re Page-Relo\u00a0?"},"content":{"rendered":"<p>        <img decoding=\"async\" id=\"27377057\" src=\"https:\/\/www.europesays.com\/fr\/wp-content\/uploads\/2026\/01\/20260111170123-fcot97271.jpg\" alt=\"Martin Page-Relo.\" itemprop=\"contentURL\"\/><\/p>\n<p>    Martin Page-Relo.<\/p>\n<p>Fabien Cottereau \/ SO<\/p>\n<p>L<a href=\"https:\/\/www.sudouest.fr\/sport\/rugby\/bordeaux-begles\/union-bordeaux-begles-ubb-arthur-retiere-a-l-arret-pendant-deux-semaines-27413606.php\" target=\"_blank\" rel=\"noopener\">e verdict est en effet tomb\u00e9 pour Arthur Reti\u00e8re<\/a>. Sorti apr\u00e8s une grosse commotion provoqu\u00e9e par une charge d\u2019Henry Pollock (72e) lors de la victoire bonifi\u00e9e face \u00e0 <a href=\"https:\/\/www.sudouest.fr\/sport\/rugby\/bordeaux-begles\/champions-cup-l-ubb-frappe-tres-fort-face-aux-saints-27371971.php\" target=\"_blank\" rel=\"noopener\">Northampton (50-28)<\/a>, l\u2019ailier bordelais, capable de d\u00e9panner au poste de 9, avait \u00e9t\u00e9 transport\u00e9 \u00e0 l\u2019h\u00f4pital aussit\u00f4t apr\u00e8s la rencontre. Il devra observer deux semaines de repos et ne sera pas de retour avant le d\u00e9placement \u00e0 Montauban en Top\u00a014 (le 31\u00a0janvier) a indiqu\u00e9 Yannick Bru, ce mercredi en conf\u00e9rence de presse. \u00c0 croire que le sort s\u2019acharne sur les demis de m\u00eal\u00e9e de l\u2019UBB puisque <a href=\"https:\/\/www.sudouest.fr\/sport\/rugby\/bordeaux-begles\/union-bordeaux-begles-ubb-nouveau-coup-d-arret-pour-maxime-lucu-le-poste-de-demi-de-melee-en-tension-27324246.php\" target=\"_blank\" rel=\"noopener\">Maxime Lucu a \u00e9t\u00e9 victime d\u2019une entorse du genou<\/a> face au Racing\u00a092 (le 3\u00a0janvier) et le jeune Valentin Hutteau a \u00e9t\u00e9 op\u00e9r\u00e9 du m\u00e9nisque d\u00e9but d\u00e9cembre.<\/p>\n<p>\u00ab\u00a0On a encore trois num\u00e9ros\u00a09 couch\u00e9s, regrette Yannick Bru. Il nous reste un num\u00e9ro\u00a09 de formation, Martin Page-Relo, et apr\u00e8s, des num\u00e9ros\u00a09 de circonstance. Donc on va essayer de s\u2019adapter, probablement comme on l\u2019a fait en cours de match avec Joey Carbery. On a aussi d\u2019autres options\u2026 Et on p\u00e8sera tout \u00e7a sur la fin de semaine. C\u2019est toujours une opportunit\u00e9 pour d\u2019autres de montrer leurs qualit\u00e9s mais c\u2019est vrai que c\u2019est emb\u00eatant cette ann\u00e9e. C\u2019est un petit peu r\u00e9current, \u00e7a tape souvent sur les m\u00eames positions.\u00a0\u00bb<\/p>\n<p>L\u2019option Carbery\u00a0?<\/p>\n<p>Les options\u00a0en question\u00a0? Le demi d\u2019ouverture Joey Carbery donc. L\u2019international irlandais a d\u00e9pann\u00e9 en 9 face aux Saints d\u00e8s la sortie de Reti\u00e8re. \u00ab\u00a0C\u2019\u00e9tait bizarre mais avec Loulou (Bielle-Biarrey) en 10 \u00e0 c\u00f4t\u00e9 de moi, \u00e7a allait, sourit-il. J\u2019ai pas mal parl\u00e9 de tout \u00e7a avec Max (Lucu) et Martin (Page-Relo), \u00e7a aide.\u00a0\u00bb Si le d\u00e9pannage doit se poursuivre \u00e0 Bristol, Joey Carbery se sent pr\u00eat. L\u2019arri\u00e8re-ailier Xan Mousques est une autre option pour finir le match au poste de demi de m\u00eal\u00e9e.<\/p>\n","protected":false},"excerpt":{"rendered":"Martin Page-Relo. Fabien Cottereau \/ SO Le verdict est en effet tomb\u00e9 pour Arthur Reti\u00e8re. Sorti apr\u00e8s une&hellip;\n","protected":false},"author":2,"featured_media":664312,"comment_status":"","ping_status":"","sticky":false,"template":"","format":"standard","meta":{"footnotes":""},"categories":[2817],"tags":[1111,11,1997,1777,674,1011,27,12,2219,25],"class_list":{"0":"post-664311","1":"post","2":"type-post","3":"status-publish","4":"format-standard","5":"has-post-thumbnail","7":"category-bordeaux","8":"tag-actu","9":"tag-actualites","10":"tag-bordeaux","11":"tag-eu","12":"tag-europe","13":"tag-fr","14":"tag-france","15":"tag-news","16":"tag-nouvelle-aquitaine","17":"tag-republique-francaise"},"share_on_mastodon":{"url":"https:\/\/pubeurope.com\/@fr\/115896697437480524","error":""},"_links":{"self":[{"href":"https:\/\/www.europesays.com\/fr\/wp-json\/wp\/v2\/posts\/664311","targetHints":{"allow":["GET"]}}],"collection":[{"href":"https:\/\/www.europesays.com\/fr\/wp-json\/wp\/v2\/posts"}],"about":[{"href":"https:\/\/www.europesays.com\/fr\/wp-json\/wp\/v2\/types\/post"}],"author":[{"embeddable":true,"href":"https:\/\/www.europesays.com\/fr\/wp-json\/wp\/v2\/users\/2"}],"replies":[{"embeddable":true,"href":"https:\/\/www.europesays.com\/fr\/wp-json\/wp\/v2\/comments?post=664311"}],"version-history":[{"count":0,"href":"https:\/\/www.europesays.com\/fr\/wp-json\/wp\/v2\/posts\/664311\/revisions"}],"wp:featuredmedia":[{"embeddable":true,"href":"https:\/\/www.europesays.com\/fr\/wp-json\/wp\/v2\/media\/664312"}],"wp:attachment":[{"href":"https:\/\/www.europesays.com\/fr\/wp-json\/wp\/v2\/media?parent=664311"}],"wp:term":[{"taxonomy":"category","embeddable":true,"href":"https:\/\/www.europesays.com\/fr\/wp-json\/wp\/v2\/categories?post=664311"},{"taxonomy":"post_tag","embeddable":true,"href":"https:\/\/www.europesays.com\/fr\/wp-json\/wp\/v2\/tags?post=664311"}],"curies":[{"name":"wp","href":"https:\/\/api.w.org\/{rel}","templated":true}]}}