{"id":664317,"date":"2026-01-15T02:16:12","date_gmt":"2026-01-15T02:16:12","guid":{"rendered":"https:\/\/www.europesays.com\/fr\/664317\/"},"modified":"2026-01-15T02:16:12","modified_gmt":"2026-01-15T02:16:12","slug":"previsions-du-jeudi-15-janvier-2026-3","status":"publish","type":"post","link":"https:\/\/www.europesays.com\/fr\/664317\/","title":{"rendered":"pr\u00e9visions du jeudi 15 janvier 2026"},"content":{"rendered":"<p>Le soleil aura du mal \u00e0 percer au milieu des nuages qui persisteront sur Lille dans la journ\u00e9e. Les valeurs seront comprises entre 7\u00b0C et 9\u00b0C. En revanche, la m\u00e9t\u00e9o va peu \u00e0 peu s&rsquo;am\u00e9liorer dans la matin\u00e9e et laisser place \u00e0 des \u00e9claircies. Les temp\u00e9ratures afficheront entre 7 et 8\u00b0C. Un vent de sud-ouest soufflera un peu, avec 18 km\/h. Avec de l\u00e9gers nuages l&rsquo;apr\u00e8s-midi, le ciel sera encore couvert. Il fera 9\u00b0C en moyenne. La ville sera touch\u00e9e par un vent de sud de 21 km\/h. On observera la pr\u00e9sence persistante de nuages le soir. Pendant que vous dormirez, dans la nuit de jeudi \u00e0 vendredi, le ciel sera pluvieux.<\/p>\n<p>Demain, \u00e0 Lille, des nuages ne voudront pas laisser leur place au soleil. On pr\u00e9voit des valeurs d&rsquo;environ 8\u00b0C. La grisaille ne se dissipe toujours pas, il va y avoir encore des nuages le matin. Les temp\u00e9ratures seront de 6\u00b0C au plus bas et de 9\u00b0C au plus haut. Une brise de sud-est soufflera doucement. L&rsquo;apr\u00e8s-midi va rester gris \u00e0 cause de nuages qui perdurent dans le ciel. Des pluies \u00e9parses vont tomber sur la ville. Les maximales pourront atteindre 10\u00b0C et les minimales seront de 8\u00b0C. Encore de la grisaille demain soir. De petits nuages vont s&rsquo;attarder. Le mercure affichera 8\u00b0C en moyenne. Un vent de sud-est rafra\u00eechira sensiblement l&rsquo;atmosph\u00e8re.<\/p>\n<p>Samedi, le temps sera nuageux alors qu&rsquo;une am\u00e9lioration est annonc\u00e9e dimanche.<\/p>\n<p><\/p>\n","protected":false},"excerpt":{"rendered":"Le soleil aura du mal \u00e0 percer au milieu des nuages qui persisteront sur Lille dans la journ\u00e9e.&hellip;\n","protected":false},"author":2,"featured_media":664318,"comment_status":"","ping_status":"","sticky":false,"template":"","format":"standard","meta":{"footnotes":""},"categories":[2815],"tags":[1111,11,1777,674,1011,27,811,1307,12,2119,25],"class_list":{"0":"post-664317","1":"post","2":"type-post","3":"status-publish","4":"format-standard","5":"has-post-thumbnail","7":"category-lille","8":"tag-actu","9":"tag-actualites","10":"tag-eu","11":"tag-europe","12":"tag-fr","13":"tag-france","14":"tag-hauts-de-france","15":"tag-lille","16":"tag-news","17":"tag-previsions-meteo","18":"tag-republique-francaise"},"share_on_mastodon":{"url":"https:\/\/pubeurope.com\/@fr\/115896712093484293","error":""},"_links":{"self":[{"href":"https:\/\/www.europesays.com\/fr\/wp-json\/wp\/v2\/posts\/664317","targetHints":{"allow":["GET"]}}],"collection":[{"href":"https:\/\/www.europesays.com\/fr\/wp-json\/wp\/v2\/posts"}],"about":[{"href":"https:\/\/www.europesays.com\/fr\/wp-json\/wp\/v2\/types\/post"}],"author":[{"embeddable":true,"href":"https:\/\/www.europesays.com\/fr\/wp-json\/wp\/v2\/users\/2"}],"replies":[{"embeddable":true,"href":"https:\/\/www.europesays.com\/fr\/wp-json\/wp\/v2\/comments?post=664317"}],"version-history":[{"count":0,"href":"https:\/\/www.europesays.com\/fr\/wp-json\/wp\/v2\/posts\/664317\/revisions"}],"wp:featuredmedia":[{"embeddable":true,"href":"https:\/\/www.europesays.com\/fr\/wp-json\/wp\/v2\/media\/664318"}],"wp:attachment":[{"href":"https:\/\/www.europesays.com\/fr\/wp-json\/wp\/v2\/media?parent=664317"}],"wp:term":[{"taxonomy":"category","embeddable":true,"href":"https:\/\/www.europesays.com\/fr\/wp-json\/wp\/v2\/categories?post=664317"},{"taxonomy":"post_tag","embeddable":true,"href":"https:\/\/www.europesays.com\/fr\/wp-json\/wp\/v2\/tags?post=664317"}],"curies":[{"name":"wp","href":"https:\/\/api.w.org\/{rel}","templated":true}]}}