{"id":664319,"date":"2026-01-15T02:17:11","date_gmt":"2026-01-15T02:17:11","guid":{"rendered":"https:\/\/www.europesays.com\/fr\/664319\/"},"modified":"2026-01-15T02:17:11","modified_gmt":"2026-01-15T02:17:11","slug":"la-lecon-a-la-criee-du-29-janvier-au-13-fevrier","status":"publish","type":"post","link":"https:\/\/www.europesays.com\/fr\/664319\/","title":{"rendered":"La Le\u00e7on \u00e0 La Cri\u00e9e, Du 29 janvier au 13 f\u00e9vrier"},"content":{"rendered":"<p>\tLa Le\u00e7on \u00e0 La Cri\u00e9e, Du 29 janvier au 13 f\u00e9vrier &#8211; Toutma<\/p>\n<p>&#13;<br \/>\n&#13;<\/p>\n<p>&#13;<br \/>\n\t\t&#13;<\/p>\n<p>Nous utilisons des cookies pour vous garantir la meilleure exp\u00e9rience sur notre site web. Si vous continuez \u00e0 utiliser ce site, nous supposerons que vous en \u00eates satisfait.OK<\/p>\n<p>\t\t&#13;<\/p>\n","protected":false},"excerpt":{"rendered":"La Le\u00e7on \u00e0 La Cri\u00e9e, Du 29 janvier au 13 f\u00e9vrier &#8211; Toutma &#13; &#13; &#13; &#13; Nous&hellip;\n","protected":false},"author":2,"featured_media":664320,"comment_status":"","ping_status":"","sticky":false,"template":"","format":"standard","meta":{"footnotes":""},"categories":[2814],"tags":[1111,11,76524,1777,674,1011,27,76525,76229,884,12,76526,882,25,76527,76370,75014],"class_list":{"0":"post-664319","1":"post","2":"type-post","3":"status-publish","4":"format-standard","5":"has-post-thumbnail","7":"category-marseille","8":"tag-actu","9":"tag-actualites","10":"tag-christine-pignet","11":"tag-eu","12":"tag-europe","13":"tag-fr","14":"tag-france","15":"tag-ines-valarcher","16":"tag-ionesco","17":"tag-marseille","18":"tag-news","19":"tag-piece-de-theatre-marseille","20":"tag-provence-alpes-cote-dazur","21":"tag-republique-francaise","22":"tag-robin-renucci","23":"tag-theatre-de-la-criee","24":"tag-theatre-marseille"},"share_on_mastodon":{"url":"https:\/\/pubeurope.com\/@fr\/115896716069977665","error":""},"_links":{"self":[{"href":"https:\/\/www.europesays.com\/fr\/wp-json\/wp\/v2\/posts\/664319","targetHints":{"allow":["GET"]}}],"collection":[{"href":"https:\/\/www.europesays.com\/fr\/wp-json\/wp\/v2\/posts"}],"about":[{"href":"https:\/\/www.europesays.com\/fr\/wp-json\/wp\/v2\/types\/post"}],"author":[{"embeddable":true,"href":"https:\/\/www.europesays.com\/fr\/wp-json\/wp\/v2\/users\/2"}],"replies":[{"embeddable":true,"href":"https:\/\/www.europesays.com\/fr\/wp-json\/wp\/v2\/comments?post=664319"}],"version-history":[{"count":0,"href":"https:\/\/www.europesays.com\/fr\/wp-json\/wp\/v2\/posts\/664319\/revisions"}],"wp:featuredmedia":[{"embeddable":true,"href":"https:\/\/www.europesays.com\/fr\/wp-json\/wp\/v2\/media\/664320"}],"wp:attachment":[{"href":"https:\/\/www.europesays.com\/fr\/wp-json\/wp\/v2\/media?parent=664319"}],"wp:term":[{"taxonomy":"category","embeddable":true,"href":"https:\/\/www.europesays.com\/fr\/wp-json\/wp\/v2\/categories?post=664319"},{"taxonomy":"post_tag","embeddable":true,"href":"https:\/\/www.europesays.com\/fr\/wp-json\/wp\/v2\/tags?post=664319"}],"curies":[{"name":"wp","href":"https:\/\/api.w.org\/{rel}","templated":true}]}}