{"id":664323,"date":"2026-01-15T02:19:19","date_gmt":"2026-01-15T02:19:19","guid":{"rendered":"https:\/\/www.europesays.com\/fr\/664323\/"},"modified":"2026-01-15T02:19:19","modified_gmt":"2026-01-15T02:19:19","slug":"volotea-ouvre-une-liaison-directe-entre-lyon-et-le-danemark","status":"publish","type":"post","link":"https:\/\/www.europesays.com\/fr\/664323\/","title":{"rendered":"Volotea ouvre une liaison directe entre Lyon et le Danemark"},"content":{"rendered":"<p>La compagnie a\u00e9rienne Volotea, sp\u00e9cialis\u00e9e dans les connexions entre capitales r\u00e9gionales europ\u00e9ennes, a inaugur\u00e9 ce samedi 10\u00a0janvier son premier vol entre Lyon-Saint-Exup\u00e9ry et Billund, au centre du Danemark.\u00a0<\/p>\n<p>Propos\u00e9 \u00e0 raison d\u2019un vol par semaine, chaque samedi, le trajet permettra aux voyageurs de d\u00e9couvrir Billund et ses alentours, de Jelling et son patrimoine viking class\u00e9 \u00e0 l\u2019Unesco au fjord de Vejle, jusqu\u2019au vaste Naturpark Lilleb\u00e6lt, plus grand parc naturel marin du pays. Plus de 5\u00a0700 si\u00e8ges sont mis en vente sur la liaison, \u00e0 partir de 62\u00a0\u20ac\u00a0 l\u2019aller simple.<\/p>\n<p class=\"note\"><a href=\"https:\/\/www.leprogres.fr\/economie\/2026\/01\/13\/a-partir-de-62-euros-volotea-ouvre-une-liaison-directe-entre-lyon-et-le-danemark\" target=\"_blank\" rel=\"noopener\">Lire l&rsquo;article sur le site du Progr\u00e8s.<\/a><\/p>\n<p>Ce contenu est bloqu\u00e9 car vous n&rsquo;avez pas accept\u00e9 les cookies et autres traceurs.<\/p>\n<p>En cliquant sur \u00ab J\u2019accepte \u00bb, les cookies et autres traceurs seront d\u00e9pos\u00e9s et vous pourrez visualiser les contenus  (<a href=\"\" class=\"consentModule_policy\" target=\"_blank\" title=\"Consulter la politique de protection des donn\u00e9es du fournisseur\">plus d&rsquo;informations<\/a>).<\/p>\n<p>En cliquant sur \u00ab J\u2019accepte tous les cookies \u00bb, vous autorisez des d\u00e9p\u00f4ts de cookies et autres traceurs pour le stockage de vos donn\u00e9es sur nos sites et applications \u00e0 des fins de personnalisation et de ciblage publicitaire.<\/p>\n<p class=\"consentModule_secondaryText\">Vous gardez la possibilit\u00e9 de retirer votre consentement \u00e0 tout moment en consultant notre <a href=\"https:\/\/www.ledauphine.com\/protection-des-donnees\" target=\"_blank\" title=\"Consulter notre politique de protection des donn\u00e9es\" rel=\"noopener\">politique de protection des donn\u00e9es<\/a>. <br \/>&#13;<br \/>\n            <a href=\"https:\/\/www.ledauphine.com\/economie\/2026\/01\/14\/javascript:Didomi.notice.show()\" class=\"consentModule_cmp\" target=\"_blank\" rel=\"noopener\">G\u00e9rer mes choix<\/a>&#13;\n        <\/p>\n<p>&#13;<br \/>\n                        J&rsquo;accepte&#13;<br \/>\n            J&rsquo;accepte tous les cookies&#13;\n        <\/p>\n","protected":false},"excerpt":{"rendered":"La compagnie a\u00e9rienne Volotea, sp\u00e9cialis\u00e9e dans les connexions entre capitales r\u00e9gionales europ\u00e9ennes, a inaugur\u00e9 ce samedi 10\u00a0janvier son&hellip;\n","protected":false},"author":2,"featured_media":664324,"comment_status":"","ping_status":"","sticky":false,"template":"","format":"standard","meta":{"footnotes":""},"categories":[1889],"tags":[1111,11,2430,9810,33,115,116,111,1777,674,1011,27,2428,12,25,2429,602,2803],"class_list":{"0":"post-664323","1":"post","2":"type-post","3":"status-publish","4":"format-standard","5":"has-post-thumbnail","7":"category-lyon","8":"tag-actu","9":"tag-actualites","10":"tag-auvergne-rhone-alpes","11":"tag-direct-entreprises","12":"tag-economie","13":"tag-edition-bourgoin-jallieu-nord-dauphine","14":"tag-edition-la-tour-du-pin-nord-dauphine","15":"tag-edition-vienne-roussillon","16":"tag-eu","17":"tag-europe","18":"tag-fr","19":"tag-france","20":"tag-lyon","21":"tag-news","22":"tag-republique-francaise","23":"tag-rhone","24":"tag-tourisme","25":"tag-transport"},"share_on_mastodon":{"url":"https:\/\/pubeurope.com\/@fr\/115896724099779491","error":""},"_links":{"self":[{"href":"https:\/\/www.europesays.com\/fr\/wp-json\/wp\/v2\/posts\/664323","targetHints":{"allow":["GET"]}}],"collection":[{"href":"https:\/\/www.europesays.com\/fr\/wp-json\/wp\/v2\/posts"}],"about":[{"href":"https:\/\/www.europesays.com\/fr\/wp-json\/wp\/v2\/types\/post"}],"author":[{"embeddable":true,"href":"https:\/\/www.europesays.com\/fr\/wp-json\/wp\/v2\/users\/2"}],"replies":[{"embeddable":true,"href":"https:\/\/www.europesays.com\/fr\/wp-json\/wp\/v2\/comments?post=664323"}],"version-history":[{"count":0,"href":"https:\/\/www.europesays.com\/fr\/wp-json\/wp\/v2\/posts\/664323\/revisions"}],"wp:featuredmedia":[{"embeddable":true,"href":"https:\/\/www.europesays.com\/fr\/wp-json\/wp\/v2\/media\/664324"}],"wp:attachment":[{"href":"https:\/\/www.europesays.com\/fr\/wp-json\/wp\/v2\/media?parent=664323"}],"wp:term":[{"taxonomy":"category","embeddable":true,"href":"https:\/\/www.europesays.com\/fr\/wp-json\/wp\/v2\/categories?post=664323"},{"taxonomy":"post_tag","embeddable":true,"href":"https:\/\/www.europesays.com\/fr\/wp-json\/wp\/v2\/tags?post=664323"}],"curies":[{"name":"wp","href":"https:\/\/api.w.org\/{rel}","templated":true}]}}