{"id":664326,"date":"2026-01-15T02:20:24","date_gmt":"2026-01-15T02:20:24","guid":{"rendered":"https:\/\/www.europesays.com\/fr\/664326\/"},"modified":"2026-01-15T02:20:24","modified_gmt":"2026-01-15T02:20:24","slug":"piano-a-lyon-salle-moliere-le-4-fevrier-2026-recital-de-joseph-moog-beethoven-chopin-debussy-liszt","status":"publish","type":"post","link":"https:\/\/www.europesays.com\/fr\/664326\/","title":{"rendered":"PIANO A LYON. Salle Moli\u00e8re, le 4 f\u00e9vrier 2026. R\u00e9cital de Joseph Moog (Beethoven, Chopin, Debussy, Liszt)"},"content":{"rendered":"<p><a href=\"https:\/\/philharmoniedeparis.fr\/fr\/activite\/concert-symphonique\/28472-orchestre-de-paris-lorenza-borrani?itemId=141169&amp;utm_source=classiquenews&amp;utm_campaign=orchestre_de_paris&amp;utm_content=banniere\" aria-label=\"OP_ClassiqueNews_602\" target=\"_blank\" rel=\"noopener\"><img fetchpriority=\"high\" decoding=\"async\" src=\"https:\/\/www.europesays.com\/fr\/wp-content\/uploads\/2026\/01\/OP_ClassiqueNews_602.png\" alt=\"\"   width=\"602\" height=\"250\"\/><\/a><a href=\"https:\/\/www.classiquenews.com\/piano-a-lyon-salle-moliere-le-4-fevrier-2026-recital-de-joseph-moog-beethoven-chopin-debussy-liszt\/?print=pdf\" class=\"pdfprnt-button pdfprnt-button-pdf\" target=\"_blank\" rel=\"noopener\"><img decoding=\"async\" src=\"https:\/\/www.europesays.com\/fr\/wp-content\/uploads\/2025\/11\/pdf.png\" alt=\"image_pdf\" title=\"Afficher le PDF\"\/>T\u00e9l\u00e9charger (.pdf)<\/a>Le mercredi 4 f\u00e9vrier 2026, la saison 25\/26 de <strong>Piano \u00e0 Lyon<\/strong>\u00a0s\u2019offre l\u2019une des \u00e9toiles montantes du piano international : l\u2019Am\u00e9ricain\u00a0<strong>Joseph Moog<\/strong>. Pour ce r\u00e9cital tr\u00e8s attendu, le pianiste se produira dans l\u2019\u00e9crin historique de la\u00a0<strong>Salle Moli\u00e8re<\/strong>, perp\u00e9tuant ainsi la tradition d\u2019excellence de cette institution culturelle lyonnaise.<\/p>\n<p class=\"ds-markdown-paragraph\">Bien que son agenda international affiche une s\u00e9rie de concerts avec de grands orchestres en Allemagne et au Portugal au printemps 2026,<strong> Joseph Moog<\/strong> r\u00e9serve aux Lyonnais l\u2019intimit\u00e9 d\u2019un r\u00e9cital. Artiste \u00e0 la curiosit\u00e9 insatiable et reconnu pour ses interpr\u00e9tations aussi bien techniques que profond\u00e9ment musicales, il promet un voyage pianistique unique. Sa pr\u00e9sence \u00e0 Lyon est un \u00e9v\u00e9nement en soi, signalant l\u2019attrait et le rayonnement de la saison\u00a0<strong>Piano \u00e0 Lyon<\/strong>.\n<\/p>\n<p class=\"ds-markdown-paragraph\">Piano \u00e0 Lyon\u00a0est bien plus qu\u2019une simple s\u00e9rie de concerts ; c\u2019est une\u00a0institution incontournable dans le paysage musical fran\u00e7ais, d\u00e9di\u00e9e \u00e0 la promotion du piano sous toutes ses formes. Sa programmation audacieuse et exigeante m\u00eale jeunes talents prim\u00e9s et artistes confirm\u00e9s de renomm\u00e9e mondiale. Cette <strong>saison 2025\/2026<\/strong> en est la parfaite illustration, avec des r\u00e9citals \u00e0 la Salle Moli\u00e8re et des rendez-vous prestigieux \u00e0 l\u2019Op\u00e9ra de Lyon. Le concert de Joseph Moog s\u2019inscrit dans cette lign\u00e9e, entre des r\u00e9citals \u00e0 quatre mains (Pavel Kolesnikov &amp; Samson Tsoy) et des concerts avec d\u2019illustres invit\u00e9s comme <strong>Benjamin Grosvenor, Alexander Malofeev <\/strong>ou encore l\u2019immense <strong>Martha Argerich.<\/strong>\n<\/p>\n<p class=\"ds-markdown-paragraph\">Ce concert se tiendra dans le cadre privil\u00e9gi\u00e9 de la\u00a0<strong>Salle Moli\u00e8re<\/strong>, une salle municipale class\u00e9e monument historique, situ\u00e9e au c\u0153ur du Vieux Lyon sur les quais de Sa\u00f4ne. Avec\u00a0586 places, elle offre une acoustique remarquable et une proximit\u00e9 rare avec les artistes, ce qui en fait le lieu id\u00e9al pour la musique de chambre et les r\u00e9citals. Elle est d\u2019ailleurs le partenaire historique de\u00a0Piano \u00e0 Lyon\u00a0et accueille r\u00e9guli\u00e8rement d\u2019autres festivals et concours de renom, consolidant son statut de\u00a0haute place de la vie culturelle lyonnaise.\n<\/p>\n<p style=\"text-align: right;\">photo \u00a9 Mardo\n<\/p>\n<p>_____________________________________<\/p>\n<p>Programme<\/p>\n<p><strong>Beethoven<\/strong><br \/>Sonate n\u00b08 op.13 \u00abPath\u00e9tique\u00bb\n<\/p>\n<p><strong>Chopin<\/strong><br \/>Polonaise op. 26 n\u00b01<br \/>Nocturne op. 15 n\u00b02<br \/>Scherzo n\u00b01 op. 20\n<\/p>\n<p><strong>Debussy<\/strong><br \/>L\u2019Isle joyeuse\n<\/p>\n<p><strong>Liszt<\/strong><br \/>La Leggierezza, \u00e9tude de concert n\u00b02<br \/>Polonaise n\u00b01<br \/>Sonnets 47, 104 &amp; 123 de P\u00e9trarque<br \/>(extraits des Ann\u00e9es de p\u00e8lerinage, 2\u00e8me ann\u00e9e \u2013 Italie)<br \/>Venezia e Napoli (Gondoliera, Canzone &amp; Tarentella\n<\/p>\n<p><strong> Informations pratique<\/strong> :<\/p>\n<ul>\n<li>\n<p class=\"ds-markdown-paragraph\"><strong>Date &amp; Lieu<\/strong>\u00a0: Mercredi 4 f\u00e9vrier 2026, \u00e0 la Salle Moli\u00e8re (20 Quai de Bondy, 69005 Lyon).\n<\/p>\n<\/li>\n<li>\n<p class=\"ds-markdown-paragraph\"><strong>Billetterie<\/strong>\u00a0: La r\u00e9servation est indispensable. Elle s\u2019effectue via le site de\u00a0Piano \u00e0 Lyon.\n<\/p>\n<\/li>\n<li>\n<p class=\"ds-markdown-paragraph\"><strong>Acc\u00e8s<\/strong>\u00a0: La salle est facilement accessible en transports en commun (bus, arr\u00eat Saint-Paul).\n<\/p>\n<\/li>\n<\/ul>\n<p class=\"ds-markdown-paragraph\">Piano \u00e0 Lyon\u00a0et r\u00e9server vos places, <a href=\"https:\/\/www.pianoalyon.com\/concerts\/joseph-moog\/\" target=\"_blank\" rel=\"noopener\">consultez leur site officiel<\/a>.\n<\/p>\n<p style=\"text-align: center;\">____________________________________________\n<\/p>\n<p>\u00a0\n<\/p>\n<p>\u00a0\n<\/p>\n<p><a href=\"https:\/\/www.classiquenews.com\/piano-a-lyon-salle-moliere-le-4-fevrier-2026-recital-de-joseph-moog-beethoven-chopin-debussy-liszt\/?print=pdf\" class=\"pdfprnt-button pdfprnt-button-pdf\" target=\"_blank\" rel=\"noopener\"><img decoding=\"async\" src=\"https:\/\/www.europesays.com\/fr\/wp-content\/uploads\/2025\/11\/pdf.png\" alt=\"image_pdf\" title=\"Afficher le PDF\"\/>T\u00e9l\u00e9charger (.pdf)<\/a><a href=\"https:\/\/www.opera.mc\/fr\/saisons\/25-26\/la-walkyrie\" aria-label=\"affiche_OMC-602 opera monaco classiquenews\" target=\"_blank\" rel=\"noopener\"><img loading=\"lazy\" decoding=\"async\" src=\"https:\/\/www.europesays.com\/fr\/wp-content\/uploads\/2025\/12\/affiche_OMC-602-opera-monaco-classiquenews.jpg\" alt=\"\"   width=\"602\" height=\"250\"\/><\/a><\/p>\n","protected":false},"excerpt":{"rendered":"T\u00e9l\u00e9charger (.pdf)Le mercredi 4 f\u00e9vrier 2026, la saison 25\/26 de Piano \u00e0 Lyon\u00a0s\u2019offre l\u2019une des \u00e9toiles montantes du&hellip;\n","protected":false},"author":2,"featured_media":664327,"comment_status":"","ping_status":"","sticky":false,"template":"","format":"standard","meta":{"footnotes":""},"categories":[1889],"tags":[1111,11,2430,1777,674,1011,27,2428,12,25],"class_list":{"0":"post-664326","1":"post","2":"type-post","3":"status-publish","4":"format-standard","5":"has-post-thumbnail","7":"category-lyon","8":"tag-actu","9":"tag-actualites","10":"tag-auvergne-rhone-alpes","11":"tag-eu","12":"tag-europe","13":"tag-fr","14":"tag-france","15":"tag-lyon","16":"tag-news","17":"tag-republique-francaise"},"share_on_mastodon":{"url":"https:\/\/pubeurope.com\/@fr\/115896727998644342","error":""},"_links":{"self":[{"href":"https:\/\/www.europesays.com\/fr\/wp-json\/wp\/v2\/posts\/664326","targetHints":{"allow":["GET"]}}],"collection":[{"href":"https:\/\/www.europesays.com\/fr\/wp-json\/wp\/v2\/posts"}],"about":[{"href":"https:\/\/www.europesays.com\/fr\/wp-json\/wp\/v2\/types\/post"}],"author":[{"embeddable":true,"href":"https:\/\/www.europesays.com\/fr\/wp-json\/wp\/v2\/users\/2"}],"replies":[{"embeddable":true,"href":"https:\/\/www.europesays.com\/fr\/wp-json\/wp\/v2\/comments?post=664326"}],"version-history":[{"count":0,"href":"https:\/\/www.europesays.com\/fr\/wp-json\/wp\/v2\/posts\/664326\/revisions"}],"wp:featuredmedia":[{"embeddable":true,"href":"https:\/\/www.europesays.com\/fr\/wp-json\/wp\/v2\/media\/664327"}],"wp:attachment":[{"href":"https:\/\/www.europesays.com\/fr\/wp-json\/wp\/v2\/media?parent=664326"}],"wp:term":[{"taxonomy":"category","embeddable":true,"href":"https:\/\/www.europesays.com\/fr\/wp-json\/wp\/v2\/categories?post=664326"},{"taxonomy":"post_tag","embeddable":true,"href":"https:\/\/www.europesays.com\/fr\/wp-json\/wp\/v2\/tags?post=664326"}],"curies":[{"name":"wp","href":"https:\/\/api.w.org\/{rel}","templated":true}]}}