{"id":664363,"date":"2026-01-15T02:46:11","date_gmt":"2026-01-15T02:46:11","guid":{"rendered":"https:\/\/www.europesays.com\/fr\/664363\/"},"modified":"2026-01-15T02:46:11","modified_gmt":"2026-01-15T02:46:11","slug":"je-naurais-jamais-du-y-aller","status":"publish","type":"post","link":"https:\/\/www.europesays.com\/fr\/664363\/","title":{"rendered":"Je n&rsquo;aurais jamais d\u00fb y aller"},"content":{"rendered":"<p>Par <a class=\"author_recette\" id=\"author_name\" href=\"https:\/\/www.nextplz.fr\/auteur\/victoria-buisson\" target=\"_blank\" rel=\"noopener\">Victoria<br \/>\nBuisson<\/a> &#8211;<br \/>\nPubli\u00e9 le 14 Jan 2026 \u00e0<br \/>\n23:00<\/p>\n<p class=\"article-intro excerpt\">N\u00e9 \u00e0 Tunis en 1952, Michel<br \/>\nBoujenah a pris la d\u00e9cision d\u2019aller voir la maison de son enfance.<br \/>\nUn moment dont il garde un triste souvenir\u2026<\/p>\n<p><img width=\"750\" height=\"410\" src=\"data:image\/svg+xml,%3Csvg%20xmlns=\" http:=\"\" class=\"img-responsive alignnone size-full pinit-here zoom-it\" alt=\"michel boujenah\" fetchpriority=\"high\" data-lazyloading=\"false\" decoding=\"async\" data-lazy-src=\"https:\/\/www.europesays.com\/fr\/wp-content\/uploads\/2026\/01\/michel-boujenah-750x410.jpg\"\/><\/p>\n<p>\u00a9 shutterstock<\/p>\n<p>Acteur, humoriste et r\u00e9alisateur, <a href=\"https:\/\/www.nextplz.fr\/personnalite\/michel-boujenah\/\" target=\"_blank\" rel=\"noopener\">Michel<br \/>\nBoujenah n\u00a0\u00bba plus rien \u00e0 prouver<\/a>. \u00c0 73 ans, celui qui a partag\u00e9<br \/>\nl&rsquo;\u00e9cran avec Andr\u00e9 Dussollier et Roland Giraud dans Trois<br \/>\nHommes et un couffin se d\u00e9tourne d\u00e9sormais de la t\u00e9l\u00e9vision.<br \/>\nDans une r\u00e9cente interview accord\u00e9e au Buzz TV, il a<br \/>\nd&rsquo;ailleurs confi\u00e9 que certains programmes ne l&rsquo;int\u00e9ressent plus du<br \/>\ntout et que les t\u00e9l\u00e9spectateurs n&rsquo;\u00e9taient pas pr\u00e8s de le voir<br \/>\nparticiper \u00e0 des \u00e9missions comme Mask Singer ou Fort<br \/>\nBoyard. Pour lui, ces formats restent tout simplement<br \/>\ninenvisageables. \u00ab\u00a0M\u00eame pas en r\u00eave.\u00a0Vous \u00eates fous ou quoi<br \/>\n? Ils savent tr\u00e8s bien que je ne le ferai pas. C\u2019est quoi cette<br \/>\nesp\u00e8ce de d\u00e9lire o\u00f9 les artistes se retrouvent \u00e0 faire \u00e7a ?\u00a0\u00bb,<br \/>\na-t-il lanc\u00e9. Des mots qui ont suscit\u00e9 de vives r\u00e9actions.<\/p>\n<p>Michel Boujenah boulevers\u00e9 face \u00e0 la maison de son enfance<\/p>\n<p>Bien avant son intervention dans le Buzz TV, Michel<br \/>\nBoujenah a accord\u00e9 une interview \u00e0 Bernard Montiel sur les ondes de<br \/>\nRFM. Lors de cet entretien, l&rsquo;acteur est revenu sur son<br \/>\npassage dans la maison de son enfance \u00e0 Tunis, un moment qu&rsquo;il<br \/>\naurait aim\u00e9 ne jamais avoir \u00e0 vivre. \u00ab\u00a0La derni\u00e8re fois que je<br \/>\nsuis all\u00e9 en Tunisie, c\u2019est pour tourner dans un film et j\u2019avais<br \/>\nune matin\u00e9e de libre. Je suis all\u00e9 voir ma maison de Tunis. \u00c7a a<br \/>\n\u00e9t\u00e9 terrible.\u00a0Jamais j\u2019aurais d\u00fb y aller. Il ne faut pas<br \/>\ntoucher aux souvenirs\u00a0\u00bb, a-t-il confi\u00e9.<\/p>\n<p>\u00ab\u00a0J\u2019ai d\u00e9cid\u00e9 d\u2019effacer ce que j\u2019ai vu<br \/>\nde ma t\u00eate\u00a0\u00bb<\/p>\n<p>Cette parenth\u00e8se nostalgique a \u00e9t\u00e9 un v\u00e9ritable cauchemar pour<br \/>\nMichel Boujenah. \u00ab\u00a0Mais non, tu quittes un endroit quand t\u2019as<br \/>\nonze ans et que tu reviens, t\u2019en as 72\u2026 crois-moi que \u00e7a a<br \/>\nchang\u00e9.\u00a0C\u2019est sacr\u00e9ment violent\u00a0\u00bb, a-t-il expliqu\u00e9 avant<br \/>\nd&rsquo;ajouter avec fermet\u00e9 : \u00ab\u00a0J\u2019ai d\u00e9cid\u00e9 d\u2019effacer ce que j\u2019ai vu<br \/>\nde ma t\u00eate. Ah oui, ce n\u2019\u00e9tait plus chez moi.\u00a0\u00bb Rappelons que<br \/>\n<a href=\"https:\/\/www.nextplz.fr\/people\/513742-ne-en-tunisie-michel-boujenah-honnete-sur-le-fait-de-vivre-en-pays-musulman-ma-position-cest\" target=\"_blank\" rel=\"noopener\"><br \/>\nl&rsquo;acteur est n\u00e9 en Tunisie en 1952<\/a>. C&rsquo;est \u00e0 l&rsquo;\u00e2ge de 11 ans<br \/>\nqu&rsquo;il aurait quitt\u00e9 sa terre natale avec beaucoup de<br \/>\ndifficult\u00e9.<\/p>\n<p>\u00ab\u00a0Je ne voulais pas<br \/>\nquitter la Tunisie\u00a0\u00bb<\/p>\n<p>\u00ab\u00a0Moi\u00a0je ne voulais pas quitter la Tunisie, j\u2019ai cass\u00e9<br \/>\ntoutes les fen\u00eatres de la rue o\u00f9 j\u2019habitais avec mon lance-pierre.<br \/>\nC&rsquo;\u00e9tait ma r\u00e9volte \u00e0 moi, j\u2019ai arr\u00eat\u00e9 de manger, de dormir\u2026 Je<br \/>\nme suis rendu malade\u00a0\u00bb, avait-il avou\u00e9 sur France 2 en 2023. Michel<br \/>\nBoujenah a mis de nombreuses ann\u00e9es \u00e0 comprendre les raisons de ce<br \/>\nd\u00e9part. \u00ab\u00a0Mon p\u00e8re, on lui a dit un jour : &lsquo;pour certains, en ce<br \/>\nmoment, tu es plus juif que Tunisien.\u2019\u00a0\u00bb\u00a0Des mots qui ont<br \/>\neu une certaine r\u00e9sonance.\u00a0\u00ab\u00a0Je lui en voulais \u00e0 ce<br \/>\nmoment-l\u00e0\u2026\u00a0j\u2019en voulais terriblement \u00e0 mes parents\u00a0\u00bb. De<br \/>\ntouchantes r\u00e9v\u00e9lations.<\/p>\n","protected":false},"excerpt":{"rendered":"Par Victoria Buisson &#8211; Publi\u00e9 le 14 Jan 2026 \u00e0 23:00 N\u00e9 \u00e0 Tunis en 1952, Michel Boujenah&hellip;\n","protected":false},"author":2,"featured_media":664364,"comment_status":"","ping_status":"","sticky":false,"template":"","format":"standard","meta":{"footnotes":""},"categories":[1359],"tags":[58,59,1011,27,973,65861],"class_list":{"0":"post-664363","1":"post","2":"type-post","3":"status-publish","4":"format-standard","5":"has-post-thumbnail","7":"category-people","8":"tag-divertissement","9":"tag-entertainment","10":"tag-fr","11":"tag-france","12":"tag-people","13":"tag-trend"},"share_on_mastodon":{"url":"https:\/\/pubeurope.com\/@fr\/115896830170158824","error":""},"_links":{"self":[{"href":"https:\/\/www.europesays.com\/fr\/wp-json\/wp\/v2\/posts\/664363","targetHints":{"allow":["GET"]}}],"collection":[{"href":"https:\/\/www.europesays.com\/fr\/wp-json\/wp\/v2\/posts"}],"about":[{"href":"https:\/\/www.europesays.com\/fr\/wp-json\/wp\/v2\/types\/post"}],"author":[{"embeddable":true,"href":"https:\/\/www.europesays.com\/fr\/wp-json\/wp\/v2\/users\/2"}],"replies":[{"embeddable":true,"href":"https:\/\/www.europesays.com\/fr\/wp-json\/wp\/v2\/comments?post=664363"}],"version-history":[{"count":0,"href":"https:\/\/www.europesays.com\/fr\/wp-json\/wp\/v2\/posts\/664363\/revisions"}],"wp:featuredmedia":[{"embeddable":true,"href":"https:\/\/www.europesays.com\/fr\/wp-json\/wp\/v2\/media\/664364"}],"wp:attachment":[{"href":"https:\/\/www.europesays.com\/fr\/wp-json\/wp\/v2\/media?parent=664363"}],"wp:term":[{"taxonomy":"category","embeddable":true,"href":"https:\/\/www.europesays.com\/fr\/wp-json\/wp\/v2\/categories?post=664363"},{"taxonomy":"post_tag","embeddable":true,"href":"https:\/\/www.europesays.com\/fr\/wp-json\/wp\/v2\/tags?post=664363"}],"curies":[{"name":"wp","href":"https:\/\/api.w.org\/{rel}","templated":true}]}}