{"id":664365,"date":"2026-01-15T02:47:11","date_gmt":"2026-01-15T02:47:11","guid":{"rendered":"https:\/\/www.europesays.com\/fr\/664365\/"},"modified":"2026-01-15T02:47:11","modified_gmt":"2026-01-15T02:47:11","slug":"frequentation-des-musees-et-consommation-culturelle","status":"publish","type":"post","link":"https:\/\/www.europesays.com\/fr\/664365\/","title":{"rendered":"Fr\u00e9quentation des mus\u00e9es et consommation culturelle"},"content":{"rendered":"<p>C\u2019est l\u2019heure des bilans. Certains mus\u00e9es se gargarisent de chiffres, annon\u00e7ant en fanfare des records de fr\u00e9quentation pour l\u2019ann\u00e9e qui vient de s\u2019achever.  Au-del\u00e0 du d\u00e9compte, qui n\u2019est pas toujours tr\u00e8s clair  &#8211; Les entr\u00e9es gratuites sont-elles enregistr\u00e9es\u00a0? Comment distinguer les personnes qui viennent voir les collections permanentes, de celles qui se d\u00e9placent pour les expositions temporaires\u00a0? &#8211; ce succ\u00e8s apparent cache une certaine ambigu\u00eft\u00e9 quant \u00e0 la mission des mus\u00e9es\u00a0: leur objectif de toucher un public toujours plus large r\u00e9pond-il \u00e0 une volont\u00e9 d\u2019\u00e9ducation, ou de rentabilit\u00e9\u00a0? Autrement dit, une fr\u00e9quentation croissante est-elle compatible avec une visite de qualit\u00e9\u00a0?<\/p>\n<dl class=\"spip_document_77467 spip_documents spip_documents_center\" itemprop=\"image\" itemscope=\"\" itemtype=\"http:\/\/schema.org\/ImageObject\">\n<dt>\n\t\t<a href=\"https:\/\/www.latribunedelart.com\/IMG\/jpg\/joconde-5.jpg?77467\/b3be39777ea1d26771eec7a5546bcdffdc525d98f180660984bb41e564a9396c\" title=\"\" type=\"image\/jpeg\" target=\"_blank\" rel=\"noopener\"><br \/>\n\t\t\t<img loading=\"lazy\" decoding=\"async\" src=\"https:\/\/www.europesays.com\/fr\/wp-content\/uploads\/2026\/01\/joconde-5-fa4d6.jpg\" width=\"500\" height=\"375\" alt=\"\" itemprop=\"contentUrl\"\/><br \/>\n\t\t<\/a>\n\t<\/dt>\n<dd class=\"crayon document-descriptif-77467 spip_doc_descriptif\" style=\"width:350px;\" itemprop=\"description\">Devant la Joconde, au Louvre<br class=\"autobr\"\/><br \/>\nPhoto\u00a0: Didier Rykner\n<\/dd>\n<dd class=\"spip_doc_lien-galerie\">\n\t\t<a href=\"https:\/\/www.latribunedelart.com\/spip.php?page=docbig&amp;id_document=77467&amp;id_article=13232\" target=\"_blank\" rel=\"noopener\">Voir l\u00b4image dans sa page<\/a>\n\t<\/dd>\n<\/dl>\n<p>Il y a, bien s\u00fbr, un ab\u00eeme entre les mus\u00e9es qui voient passer quelques milliers de visiteurs par an et ceux qui en accueillent quelques milliers par jour. Et si l\u2019on peut se r\u00e9jouir du succ\u00e8s grandissant des premiers, lorsqu\u2019ils fournissent un travail scientifique remarquable sur leurs collections, l\u2019augmentation du public dans des lieux d\u00e9j\u00e0 tr\u00e8s fr\u00e9quent\u00e9s n\u2019est pas particuli\u00e8rement exaltante. Derri\u00e8re les chiffres annonc\u00e9s par certaines institutions, il faut imaginer les files d\u2019attente \u00e0 l\u2019ext\u00e9rieur, les foules agglutin\u00e9es \u00e0 l\u2019int\u00e9rieur, et l\u2019on ne peut s\u2019emp\u00eacher de compatir avec le visiteur qui tente d\u2019apercevoir des \u0153uvres, malgr\u00e9 ce flot humain, compact et impatient, qui l\u2019entra\u00eene de salle en salle. Il doit jouer des coudes, accepter d\u2019\u00eatre g\u00ean\u00e9 par le sac \u00e0 main d\u2019une voisine encastr\u00e9 dans ses c\u00f4tes, sentir l\u2019haleine d\u2019un inconnu exhal\u00e9e dans son cou, se mettre sur la pointe des pieds pour d\u00e9passer le mur de t\u00e9l\u00e9phones brandis devant ses yeux, entendre les r\u00e9cits de vacances et les r\u00e9f\u00e9rences familiales &#8211; \u00ab\u00a0le portrait du moustachu me fait penser \u00e0 tante D\u00e9dette\u00a0\u00bb &#8211; subir les cr\u00eapages de chignons de personnes stup\u00e9faites de retrouver, dans un lieu culturel, l\u2019ambiance du\u2026<\/p>\n","protected":false},"excerpt":{"rendered":"C\u2019est l\u2019heure des bilans. Certains mus\u00e9es se gargarisent de chiffres, annon\u00e7ant en fanfare des records de fr\u00e9quentation pour&hellip;\n","protected":false},"author":2,"featured_media":664366,"comment_status":"","ping_status":"","sticky":false,"template":"","format":"standard","meta":{"footnotes":""},"categories":[1358],"tags":[1348,1384,1385,1386,58,59,1011,27],"class_list":{"0":"post-664365","1":"post","2":"type-post","3":"status-publish","4":"format-standard","5":"has-post-thumbnail","7":"category-arts-et-design","8":"tag-arts","9":"tag-arts-and-design","10":"tag-arts-et-design","11":"tag-design","12":"tag-divertissement","13":"tag-entertainment","14":"tag-fr","15":"tag-france"},"share_on_mastodon":{"url":"https:\/\/pubeurope.com\/@fr\/115896834010757665","error":""},"_links":{"self":[{"href":"https:\/\/www.europesays.com\/fr\/wp-json\/wp\/v2\/posts\/664365","targetHints":{"allow":["GET"]}}],"collection":[{"href":"https:\/\/www.europesays.com\/fr\/wp-json\/wp\/v2\/posts"}],"about":[{"href":"https:\/\/www.europesays.com\/fr\/wp-json\/wp\/v2\/types\/post"}],"author":[{"embeddable":true,"href":"https:\/\/www.europesays.com\/fr\/wp-json\/wp\/v2\/users\/2"}],"replies":[{"embeddable":true,"href":"https:\/\/www.europesays.com\/fr\/wp-json\/wp\/v2\/comments?post=664365"}],"version-history":[{"count":0,"href":"https:\/\/www.europesays.com\/fr\/wp-json\/wp\/v2\/posts\/664365\/revisions"}],"wp:featuredmedia":[{"embeddable":true,"href":"https:\/\/www.europesays.com\/fr\/wp-json\/wp\/v2\/media\/664366"}],"wp:attachment":[{"href":"https:\/\/www.europesays.com\/fr\/wp-json\/wp\/v2\/media?parent=664365"}],"wp:term":[{"taxonomy":"category","embeddable":true,"href":"https:\/\/www.europesays.com\/fr\/wp-json\/wp\/v2\/categories?post=664365"},{"taxonomy":"post_tag","embeddable":true,"href":"https:\/\/www.europesays.com\/fr\/wp-json\/wp\/v2\/tags?post=664365"}],"curies":[{"name":"wp","href":"https:\/\/api.w.org\/{rel}","templated":true}]}}