{"id":664369,"date":"2026-01-15T02:50:13","date_gmt":"2026-01-15T02:50:13","guid":{"rendered":"https:\/\/www.europesays.com\/fr\/664369\/"},"modified":"2026-01-15T02:50:13","modified_gmt":"2026-01-15T02:50:13","slug":"vianney-seloigne-de-sa-cabane-et-retrouve-la-scene-pour-une-raison-tres-precise","status":"publish","type":"post","link":"https:\/\/www.europesays.com\/fr\/664369\/","title":{"rendered":"Vianney s\u2019\u00e9loigne de sa cabane et retrouve la sc\u00e8ne pour une raison tr\u00e8s pr\u00e9cise"},"content":{"rendered":"<p>                <img loading=\"lazy\" decoding=\"async\" src=\"https:\/\/www.europesays.com\/fr\/wp-content\/uploads\/2025\/04\/145-6602e1ce8ddc4-35x35-1.jpg\" class=\"author-article-picture\" width=\"35\" height=\"35\"\/><\/p>\n<p>                    Par<\/p>\n<p>                                            <a class=\"author-article-bio-link\" href=\"https:\/\/www.purepeople.com\/auteur\/lucie-gosselin_a145\" target=\"_blank\" rel=\"noopener\">Lucie Gosselin<\/a><\/p>\n<p>                    |<\/p>\n<p>                                            R\u00e9dactrice<\/p>\n<p>\n                Journaliste passionn\u00e9e, depuis plus de 10 ans, je r\u00e9alise des enqu\u00eates, des portraits, des reportages ou des interviews.\n            <\/p>\n<p>\n    Le chanteur Vianney a quitt\u00e9 temporairement sa cabane isol\u00e9e pour une raison bien pr\u00e9cise. Ce mardi, \u00e0 l\u2019Accor Arena de Paris, l\u2019artiste a retrouv\u00e9 la sc\u00e8ne avec la troupe des Enfoir\u00e9s, un engagement solidaire qu\u2019il continue d\u2019honorer malgr\u00e9 sa r\u00e9cente mise en retrait.\n<\/p>\n<p>                            <img loading=\"lazy\" decoding=\"async\" class=\"player-thumbnail\" src=\"https:\/\/www.europesays.com\/fr\/wp-content\/uploads\/2026\/01\/a1fe81321b6be3f1-580x326-2.jpg\" width=\"580\" height=\"326\"\/><\/p>\n<p>                            Vianney s\u2019\u00e9loigne de sa cabane et retrouve la sc\u00e8ne pour une raison tr\u00e8s pr\u00e9cise<\/p>\n<p>La suite apr\u00e8s la publicit\u00e9<\/p>\n<p>Depuis plusieurs mois, <a href=\"https:\/\/www.purepeople.com\/article\/isole-loin-de-paris-vianney-fait-une-annonce-concernant-sa-cabane-malgre-sa-recente-deception_a545960\/1\" target=\"_blank\" rel=\"noopener\">Vianney s\u2019\u00e9tait volontairement \u00e9loign\u00e9<\/a> du tumulte parisien. Le chanteur de 34 ans avait annonc\u00e9 <strong>une pause dans sa carri\u00e8re<\/strong>, choisissant de se retirer en pleine nature avec sa compagne Catherine Robert et leur fils Edgar. Dans ce d\u00e9cor bois\u00e9 et enneig\u00e9, loin des plateaux t\u00e9l\u00e9 et des tourn\u00e9es, l\u2019artiste s\u2019est lanc\u00e9 dans un projet aussi symbolique que personnel. <strong>La construction, de ses propres mains, d\u2019une cabane<\/strong> nich\u00e9e au c\u0153ur des bois.<\/p>\n<p>Un refuge devenu son quotidien, malgr\u00e9 des <a href=\"https:\/\/www.purepeople.com\/article\/meme-sous-la-neige-vianney-poursuit-la-construction-de-sa-cabane-en-pleine-foret-le-visage-du-chanteur-touche_a546172\/1\" target=\"_blank\" rel=\"noopener\">conditions parfois extr\u00eames<\/a>. Le 6 janvier dernier, Vianney partageait d\u2019ailleurs une photo de ce lieu encore en chantier, le visage marqu\u00e9 par le froid. <strong>\u00ab\u00a0<\/strong><strong>Premi\u00e8re d\u00e9couverte de la semaine : les engelures au visage\u2009!\u00a0\u00bb<\/strong>, \u00e9crivait-il avec humour, assurant n\u00e9anmoins que \u00ab\u00a0travailler ici est un r\u00eave\u00a0\u00bb. Un isolement assum\u00e9, mais pas de rupture d\u00e9finitive avec la musique. Car si Vianney a ralenti le rythme, il n\u2019a jamais totalement tourn\u00e9 le dos \u00e0 la sc\u00e8ne.\u00a0<\/p>\n<p>Et c\u2019est pour une cause qui lui tient particuli\u00e8rement \u00e0 c\u0153ur, qu\u2019il a <strong>accept\u00e9 de quitter, le temps de quelques jours, son havre de paix<\/strong>. Ce mardi soir, <a href=\"https:\/\/www.purepeople.com\/people\/vianney-bureau_p544605\" target=\"_blank\" rel=\"noopener\">Vianney<\/a> est apparu sur la sc\u00e8ne de l\u2019Accor Arena pour le lancement des concerts des Enfoir\u00e9s 2026. Fid\u00e8le \u00e0 la troupe depuis 2021, le chanteur participe pour la <strong>sixi\u00e8me ann\u00e9e cons\u00e9cutive<\/strong> \u00e0 cet \u00e9v\u00e9nement majeur au profit des Restos du C\u0153ur.\u00a0<\/p>\n<p>Pourquoi Vianney a quitt\u00e9 sa cabane : l\u2019appel incontournable des Enfoir\u00e9s<\/p>\n<p>Sur sc\u00e8ne, l\u2019artiste est <strong>apparu barbu, cheveux plus longs, silhouette simple<\/strong>, loin des codes habituels du show-business. Il a notamment pris part \u00e0 un moment fort du spectacle : l\u2019hommage \u00e0 <a href=\"https:\/\/www.purepeople.com\/people\/daniel-balavoine_p279\" target=\"_blank\" rel=\"noopener\">Daniel Balavoine<\/a>, interpr\u00e9tant\u00a0Aimer est plus fort qu\u2019\u00eatre aim\u00e9 aux c\u00f4t\u00e9s de <a href=\"https:\/\/www.purepeople.com\/people\/christophe-mae_p444\" target=\"_blank\" rel=\"noopener\">Christophe Ma\u00e9<\/a> et <a href=\"https:\/\/www.purepeople.com\/people\/m-pokora_p591\" target=\"_blank\" rel=\"noopener\">M. Pokora<\/a>, avant d\u2019\u00eatre rejoint par de nombreux artistes. Un passage empreint d\u2019\u00e9motion, salu\u00e9 par une ovation du public.<\/p>\n<p><a href=\"https:\/\/www.purepeople.com\/article\/les-enfoires-cette-influenceuse-proche-de-louane-integre-la-troupe_a546244\/1\" target=\"_blank\" rel=\"noopener\">La soir\u00e9e n\u2019a pas \u00e9t\u00e9 exempte<\/a> de l\u00e9g\u00e8ret\u00e9 non plus. Dans une <strong>s\u00e9quence humoristique<\/strong>, Vianney s\u2019est amus\u00e9 des <strong>al\u00e9as techniques et des indications du prompteur<\/strong>, lan\u00e7ant avec autod\u00e9rision : \u00ab\u00a0Je ne comprends pas.\u00a0Je ne peux pas dire \u00e7a\u00a0\u00bb. Une spontan\u00e9it\u00e9 qui rappelle pourquoi le public reste si attach\u00e9 \u00e0 lui. Si Vianney a donc quitt\u00e9 sa cabane, ce n\u2019est ni pour une tourn\u00e9e personnelle ni pour une promotion, mais pour honorer un rendez-vous solidaire incontournable.\u00a0<\/p>\n<p><a href=\"https:\/\/www.purepeople.com\/article\/les-enfoires-2026-plusieurs-chanteurs-issus-de-la-star-academy-integrent-la-troupe_a546129\/1\" target=\"_blank\" rel=\"noopener\">Les concerts des Enfoir\u00e9s<\/a>, qui se d\u00e9roulent toute la semaine avec plus de <strong>70\u2009000 spectateurs attendus<\/strong>, seront film\u00e9s pour une diffusion sur TF1 d\u00e9but mars. Un engagement ponctuel fort de sens. Une fois cette parenth\u00e8se referm\u00e9e, Vianney devrait retrouver le calme des bois et reprendre la construction de sa cabane. Preuve qu\u2019on peut, m\u00eame en pleine pause, r\u00e9pondre pr\u00e9sent lorsque la cause est importante.\u00a0<\/p>\n","protected":false},"excerpt":{"rendered":"Par Lucie Gosselin | R\u00e9dactrice Journaliste passionn\u00e9e, depuis plus de 10 ans, je r\u00e9alise des enqu\u00eates, des portraits,&hellip;\n","protected":false},"author":2,"featured_media":664370,"comment_status":"","ping_status":"","sticky":false,"template":"","format":"standard","meta":{"footnotes":""},"categories":[1355],"tags":[58,59,1011,27,1361,873],"class_list":{"0":"post-664369","1":"post","2":"type-post","3":"status-publish","4":"format-standard","5":"has-post-thumbnail","7":"category-musique","8":"tag-divertissement","9":"tag-entertainment","10":"tag-fr","11":"tag-france","12":"tag-music","13":"tag-musique"},"share_on_mastodon":{"url":"https:\/\/pubeurope.com\/@fr\/115896847075331696","error":""},"_links":{"self":[{"href":"https:\/\/www.europesays.com\/fr\/wp-json\/wp\/v2\/posts\/664369","targetHints":{"allow":["GET"]}}],"collection":[{"href":"https:\/\/www.europesays.com\/fr\/wp-json\/wp\/v2\/posts"}],"about":[{"href":"https:\/\/www.europesays.com\/fr\/wp-json\/wp\/v2\/types\/post"}],"author":[{"embeddable":true,"href":"https:\/\/www.europesays.com\/fr\/wp-json\/wp\/v2\/users\/2"}],"replies":[{"embeddable":true,"href":"https:\/\/www.europesays.com\/fr\/wp-json\/wp\/v2\/comments?post=664369"}],"version-history":[{"count":0,"href":"https:\/\/www.europesays.com\/fr\/wp-json\/wp\/v2\/posts\/664369\/revisions"}],"wp:featuredmedia":[{"embeddable":true,"href":"https:\/\/www.europesays.com\/fr\/wp-json\/wp\/v2\/media\/664370"}],"wp:attachment":[{"href":"https:\/\/www.europesays.com\/fr\/wp-json\/wp\/v2\/media?parent=664369"}],"wp:term":[{"taxonomy":"category","embeddable":true,"href":"https:\/\/www.europesays.com\/fr\/wp-json\/wp\/v2\/categories?post=664369"},{"taxonomy":"post_tag","embeddable":true,"href":"https:\/\/www.europesays.com\/fr\/wp-json\/wp\/v2\/tags?post=664369"}],"curies":[{"name":"wp","href":"https:\/\/api.w.org\/{rel}","templated":true}]}}