{"id":664376,"date":"2026-01-15T02:54:21","date_gmt":"2026-01-15T02:54:21","guid":{"rendered":"https:\/\/www.europesays.com\/fr\/664376\/"},"modified":"2026-01-15T02:54:21","modified_gmt":"2026-01-15T02:54:21","slug":"le-15-janvier-juliette-avoue-tout","status":"publish","type":"post","link":"https:\/\/www.europesays.com\/fr\/664376\/","title":{"rendered":"le 15 janvier, Juliette avoue tout &#8230;"},"content":{"rendered":"<p>EN BREF<\/p>\n<ul class=\"bloc_resume_post_list\">\n<li>Le 15 janvier dans Ici tout commence, Ga\u00ebtan lance un<br \/>\ncalorie challenge sp\u00e9cial p\u00e2tisserie.<\/li>\n<li>Une vid\u00e9o compromettante de Milan est post\u00e9e sur les<br \/>\nr\u00e9seaux sociaux.<\/li>\n<li>Persuad\u00e9e qu\u00a0\u00bbAnouk est responsable de la mort de son<br \/>\nfianc\u00e9, Juliette la met en danger.<\/li>\n<\/ul>\n<p>Dans l\u2019\u00e9pisode d\u2019Ici tout commence du jeudi 15 janvier<br \/>\n2026 sur TF1, Ga\u00ebtan (Terence Telle) donne le coup d\u2019envoi de son<br \/>\nnouveau module\u00a0: un <strong>calorie challenge sp\u00e9cial<br \/>\np\u00e2tisserie.<\/strong> Le principe est simple\u00a0: les diff\u00e9rents<br \/>\nbin\u00f4mes vont devoir concevoir des p\u00e2tisserie basse calorie \u00e0 base<br \/>\nd\u2019un nombre pr\u00e9cis d\u2019ingr\u00e9dients. \u00c0 chaque dessert r\u00e9ussi, ils<br \/>\npasseront un niveau.<\/p>\n<p>Tr\u00e8s comp\u00e9titives, <strong>Ninon (Elsa Bois) et Coline (Talina<br \/>\nBoyaci)<\/strong> m\u00e8nent leurs bin\u00f4mes respectifs, Gary (Louis<br \/>\nOuld-Yaou) et C\u00e9sar (Manec Verdier), \u00e0 la baguette. Elles<br \/>\nr\u00e9ussissent \u00e0 valider les deux premiers niveaux et se donnent<br \/>\nrendez-vous le lendemain pour la suite des hostilit\u00e9s. <strong>Gary<br \/>\net C\u00e9sar, lass\u00e9s de se faire crier dessus,<\/strong> demandent \u00e0<br \/>\nGa\u00ebtan de les exempter de module le lendemain.<\/p>\n<p>Milan se retrouve en difficult\u00e9<\/p>\n<p>Ailleurs \u00e0 l\u2019Institut, Ana\u00efs (Julie Sassoust) demande \u00e0 Milan<br \/>\n(Gabriel R\u00e9hs\u00e9) de lui raconter ce qu\u2019il s\u2019est pass\u00e9 la veille \u00e0<br \/>\nl\u2019<a href=\"https:\/\/www.telestar.fr\/serie_tv\/exclu-ici-tout-commence-nouveau-decor-nouveaux-personnages-ce-renouveau-xxl-qui-va-bouleverser-la-serie-1737113\" target=\"_blank\" rel=\"noopener\">h\u00f4tel<br \/>\nJourdain<\/a>. Elle a rendez-vous avec Andr\u00e9a (Marie-Christine Adam)<br \/>\ndans la matin\u00e9e et voudrait avoir sa version. <strong>Milan<br \/>\nexplique qu\u2019une cliente l\u2019a accus\u00e9 d\u2019avoir vol\u00e9 ses bijoux et l\u2019a<br \/>\nfilm\u00e9.<\/strong> Il demande \u00e0 Ana\u00efs de le soutenir face \u00e0 Andr\u00e9a,<br \/>\nm\u00eame s\u2019il a l\u2019impression que sa petite amie se rangera du c\u00f4t\u00e9 des<br \/>\nJourdain quoi qu\u2019il arrive\u2026<\/p>\n<p>Un peu plus tard, Ana\u00efs retrouve Andr\u00e9a et Jeanne (Aur\u00e9lie<br \/>\nVaneck) dans son bureau. <strong>Andr\u00e9a est tr\u00e8s remont\u00e9e contre<br \/>\nMilan<\/strong>, qu\u2019elle va jusqu\u2019\u00e0 accuser d\u2019avoir commis le vol du<br \/>\nbijou. Elle pense qu\u2019avec son pass\u00e9 de taulard, Milan n\u2019est pas<br \/>\ndigne de confiance. Agac\u00e9e, Ana\u00efs r\u00e9plique qu\u2019elle ne peut pas<br \/>\naccuser un \u00e9l\u00e8ve sous pr\u00e9texte qu\u2019elle a des pr\u00e9jug\u00e9s. <strong>Elle<br \/>\nlui retire la charge du jeune homme.<\/strong><\/p>\n<p>En fin de journ\u00e9e, Ana\u00efs retrouve Milan \u00e0 la coloc\u2019. Le jeune<br \/>\nhomme est soulag\u00e9 d\u2019en avoir fini avec cette histoire, mais Billie<br \/>\n(Margaux Aguilar) vient lui annoncer une mauvaise nouvelle\u00a0:<br \/>\nla cliente de la veille est une influenceuse, et <strong>elle vient<br \/>\nde poster la vid\u00e9o sur les r\u00e9seaux sociaux.<\/strong> Elle appelle<br \/>\ntout le monde \u00e0 boycotter l\u2019h\u00f4tel Jourdain.<\/p>\n<p>Juliette avoue avoir film\u00e9 Loup et Anouk<\/p>\n<p>Alors qu\u2019elle accompagne Lionel (Lucien Belv\u00e8s) \u00e0 l\u2019Institut,<br \/>\nJuliette (Ambre Muni\u00e9) voit arriver Anouk (Vanille Lehmann) \u00e0 moto.<br \/>\nElle pr\u00e9tend avoir oubli\u00e9 son chargeur de t\u00e9l\u00e9phone au Comptoir et<br \/>\nreste en arri\u00e8re pour <strong>aller saboter le v\u00e9hicule de la jeune<br \/>\ncheffe\u2026<\/strong> Un peu plus tard, Fleur (Malou Mullier) et<br \/>\nJos\u00e9phine (Lucie Flory) aper\u00e7oivent Juliette dans le parc et vont<br \/>\nla confronter. Juliette ne nie pas avoir fait chanter Revero, bien<br \/>\nau contraire. <strong>Elle confirme vouloir la faire payer pour la<br \/>\nmort de son second, Jean, qui se trouvait \u00eatre son<br \/>\nfianc\u00e9.<\/strong><\/p>\n<p>Quand Jean a commenc\u00e9 \u00e0 travailler avec la cheffe Revero,<br \/>\nJuliette a pens\u00e9 que ce serait une belle opportunit\u00e9.<br \/>\nMalheureusement, le jeune homme a d\u00e9velopp\u00e9 une obsession pour sa<br \/>\nsup\u00e9rieure et a commenc\u00e9 \u00e0 changer. Il est devenu col\u00e9rique et ne<br \/>\ns\u2019int\u00e9ressait plus \u00e0 leur projet de mariage, <strong>comme s&rsquo;il<br \/>\n\u00e9tait tomb\u00e9 amoureux de sa cheffe.<\/strong> Finalement, un matin,<br \/>\nelle l\u2019a retrouv\u00e9 mort chez eux. Elle pense que Jean n\u2019a pas<br \/>\nsupport\u00e9 de se retrouver coinc\u00e9 entre Anouk et leurs projets et<br \/>\nveut se venger. Toutefois, elle regrette d\u2019avoir fait du mal \u00e0<br \/>\nJos\u00e9phine en publiant la vid\u00e9o d\u2019<a href=\"https:\/\/www.telestar.fr\/serie_tv\/ici-tout-commence-le-moment-un-peu-genant-robin-ventura-sans-filtre-sur-les-coulisses-du-derapage-de-loup-et-anouk-1750391\" target=\"_blank\" rel=\"noopener\">Anouk<br \/>\net Loup<\/a> (Robin Ventura).<\/p>\n<p>Anouk d\u00e9couvre la v\u00e9rit\u00e9<\/p>\n<p>\u00c9branl\u00e9e par l\u2019histoire de Juliette, Fleur propose \u00e0 Jos\u00e9phine<br \/>\nd\u2019aller en parler \u00e0 Revero, mais Jos\u00e9phine h\u00e9site. Elle demande \u00e0<br \/>\nson amie de lui laisser quelques heures pour v\u00e9rifier quelque<br \/>\nchose. Sans attendre, Jos\u00e9phine va poser des questions \u00e0 Loup. Elle<br \/>\nlui demande comment ils en sont venus \u00e0 coucher ensemble,<br \/>\n<strong>si Anouk a tent\u00e9 de le s\u00e9duire<\/strong> quand il \u00e9tait son<br \/>\nsecond. Loup assure que rien de tout cela n\u2019est arriv\u00e9. S\u2019ils ont<br \/>\nd\u00e9rap\u00e9, c\u2019est parce qu\u2019il \u00e9tait triste de sa rupture et avait trop<br \/>\nbu. Jos\u00e9phine, elle, a des doutes sur la bonne foi d\u2019Anouk.<br \/>\n<strong>Elle parle \u00e0 Loup de Juliette,<\/strong> et lui r\u00e9v\u00e8le que<br \/>\nc\u2019est elle qui les a film\u00e9s et fait chanter la cheffe depuis le<br \/>\nd\u00e9part\u2026<\/p>\n<p>Loup et Jos\u00e9phine interrompent le service d\u2019Anouk au Double A<br \/>\npour lui parler. Ils lui expliquent avoir d\u00e9couvert qui la fait<br \/>\nchanter\u00a0: il s\u2019agit de Juliette, l\u2019ex de Jean, qui l\u2019accuse<br \/>\nd\u2019avoir eu une aventure avec lui et veut se venger. Sous le choc,<br \/>\nAnouk se rend \u00e0 la loge pour discuter avec Juliette. <strong>Elle<br \/>\nreconna\u00eet avoir malmen\u00e9 Jean professionnellement, mais assure ne<br \/>\njamais avoir eu de relation amoureuse avec lui.<\/strong> Si Jean<br \/>\ns\u2019est suicid\u00e9, c\u2019est parce qu\u2019il \u00e9tait fragile psychologiquement,<br \/>\net elle s\u2019en veut de ne pas l\u2019avoir pris en compte.<\/p>\n<p>Juliette met Anouk en danger<\/p>\n<p>Juliette refuse de croire Anouk, mais la cheffe a la preuve de<br \/>\nce qu\u2019elle avance. Elle a gard\u00e9 tous ses \u00e9changes de messages et de<br \/>\nmails avec Jean et accepte de laisser Juliette les lire. Au m\u00eame<br \/>\nmoment, <strong>Fleur va voir Lionel au Comptoir et l\u2019informe de ce<br \/>\nque Juliette a fait.<\/strong> Le jeune homme comprend que sa petite<br \/>\namie s\u2019est servie de lui pour se rapprocher de Revero. Elle n\u2019est<br \/>\nvenue \u00e0 l\u2019Institut que pour sa vengeance, pas pour lui. Il demande<br \/>\nun c\u00e2lin \u00e0 Fleur pour lui remonter le moral.<\/p>\n<p>\u00c0 l\u2019Institut, Juliette retourne voir Anouk apr\u00e8s avoir lu ses<br \/>\n\u00e9changes avec Jean. Elle comprend qu\u2019elle s\u2019est tromp\u00e9e sur la<br \/>\nnature de la relation de Jean avec sa cheffe, mais elle en veut<br \/>\nquand m\u00eame \u00e9norm\u00e9ment \u00e0 celle-ci. \u00c0 cause d\u2019elle, elle a v\u00e9cu<br \/>\nl\u2019\u00e9preuve la plus difficile de sa vie. Anouk comprend sa col\u00e8re,<br \/>\nmais d\u00e9cide de ne pas se battre avec elle et part rejoindre sa<br \/>\nmoto. <strong>Alors qu\u2019elle s\u2019appr\u00eate \u00e0 d\u00e9marrer, Juliette essaye<br \/>\nde la retenir.<\/strong><\/p>\n","protected":false},"excerpt":{"rendered":"EN BREF Le 15 janvier dans Ici tout commence, Ga\u00ebtan lance un calorie challenge sp\u00e9cial p\u00e2tisserie. Une vid\u00e9o&hellip;\n","protected":false},"author":2,"featured_media":664377,"comment_status":"","ping_status":"","sticky":false,"template":"","format":"standard","meta":{"footnotes":""},"categories":[8],"tags":[548,58,59,1011,27,620],"class_list":{"0":"post-664376","1":"post","2":"type-post","3":"status-publish","4":"format-standard","5":"has-post-thumbnail","7":"category-divertissement","8":"tag-article-simple","9":"tag-divertissement","10":"tag-entertainment","11":"tag-fr","12":"tag-france","13":"tag-ici-tout-commence"},"share_on_mastodon":{"url":"https:\/\/pubeurope.com\/@fr\/115896861588002768","error":""},"_links":{"self":[{"href":"https:\/\/www.europesays.com\/fr\/wp-json\/wp\/v2\/posts\/664376","targetHints":{"allow":["GET"]}}],"collection":[{"href":"https:\/\/www.europesays.com\/fr\/wp-json\/wp\/v2\/posts"}],"about":[{"href":"https:\/\/www.europesays.com\/fr\/wp-json\/wp\/v2\/types\/post"}],"author":[{"embeddable":true,"href":"https:\/\/www.europesays.com\/fr\/wp-json\/wp\/v2\/users\/2"}],"replies":[{"embeddable":true,"href":"https:\/\/www.europesays.com\/fr\/wp-json\/wp\/v2\/comments?post=664376"}],"version-history":[{"count":0,"href":"https:\/\/www.europesays.com\/fr\/wp-json\/wp\/v2\/posts\/664376\/revisions"}],"wp:featuredmedia":[{"embeddable":true,"href":"https:\/\/www.europesays.com\/fr\/wp-json\/wp\/v2\/media\/664377"}],"wp:attachment":[{"href":"https:\/\/www.europesays.com\/fr\/wp-json\/wp\/v2\/media?parent=664376"}],"wp:term":[{"taxonomy":"category","embeddable":true,"href":"https:\/\/www.europesays.com\/fr\/wp-json\/wp\/v2\/categories?post=664376"},{"taxonomy":"post_tag","embeddable":true,"href":"https:\/\/www.europesays.com\/fr\/wp-json\/wp\/v2\/tags?post=664376"}],"curies":[{"name":"wp","href":"https:\/\/api.w.org\/{rel}","templated":true}]}}