{"id":664378,"date":"2026-01-15T02:55:12","date_gmt":"2026-01-15T02:55:12","guid":{"rendered":"https:\/\/www.europesays.com\/fr\/664378\/"},"modified":"2026-01-15T02:55:12","modified_gmt":"2026-01-15T02:55:12","slug":"les-astronautes-de-la-mission-crew-11-ont-quitte-liss","status":"publish","type":"post","link":"https:\/\/www.europesays.com\/fr\/664378\/","title":{"rendered":"Les astronautes de la mission Crew-11\u00a0ont quitt\u00e9 l\u2019ISS"},"content":{"rendered":"<p>                      <img loading=\"lazy\" decoding=\"async\" src=\"https:\/\/www.europesays.com\/fr\/wp-content\/uploads\/2026\/01\/34e2cce_ftp-1-kr4usj3rzjgp-7db81405a214477da7146ac2e7b695f0-0-fb95c3515a074e9a84d3c7590cf3c285.jpg\" alt=\"Les astronautes Mike Fincke, Oleg Platonov, Zena Cardman et Kimiya Yui, \u00e0 bord de la Station spatiale internationale, le 14\u00a0janvier 2026.\"   width=\"664\" height=\"443\"\/>    Les astronautes Mike Fincke, Oleg Platonov, Zena Cardman et Kimiya Yui, \u00e0 bord de la Station spatiale internationale, le 14\u00a0janvier 2026.  NASA VIA AP                            <\/p>\n<p class=\"article__paragraph  \">Les quatre astronautes de la mission Crew-11 ont quitt\u00e9, mercredi 14\u00a0janvier, la Station spatiale internationale (ISS) de mani\u00e8re anticip\u00e9e en raison d\u2019un probl\u00e8me de sant\u00e9 affectant l\u2019un d\u2019entre eux, une situation in\u00e9dite dans l\u2019histoire du laboratoire orbital.<\/p>\n<p class=\"article__paragraph  \">Ce retour ne constitue pas pour autant une \u00e9vacuation d\u2019urgence, a insist\u00e9 la NASA, qui s\u2019est voulue rassurante sur l\u2019\u00e9tat de sant\u00e9 de l\u2019astronaute concern\u00e9. \u00ab\u00a0Le membre de l\u2019\u00e9quipage \u00e9tait et reste dans un \u00e9tat stable\u00a0\u00bb, a assur\u00e9 Rob Navias, un responsable de l\u2019agence spatiale am\u00e9ricaine peu avant leur d\u00e9part de l\u2019ISS, vers 23\u00a0h\u00a020, heure fran\u00e7aise. Ni son identit\u00e9 ni les d\u00e9tails de ce probl\u00e8me m\u00e9dical n\u2019ont \u00e9t\u00e9 communiqu\u00e9s par l\u2019agence.<\/p>\n<p class=\"article__paragraph  \">Les astronautes am\u00e9ricains Mike Fincke et Zena Cardman et leurs homologues russe Oleg Platonov et japonais Kimiya Yui effectuent leur retour sur Terre \u00e0 bord d\u2019une capsule Dragon de l\u2019entreprise SpaceX du multimilliardaire Elon Musk et devraient amerrir au large de la Californie, jeudi vers 9\u00a0h\u00a040 heure fran\u00e7aise.<\/p>\n<p>                                         Lire aussi |  <a href=\"https:\/\/www.lemonde.fr\/sciences\/article\/2026\/01\/09\/la-nasa-ecourte-une-mission-a-bord-de-l-iss-pour-raison-medicale_6661083_1650684.html\" class=\"js-article-read-also catcher--favoris__link\" data-premium=\"\" id=\"article-title-3453904\" target=\"_blank\" rel=\"noopener\">La NASA \u00e9courte une mission \u00e0 bord de l\u2019ISS pour raison m\u00e9dicale<\/a>    <\/p>\n<p>   Lire plus tard  <\/p>\n<p class=\"article__paragraph  \">\u00ab\u00a0Nous allons tous bien\u00a0\u00bb, avait tenu \u00e0 rassurer le pilote de la mission, Mike Fincke, cette semaine dans un message sur le r\u00e9seau social LinkedIn. \u00ab\u00a0Il s\u2019agit d\u2019une d\u00e9cision m\u00fbrement r\u00e9fl\u00e9chie et qui vise \u00e0 permettre la r\u00e9alisation d\u2019examens m\u00e9dicaux appropri\u00e9s au sol, o\u00f9 toutes les capacit\u00e9s diagnostiques sont disponibles. C\u2019est la bonne d\u00e9cision, m\u00eame si elle est douce-am\u00e8re\u00a0\u00bb, avait-il ajout\u00e9.<\/p>\n<p>                      Une d\u00e9cision motiv\u00e9e par une \u00ab\u00a0incertitude quant au diagnostic\u00a0\u00bb                      <\/p>\n<p class=\"article__paragraph  \">Leur \u00e9vacuation a \u00e9t\u00e9 motiv\u00e9e par l\u2019existence d\u2019un \u00ab\u00a0risque persistant\u00a0\u00bb et \u00ab\u00a0l\u2019incertitude quant au diagnostic\u00a0\u00bb, avait expliqu\u00e9, la semaine pass\u00e9e, le m\u00e9decin-chef de la NASA, James Polk. La d\u00e9cision avait suivi le report d\u2019une sortie extrav\u00e9hiculaire pr\u00e9vue le 8\u00a0janvier et li\u00e9 \u00e0 ce probl\u00e8me m\u00e9dical.<\/p>\n<p class=\"article__paragraph  \">L\u2019\u00e9quipage \u00e9vacu\u00e9 avait \u00e9t\u00e9 pr\u00e9par\u00e9 \u00e0 \u00ab\u00a0g\u00e9rer des situations m\u00e9dicales impr\u00e9vues\u00a0\u00bb, avait rappel\u00e9 un haut responsable de la NASA, Amit Kshatriya. Durant leur s\u00e9jour de plusieurs mois dans ce laboratoire situ\u00e9 \u00e0 400\u00a0km au-dessus de la Terre, ils devaient mener diverses missions scientifiques, allant de l\u2019\u00e9tude de la division cellulaire des plantes aux cellules souches humaines et m\u00eame \u00e0 la simulation de sc\u00e9narios d\u2019alunissage, dans le cadre du programme Artemis de la NASA, qui pr\u00e9voit le retour des Am\u00e9ricains sur la Lune.<\/p>\n<p class=\"article__paragraph  \">Les quatre membres de la mission Crew-11 avaient rejoint l\u2019ISS en ao\u00fbt 2025\u00a0et devaient y rester jusqu\u2019\u00e0 une prochaine rotation d\u2019\u00e9quipage, pr\u00e9vue pour la mi-f\u00e9vrier. La nouvelle \u00e9quipe, nomm\u00e9e Crew-12, \u00e0 laquelle doit prendre part l\u2019astronaute fran\u00e7aise Sophie Adenot, pourrait donc partir plus t\u00f4t que pr\u00e9vu, a fait savoir la NASA.<\/p>\n<p>                                         Lire aussi |  Article r\u00e9serv\u00e9 \u00e0 nos abonn\u00e9s  <a href=\"https:\/\/www.lemonde.fr\/sciences\/article\/2025\/11\/25\/l-astronaute-sophie-adenot-embarquera-un-bout-de-la-france-dans-l-espace_6654766_1650684.html\" class=\"js-article-read-also catcher--favoris__link\" data-premium=\"1\" id=\"article-title-3448122\" target=\"_blank\" rel=\"noopener\">\u200b\u200bL\u2019astronaute Sophie Adenot embarquera \u00ab\u00a0un bout de la France dans l\u2019espace\u00a0\u00bb<\/a>    <\/p>\n<p>   Lire plus tard  <\/p>\n<p class=\"article__paragraph  \">Habit\u00e9e en permanence depuis 2000, la Station spatiale internationale est un mod\u00e8le de coop\u00e9ration internationale r\u00e9unissant notamment l\u2019Europe, le Japon, les Etats-Unis et la Russie. Les astronautes, spationautes ou cosmonautes qui y s\u00e9journent sont form\u00e9s pour r\u00e9aliser des missions scientifiques vari\u00e9es, mais aussi pour faire face aux possibles complications li\u00e9es \u00e0 la vie dans l\u2019espace.<\/p>\n<p class=\"author__detail\">  Le Monde avec AFP  <\/p>\n","protected":false},"excerpt":{"rendered":"Les astronautes Mike Fincke, Oleg Platonov, Zena Cardman et Kimiya Yui, \u00e0 bord de la Station spatiale internationale,&hellip;\n","protected":false},"author":2,"featured_media":664379,"comment_status":"","ping_status":"","sticky":false,"template":"","format":"standard","meta":{"footnotes":""},"categories":[7],"tags":[1011,27,43,40,41,39,42,44],"class_list":{"0":"post-664378","1":"post","2":"type-post","3":"status-publish","4":"format-standard","5":"has-post-thumbnail","7":"category-sciences-et-technologies","8":"tag-fr","9":"tag-france","10":"tag-science","11":"tag-science-and-technology","12":"tag-sciences","13":"tag-sciences-et-technologies","14":"tag-technologies","15":"tag-technology"},"share_on_mastodon":{"url":"https:\/\/pubeurope.com\/@fr\/115896865535855778","error":""},"_links":{"self":[{"href":"https:\/\/www.europesays.com\/fr\/wp-json\/wp\/v2\/posts\/664378","targetHints":{"allow":["GET"]}}],"collection":[{"href":"https:\/\/www.europesays.com\/fr\/wp-json\/wp\/v2\/posts"}],"about":[{"href":"https:\/\/www.europesays.com\/fr\/wp-json\/wp\/v2\/types\/post"}],"author":[{"embeddable":true,"href":"https:\/\/www.europesays.com\/fr\/wp-json\/wp\/v2\/users\/2"}],"replies":[{"embeddable":true,"href":"https:\/\/www.europesays.com\/fr\/wp-json\/wp\/v2\/comments?post=664378"}],"version-history":[{"count":0,"href":"https:\/\/www.europesays.com\/fr\/wp-json\/wp\/v2\/posts\/664378\/revisions"}],"wp:featuredmedia":[{"embeddable":true,"href":"https:\/\/www.europesays.com\/fr\/wp-json\/wp\/v2\/media\/664379"}],"wp:attachment":[{"href":"https:\/\/www.europesays.com\/fr\/wp-json\/wp\/v2\/media?parent=664378"}],"wp:term":[{"taxonomy":"category","embeddable":true,"href":"https:\/\/www.europesays.com\/fr\/wp-json\/wp\/v2\/categories?post=664378"},{"taxonomy":"post_tag","embeddable":true,"href":"https:\/\/www.europesays.com\/fr\/wp-json\/wp\/v2\/tags?post=664378"}],"curies":[{"name":"wp","href":"https:\/\/api.w.org\/{rel}","templated":true}]}}