{"id":664380,"date":"2026-01-15T02:56:10","date_gmt":"2026-01-15T02:56:10","guid":{"rendered":"https:\/\/www.europesays.com\/fr\/664380\/"},"modified":"2026-01-15T02:56:10","modified_gmt":"2026-01-15T02:56:10","slug":"le-bareme-de-limpot-sur-le-revenu-de-nouveau-indexe-sur-linflation","status":"publish","type":"post","link":"https:\/\/www.europesays.com\/fr\/664380\/","title":{"rendered":"le bar\u00e8me de l\u2019imp\u00f4t sur le revenu de nouveau index\u00e9 sur l\u2019inflation"},"content":{"rendered":"<p>\n    Les d\u00e9put\u00e9s ont r\u00e9tabli mercredi l\u2019indexation sur l\u2019inflation du bar\u00e8me de l\u2019imp\u00f4t sur le revenu pour toutes les tranches, sans certitude n\u00e9anmoins que le dispositif fera bel et bien partie du potentiel compromis budg\u00e9taire final.<\/p>\n<p class=\"fig-paragraph\">L&rsquo;Assembl\u00e9e nationale a r\u00e9tabli mercredi l&rsquo;indexation sur l&rsquo;<a href=\"https:\/\/www.lefigaro.fr\/tag\/inflation\" target=\"_blank\" rel=\"sponsored noopener\" data-gtm-custom-categorie=\"navigation\" data-gtm-custom-action=\"crossclick\" data-gtm-custom-label=\"Contextuel\" data-gtm-event=\"customEventSPE\">inflation<\/a>\u00a0du bar\u00e8me de l&rsquo;imp\u00f4t sur le revenu pour toutes les tranches, sans certitude n\u00e9anmoins que le dispositif fera bel et bien partie du potentiel compromis budg\u00e9taire final que le gouvernement cherche \u00e0 trouver. Fid\u00e8les \u00e0 leur vote de l&rsquo;automne en premi\u00e8re lecture dans l&rsquo;h\u00e9micycle, les d\u00e9put\u00e9s se sont largement oppos\u00e9s au gel du bar\u00e8me de cet imp\u00f4t, qui aurait entra\u00een\u00e9 l&rsquo;entr\u00e9e d&rsquo;environ 200.000 foyers fiscaux dans l&rsquo;imp\u00f4t sur le revenu en 2026.<\/p>\n<p class=\"fig-paragraph\">Cette mesure de \u00abgel\u00bb total \u00e9tait initialement propos\u00e9e par le gouvernement dans son projet de loi de finances et aurait pu rapporter environ deux milliards d&rsquo;euros. Le S\u00e9nat avait, lui, propos\u00e9 de ne r\u00e9indexer que la tranche la plus basse du bar\u00e8me, pour pr\u00e9server les plus petits revenus imposables. Une solution qui a finalement eu les faveurs du gouvernement dans un esprit de compromis. Mais l&rsquo;Assembl\u00e9e a tr\u00e8s largement vot\u00e9 pour un d\u00e9gel total, avec une indexation fix\u00e9e \u00e0 1,1%.<\/p>\n<p>                                            <a class=\"fig-a11y-skip\" href=\"#fig-a11y-skip-main-inarticle\" data-module=\"a11y-skip\" data-context=\"was @visible\"><br \/>\n    Passer la publicit\u00e9<br \/>\n<\/a>            <\/p>\n<p class=\"fig-paragraph\">\u00abPlut\u00f4t que d&rsquo;augmenter les imp\u00f4ts sur la France qui travaille, assumons des \u00e9conomies\u00bb, a lanc\u00e9 l&rsquo;ex-Premier ministre, Gabriel Attal, dont le groupe Renaissance soutenait cette mesure. La ministre des Comptes publics, Am\u00e9lie de Montchalin, a regrett\u00e9 ce choix, estimant que \u00abdans la situation budg\u00e9taire dans laquelle nous nous trouvons, nous pourrions demander par \u00e9quit\u00e9 une petite contribution\u00bb \u00e0 certains m\u00e9nages.<\/p>\n<p>                                            Un dispositif pas d\u00e9finitif<\/p>\n<p class=\"fig-paragraph\">Rien n&rsquo;assure \u00e0 ce stade que le dispositif vot\u00e9 par l&rsquo;Assembl\u00e9e sera r\u00e9ellement mis en place, car le sort final du budget reste toujours tr\u00e8s incertain et le gouvernement pourrait user d&rsquo;une arme constitutionnelle pour abr\u00e9ger les d\u00e9bats et \u00e9viter un vote, comme le 49.3 ou la publication d&rsquo;une ordonnance budg\u00e9taire.<\/p>\n<p class=\"fig-paragraph\">D&rsquo;autant que ce d\u00e9gel du bar\u00e8me de l&rsquo;imp\u00f4t sur le revenu d\u00e9grade encore le solde budg\u00e9taire\u00a0: \u00ab\u00c0 force de l\u00e2cher \u00e0 tous les niveaux, on s&rsquo;\u00e9loigne (de l&rsquo;objectif d&rsquo;un d\u00e9ficit) \u00e0 5%\u00bb du PIB, fix\u00e9 par le gouvernement, a not\u00e9 le d\u00e9put\u00e9 MoDem, Jean-Paul Matt\u00e9i.<\/p>\n<p class=\"fig-paragraph\">Les d\u00e9put\u00e9s ont \u00e9galement vot\u00e9 en faveur de la prolongation de la contribution diff\u00e9rentielle sur les hauts revenus jusqu&rsquo;\u00e0 ce que le d\u00e9ficit public repasse sous les 3% du PIB, avec l&rsquo;aval du gouvernement. Ils ont aussi opt\u00e9 pour d\u00e9fiscaliser les pourboires jusqu&rsquo;en 2028 une mesure d\u00e9j\u00e0 vot\u00e9e au d\u00e9but de la discussion budg\u00e9taire \u00e0 l&rsquo;automne.<\/p>\n","protected":false},"excerpt":{"rendered":"Les d\u00e9put\u00e9s ont r\u00e9tabli mercredi l\u2019indexation sur l\u2019inflation du bar\u00e8me de l\u2019imp\u00f4t sur le revenu pour toutes les&hellip;\n","protected":false},"author":2,"featured_media":664381,"comment_status":"","ping_status":"","sticky":false,"template":"","format":"standard","meta":{"footnotes":""},"categories":[6],"tags":[35,33,34,1011,27,139,9345],"class_list":{"0":"post-664380","1":"post","2":"type-post","3":"status-publish","4":"format-standard","5":"has-post-thumbnail","7":"category-economie","8":"tag-business","9":"tag-economie","10":"tag-economy","11":"tag-fr","12":"tag-france","13":"tag-impot-sur-le-revenu","14":"tag-inflation"},"share_on_mastodon":{"url":"https:\/\/pubeurope.com\/@fr\/115896869506397343","error":""},"_links":{"self":[{"href":"https:\/\/www.europesays.com\/fr\/wp-json\/wp\/v2\/posts\/664380","targetHints":{"allow":["GET"]}}],"collection":[{"href":"https:\/\/www.europesays.com\/fr\/wp-json\/wp\/v2\/posts"}],"about":[{"href":"https:\/\/www.europesays.com\/fr\/wp-json\/wp\/v2\/types\/post"}],"author":[{"embeddable":true,"href":"https:\/\/www.europesays.com\/fr\/wp-json\/wp\/v2\/users\/2"}],"replies":[{"embeddable":true,"href":"https:\/\/www.europesays.com\/fr\/wp-json\/wp\/v2\/comments?post=664380"}],"version-history":[{"count":0,"href":"https:\/\/www.europesays.com\/fr\/wp-json\/wp\/v2\/posts\/664380\/revisions"}],"wp:featuredmedia":[{"embeddable":true,"href":"https:\/\/www.europesays.com\/fr\/wp-json\/wp\/v2\/media\/664381"}],"wp:attachment":[{"href":"https:\/\/www.europesays.com\/fr\/wp-json\/wp\/v2\/media?parent=664380"}],"wp:term":[{"taxonomy":"category","embeddable":true,"href":"https:\/\/www.europesays.com\/fr\/wp-json\/wp\/v2\/categories?post=664380"},{"taxonomy":"post_tag","embeddable":true,"href":"https:\/\/www.europesays.com\/fr\/wp-json\/wp\/v2\/tags?post=664380"}],"curies":[{"name":"wp","href":"https:\/\/api.w.org\/{rel}","templated":true}]}}