{"id":664384,"date":"2026-01-15T02:58:13","date_gmt":"2026-01-15T02:58:13","guid":{"rendered":"https:\/\/www.europesays.com\/fr\/664384\/"},"modified":"2026-01-15T02:58:13","modified_gmt":"2026-01-15T02:58:13","slug":"ce-type-de-tir-est-a-la-portee-de-nimporte-quel-bon-chasseur","status":"publish","type":"post","link":"https:\/\/www.europesays.com\/fr\/664384\/","title":{"rendered":"ce type de tir est \u00e0 la port\u00e9e de n&rsquo;importe quel bon chasseur"},"content":{"rendered":"<p><strong>Selon les premiers \u00e9l\u00e9ments de l&rsquo;enqu\u00eate, un tir op\u00e9r\u00e9 \u00e0 une centaine de m\u00e8tres, probablement \u00e0 partir d&rsquo;un point haut, \u00e0 l&rsquo;aide d&rsquo;une arme longue certainement \u00e9quip\u00e9e d&rsquo;une lunette, a touch\u00e9 mortellement Alain Orsoni au thorax. Quel est le niveau de pr\u00e9paration requis\u00a0?<\/strong>&#13;\n<\/p>\n<p>En visant le thorax, le tireur a mis\u00e9 sur la s\u00e9curit\u00e9. Il a d\u00fb rep\u00e9rer \u00e0 l&rsquo;avance sa position et la distance pour choisir la munition qui correspond \u00e0 ces \u00e9l\u00e9ments. Il connaissait l&rsquo;heure et la date de l&rsquo;enterrement. Mais aussi la m\u00e9t\u00e9o. Tout cela se pr\u00e9pare. Au vu de ces \u00e9l\u00e9ments, un bon chasseur avec un t\u00e9l\u00e9m\u00e8tre peut facilement mesurer la distance. Les chasseurs contemporains sont \u00e0 l&rsquo;aff\u00fbt, ils tirent avec du bon mat\u00e9riel sur des cibles mouvantes. Il a aussi probablement utilis\u00e9 une balle assez lourde pour ne pas qu&rsquo;elle soit sensible au vent.<\/p>\n<p>\u00ab\u00a0En ce qui concerne la victime, elle ne bouge pas de gauche \u00e0 droite, donc c&rsquo;\u00e9tait assez facile de mettre la balle en pleine poitrine\u00a0\u00bb<\/p>\n<p><strong>Faut-il avoir automatiquement une formation militaire pour effectuer ce type de tir \u00e0 c<\/strong>&#8230;<\/p>\n","protected":false},"excerpt":{"rendered":"Selon les premiers \u00e9l\u00e9ments de l&rsquo;enqu\u00eate, un tir op\u00e9r\u00e9 \u00e0 une centaine de m\u00e8tres, probablement \u00e0 partir d&rsquo;un&hellip;\n","protected":false},"author":2,"featured_media":664385,"comment_status":"","ping_status":"","sticky":false,"template":"","format":"standard","meta":{"footnotes":""},"categories":[4],"tags":[5734,11,4255,274,1011,27,23105,76537,68190,55862,17812,12,25,7262],"class_list":{"0":"post-664384","1":"post","2":"type-post","3":"status-publish","4":"format-standard","5":"has-post-thumbnail","7":"category-france","8":"tag-5734","9":"tag-actualites","10":"tag-ancien","11":"tag-faits-divers-justice","12":"tag-fr","13":"tag-france","14":"tag-gign","15":"tag-grivel","16":"tag-jean-marie","17":"tag-lassassinat","18":"tag-membre","19":"tag-news","20":"tag-republique-francaise","21":"tag-sujet"},"share_on_mastodon":{"url":"https:\/\/pubeurope.com\/@fr\/115896877285164206","error":""},"_links":{"self":[{"href":"https:\/\/www.europesays.com\/fr\/wp-json\/wp\/v2\/posts\/664384","targetHints":{"allow":["GET"]}}],"collection":[{"href":"https:\/\/www.europesays.com\/fr\/wp-json\/wp\/v2\/posts"}],"about":[{"href":"https:\/\/www.europesays.com\/fr\/wp-json\/wp\/v2\/types\/post"}],"author":[{"embeddable":true,"href":"https:\/\/www.europesays.com\/fr\/wp-json\/wp\/v2\/users\/2"}],"replies":[{"embeddable":true,"href":"https:\/\/www.europesays.com\/fr\/wp-json\/wp\/v2\/comments?post=664384"}],"version-history":[{"count":0,"href":"https:\/\/www.europesays.com\/fr\/wp-json\/wp\/v2\/posts\/664384\/revisions"}],"wp:featuredmedia":[{"embeddable":true,"href":"https:\/\/www.europesays.com\/fr\/wp-json\/wp\/v2\/media\/664385"}],"wp:attachment":[{"href":"https:\/\/www.europesays.com\/fr\/wp-json\/wp\/v2\/media?parent=664384"}],"wp:term":[{"taxonomy":"category","embeddable":true,"href":"https:\/\/www.europesays.com\/fr\/wp-json\/wp\/v2\/categories?post=664384"},{"taxonomy":"post_tag","embeddable":true,"href":"https:\/\/www.europesays.com\/fr\/wp-json\/wp\/v2\/tags?post=664384"}],"curies":[{"name":"wp","href":"https:\/\/api.w.org\/{rel}","templated":true}]}}