{"id":664390,"date":"2026-01-15T03:03:30","date_gmt":"2026-01-15T03:03:30","guid":{"rendered":"https:\/\/www.europesays.com\/fr\/664390\/"},"modified":"2026-01-15T03:03:30","modified_gmt":"2026-01-15T03:03:30","slug":"saint-nicolas-de-port-des-voeux-en-trois-rencontres","status":"publish","type":"post","link":"https:\/\/www.europesays.com\/fr\/664390\/","title":{"rendered":"Saint-Nicolas-de-Port. Des v\u0153ux en trois rencontres"},"content":{"rendered":"<p>Pour adresser ses v\u0153ux aux habitants, Luc Binsinger a choisi une formule avec 3 rencontres dont deux samedi dernier, et une 3e\u00a0 \u00a0dimanche matin. Chaque rendez-vous co\u00efncidait avec 3 secteurs de la ville. Des v\u0153ux, plut\u00f4t tourn\u00e9s vers une r\u00e9trospective de l\u2019ann\u00e9e 2025. \u00ab\u00a0Ce qui ne changera pas, c\u2019est l\u2019esprit qui fait la force de notre ville, tr\u00e8s belle ann\u00e9e \u00e0 toutes et \u00e0 tous\u00a0\u00bb.<\/p>\n","protected":false},"excerpt":{"rendered":"Pour adresser ses v\u0153ux aux habitants, Luc Binsinger a choisi une formule avec 3 rencontres dont deux samedi&hellip;\n","protected":false},"author":2,"featured_media":664391,"comment_status":"","ping_status":"","sticky":false,"template":"","format":"standard","meta":{"footnotes":""},"categories":[9635],"tags":[1111,11,9652,1704,1777,674,1011,27,775,1702,12,316,25,9651],"class_list":{"0":"post-664390","1":"post","2":"type-post","3":"status-publish","4":"format-standard","5":"has-post-thumbnail","7":"category-nancy","8":"tag-actu","9":"tag-actualites","10":"tag-cc-des-pays-du-sel-et-du-vermois-54b","11":"tag-edition-nancy-et-agglomeration","12":"tag-eu","13":"tag-europe","14":"tag-fr","15":"tag-france","16":"tag-grand-est","17":"tag-nancy","18":"tag-news","19":"tag-politique","20":"tag-republique-francaise","21":"tag-saint-nicolas-de-port"},"share_on_mastodon":{"url":"https:\/\/pubeurope.com\/@fr\/115896897025600022","error":""},"_links":{"self":[{"href":"https:\/\/www.europesays.com\/fr\/wp-json\/wp\/v2\/posts\/664390","targetHints":{"allow":["GET"]}}],"collection":[{"href":"https:\/\/www.europesays.com\/fr\/wp-json\/wp\/v2\/posts"}],"about":[{"href":"https:\/\/www.europesays.com\/fr\/wp-json\/wp\/v2\/types\/post"}],"author":[{"embeddable":true,"href":"https:\/\/www.europesays.com\/fr\/wp-json\/wp\/v2\/users\/2"}],"replies":[{"embeddable":true,"href":"https:\/\/www.europesays.com\/fr\/wp-json\/wp\/v2\/comments?post=664390"}],"version-history":[{"count":0,"href":"https:\/\/www.europesays.com\/fr\/wp-json\/wp\/v2\/posts\/664390\/revisions"}],"wp:featuredmedia":[{"embeddable":true,"href":"https:\/\/www.europesays.com\/fr\/wp-json\/wp\/v2\/media\/664391"}],"wp:attachment":[{"href":"https:\/\/www.europesays.com\/fr\/wp-json\/wp\/v2\/media?parent=664390"}],"wp:term":[{"taxonomy":"category","embeddable":true,"href":"https:\/\/www.europesays.com\/fr\/wp-json\/wp\/v2\/categories?post=664390"},{"taxonomy":"post_tag","embeddable":true,"href":"https:\/\/www.europesays.com\/fr\/wp-json\/wp\/v2\/tags?post=664390"}],"curies":[{"name":"wp","href":"https:\/\/api.w.org\/{rel}","templated":true}]}}