{"id":664417,"date":"2026-01-15T03:21:12","date_gmt":"2026-01-15T03:21:12","guid":{"rendered":"https:\/\/www.europesays.com\/fr\/664417\/"},"modified":"2026-01-15T03:21:12","modified_gmt":"2026-01-15T03:21:12","slug":"filiere-viticole-et-syndicats-agricoles-unis-pour-rappeler-lurgence-au-gouvernement","status":"publish","type":"post","link":"https:\/\/www.europesays.com\/fr\/664417\/","title":{"rendered":"fili\u00e8re viticole et syndicats agricoles unis pour rappeler l\u2019urgence au gouvernement"},"content":{"rendered":"<p>Presque tout le monde y est, et c\u2019est dire l\u2019urgence du moment. Les syndicats agricoles (FNSEA, Jeunes agriculteurs, Coordination rurale, Conf\u00e9d\u00e9ration paysanne), des organisations repr\u00e9sentatives de la fili\u00e8re viticole bordelaise (Conseil interprofessionnel du vin de Bordeaux, collectif Viti33, F\u00e9d\u00e9ration des n\u00e9gociants ou celle des Grands vins) ainsi que la Chambre d\u2019agriculture, viennent de cosigner un texte appelant le gouvernement et les parlementaires \u00e0 \u00ab\u00a0agir au plus vite\u00a0\u00bb pour faire aboutir cinq grandes revendications.<\/p>\n","protected":false},"excerpt":{"rendered":"Presque tout le monde y est, et c\u2019est dire l\u2019urgence du moment. Les syndicats agricoles (FNSEA, Jeunes agriculteurs,&hellip;\n","protected":false},"author":2,"featured_media":664418,"comment_status":"","ping_status":"","sticky":false,"template":"","format":"standard","meta":{"footnotes":""},"categories":[2817],"tags":[1111,11,1997,1777,674,1011,27,12,2219,25],"class_list":{"0":"post-664417","1":"post","2":"type-post","3":"status-publish","4":"format-standard","5":"has-post-thumbnail","7":"category-bordeaux","8":"tag-actu","9":"tag-actualites","10":"tag-bordeaux","11":"tag-eu","12":"tag-europe","13":"tag-fr","14":"tag-france","15":"tag-news","16":"tag-nouvelle-aquitaine","17":"tag-republique-francaise"},"share_on_mastodon":{"url":"https:\/\/pubeurope.com\/@fr\/115896967701732534","error":""},"_links":{"self":[{"href":"https:\/\/www.europesays.com\/fr\/wp-json\/wp\/v2\/posts\/664417","targetHints":{"allow":["GET"]}}],"collection":[{"href":"https:\/\/www.europesays.com\/fr\/wp-json\/wp\/v2\/posts"}],"about":[{"href":"https:\/\/www.europesays.com\/fr\/wp-json\/wp\/v2\/types\/post"}],"author":[{"embeddable":true,"href":"https:\/\/www.europesays.com\/fr\/wp-json\/wp\/v2\/users\/2"}],"replies":[{"embeddable":true,"href":"https:\/\/www.europesays.com\/fr\/wp-json\/wp\/v2\/comments?post=664417"}],"version-history":[{"count":0,"href":"https:\/\/www.europesays.com\/fr\/wp-json\/wp\/v2\/posts\/664417\/revisions"}],"wp:featuredmedia":[{"embeddable":true,"href":"https:\/\/www.europesays.com\/fr\/wp-json\/wp\/v2\/media\/664418"}],"wp:attachment":[{"href":"https:\/\/www.europesays.com\/fr\/wp-json\/wp\/v2\/media?parent=664417"}],"wp:term":[{"taxonomy":"category","embeddable":true,"href":"https:\/\/www.europesays.com\/fr\/wp-json\/wp\/v2\/categories?post=664417"},{"taxonomy":"post_tag","embeddable":true,"href":"https:\/\/www.europesays.com\/fr\/wp-json\/wp\/v2\/tags?post=664417"}],"curies":[{"name":"wp","href":"https:\/\/api.w.org\/{rel}","templated":true}]}}