{"id":664419,"date":"2026-01-15T03:22:12","date_gmt":"2026-01-15T03:22:12","guid":{"rendered":"https:\/\/www.europesays.com\/fr\/664419\/"},"modified":"2026-01-15T03:22:12","modified_gmt":"2026-01-15T03:22:12","slug":"le-cousin-de-textor-dugarry-defonce-lopez","status":"publish","type":"post","link":"https:\/\/www.europesays.com\/fr\/664419\/","title":{"rendered":"\u00ab\u00a0Le cousin de Textor\u00a0\u00bb, Dugarry d\u00e9fonce Lopez"},"content":{"rendered":"<p><b>Dans une interview accord\u00e9e \u00e0 L\u2019Equipe, G\u00e9rard Lopez a d\u00e9fendu son bilan \u00e0 Bordeaux et a r\u00e9pondu \u00e0 ses d\u00e9tracteurs. Les propos du patron des Girondins ont fait halluciner Christophe Dugarry.<\/b><\/p>\n<p>Tr\u00e8s critiqu\u00e9 aux <a href=\"https:\/\/www.foot01.com\/bordeaux\" target=\"_self\" rel=\"noopener\">Girondins de Bordeaux<\/a> pour son bilan plus que n\u00e9gatif depuis son arriv\u00e9e, G\u00e9rard Lopez a pris la parole pour tenter de se d\u00e9fendre. Interrog\u00e9 par L\u2019Equipe, l\u2019ancien patron du LOSC a notamment r\u00e9pondu aux critiques \u00e9mises quelques semaines auparavant par Bixente Lizarazu. \u00ab Lizarazu devrait parler de football plut\u00f4t que des choses qu&rsquo;il ne comprend pas. J&rsquo;ai mis beaucoup plus que lui ou d&rsquo;autres qui n&rsquo;ont jamais rien mis. Ce n&rsquo;est pas parce que vous avez jou\u00e9 dans un club et que vous \u00eates un grand footballeur \u00bb a notamment r\u00e9pondu l\u2019homme d\u2019affaire luxembourgeois, en froid avec plusieurs gloires du club au scapulaire.<\/p>\n<blockquote class=\"text-xl text-left font-medium text-gray-700 dark:text-gray-300\"><p>J\u2019ai l\u2019impression que c\u2019est le cousin de John Textor !\u00a0<\/p><\/blockquote>\n<p>&#8211; Christophe Dugarry sur RMC\u00a0<\/p>\n<p>C\u2019est par exemple le cas avec Christophe Dugarry. Les deux hommes ne partiront pas ensemble en vacances, c\u2019est une \u00e9vidence. Et moins encore apr\u00e8s les propos de l\u2019ex-attaquant de l\u2019\u00e9quipe de France dans \u2018Rothen s\u2019enflamme\u2019 sur RMC. \u00ab J\u2019ai l\u2019impression que c\u2019est le cousin de John Textor ! Quand tu as licenci\u00e9 90 personnes, que tu as 400 fournisseurs qui ne sont pas pay\u00e9s, que tu as pris le club en Ligue 1 et qu\u2019il est en National 2\u2026 Mais mec, tu as au moins brill\u00e9 par ton incomp\u00e9tence. Il n\u2019y a que des \u00e9checs \u00bb a d&rsquo;abord lanc\u00e9 l&rsquo;ex-animateur de Team Duga avant de poursuivre.<\/p>\n<p>\u00ab M\u00eame \u00e0 Lille, il a r\u00e9ussi \u00e0 se faire virer par le fonds d\u2019investissement car il n\u2019arrivait pas \u00e0 payer les dettes. Tout ce qu\u2019il a fait, \u00e7a c\u2019est mal pass\u00e9. Et l\u00e0, il se fait passer pour le sauveur du club et il t\u2019explique qu\u2019il est fier du travail accompli. Mais comment tu peux dire que tu aimes le club et les Bordelais quand tu dis des choses comme \u00e7a ? Tu aimes qui \u00e0 part toi ? A part ton \u00e9go ? Parce que tu as mis des sous ? Mais les sous \u00e7a ne t\u2019as pas donn\u00e9 de la comp\u00e9tence\u2026 \u00bb a lanc\u00e9 Christophe Dugarry, \u00e9nerv\u00e9 et volant au secours de son ami Bixente Lizarazu. Un t\u00e9moignage de plus qui prouve que G\u00e9rard Lopez n\u2019a plus beaucoup de soutien chez les anciennes gloires du club au scapulaire. Personne n\u2019en doutait, de toute fa\u00e7on.<\/p>\n","protected":false},"excerpt":{"rendered":"Dans une interview accord\u00e9e \u00e0 L\u2019Equipe, G\u00e9rard Lopez a d\u00e9fendu son bilan \u00e0 Bordeaux et a r\u00e9pondu \u00e0&hellip;\n","protected":false},"author":2,"featured_media":664420,"comment_status":"","ping_status":"","sticky":false,"template":"","format":"standard","meta":{"footnotes":""},"categories":[2817],"tags":[1111,11,1997,1777,674,1011,27,446,12,2219,25],"class_list":{"0":"post-664419","1":"post","2":"type-post","3":"status-publish","4":"format-standard","5":"has-post-thumbnail","7":"category-bordeaux","8":"tag-actu","9":"tag-actualites","10":"tag-bordeaux","11":"tag-eu","12":"tag-europe","13":"tag-fr","14":"tag-france","15":"tag-ligue-2","16":"tag-news","17":"tag-nouvelle-aquitaine","18":"tag-republique-francaise"},"share_on_mastodon":{"url":"https:\/\/pubeurope.com\/@fr\/115896971697552919","error":""},"_links":{"self":[{"href":"https:\/\/www.europesays.com\/fr\/wp-json\/wp\/v2\/posts\/664419","targetHints":{"allow":["GET"]}}],"collection":[{"href":"https:\/\/www.europesays.com\/fr\/wp-json\/wp\/v2\/posts"}],"about":[{"href":"https:\/\/www.europesays.com\/fr\/wp-json\/wp\/v2\/types\/post"}],"author":[{"embeddable":true,"href":"https:\/\/www.europesays.com\/fr\/wp-json\/wp\/v2\/users\/2"}],"replies":[{"embeddable":true,"href":"https:\/\/www.europesays.com\/fr\/wp-json\/wp\/v2\/comments?post=664419"}],"version-history":[{"count":0,"href":"https:\/\/www.europesays.com\/fr\/wp-json\/wp\/v2\/posts\/664419\/revisions"}],"wp:featuredmedia":[{"embeddable":true,"href":"https:\/\/www.europesays.com\/fr\/wp-json\/wp\/v2\/media\/664420"}],"wp:attachment":[{"href":"https:\/\/www.europesays.com\/fr\/wp-json\/wp\/v2\/media?parent=664419"}],"wp:term":[{"taxonomy":"category","embeddable":true,"href":"https:\/\/www.europesays.com\/fr\/wp-json\/wp\/v2\/categories?post=664419"},{"taxonomy":"post_tag","embeddable":true,"href":"https:\/\/www.europesays.com\/fr\/wp-json\/wp\/v2\/tags?post=664419"}],"curies":[{"name":"wp","href":"https:\/\/api.w.org\/{rel}","templated":true}]}}