{"id":664427,"date":"2026-01-15T03:27:11","date_gmt":"2026-01-15T03:27:11","guid":{"rendered":"https:\/\/www.europesays.com\/fr\/664427\/"},"modified":"2026-01-15T03:27:11","modified_gmt":"2026-01-15T03:27:11","slug":"le-rn-aux-portes-de-la-mairie-de-marseille","status":"publish","type":"post","link":"https:\/\/www.europesays.com\/fr\/664427\/","title":{"rendered":"le RN aux portes de la mairie de Marseille ?"},"content":{"rendered":"<p>Il n\u2019en tire aucune gloriole imm\u00e9diate pour ne pas se porter la guigne mais reconna\u00eet que \u00ab\u00a0les regards sur (lui) ont chang\u00e9\u00a0\u00bb. Port\u00e9 par un contexte national particuli\u00e8rement favorable au Rassemblement national, Franck Allisio vire \u00e0 30% dans les intentions de vote dans le dernier sondage Ipsos pour La Marseillaise \u00e0 jeu \u00e9gal avec le maire sortant (DVG) Beno\u00eet Payan.<\/p>\n<p>Et rel\u00e9guant pour la premi\u00e8re fois de l\u2019histoire r\u00e9cente Martine Vassal, candidate la droite r\u00e9publicaine et, qui plus est unie avec le centre, \u00e0 la troisi\u00e8me place. Le RN est-il vraiment aux portes de la mairie de Marseille\u00a0? Le jeu reste ouvert.<\/p>\n<p>\u00ab\u00a0Tiens, on s&rsquo;y int\u00e9resse\u00a0\u00bb<\/p>\n<p>\u00ab\u00a0Quand vous \u00eates aussi haut dans les sondages, les gens se disent&rsquo;Tiens, on va s\u2019y int\u00e9resser, il doit avoir des choses \u00e0 dire'\u00a0\u00bb, reconna\u00eet l\u2019ancien sarkozyste, entr\u00e9 en campagne le premier, en juin dernier, en illustre inconnu dans le microcosme marseillais.<\/p>\n<p>\u00ab\u00a0L\u2019objectif, c\u2019est de d\u00e9passer notre socle et d\u2019aller chercher les \u00e9lecteurs de Martine Vassal\u00a0\u00bb, ne cache plus Olivier Rioult, son directeur de campagne, transfuge de LR. Loin des d\u00e9rapages criards d\u2019un St\u00e9phane Ravier &#8211; figure historique de l\u2019extr\u00eame droite \u00e0 Marseille canal Jean-Marie &#8211; le bin\u00f4me d&#8230;<\/p>\n","protected":false},"excerpt":{"rendered":"Il n\u2019en tire aucune gloriole imm\u00e9diate pour ne pas se porter la guigne mais reconna\u00eet que \u00ab\u00a0les regards&hellip;\n","protected":false},"author":2,"featured_media":664428,"comment_status":"","ping_status":"","sticky":false,"template":"","format":"standard","meta":{"footnotes":""},"categories":[2814],"tags":[5734,1111,11,1007,5949,1777,674,1011,27,5415,884,3554,12,3761,882,25],"class_list":{"0":"post-664427","1":"post","2":"type-post","3":"status-publish","4":"format-standard","5":"has-post-thumbnail","7":"category-marseille","8":"tag-5734","9":"tag-actu","10":"tag-actualites","11":"tag-aux","12":"tag-elections","13":"tag-eu","14":"tag-europe","15":"tag-fr","16":"tag-france","17":"tag-mairie","18":"tag-marseille","19":"tag-municipales","20":"tag-news","21":"tag-portes","22":"tag-provence-alpes-cote-dazur","23":"tag-republique-francaise"},"share_on_mastodon":{"url":"https:\/\/pubeurope.com\/@fr\/115896991334624261","error":""},"_links":{"self":[{"href":"https:\/\/www.europesays.com\/fr\/wp-json\/wp\/v2\/posts\/664427","targetHints":{"allow":["GET"]}}],"collection":[{"href":"https:\/\/www.europesays.com\/fr\/wp-json\/wp\/v2\/posts"}],"about":[{"href":"https:\/\/www.europesays.com\/fr\/wp-json\/wp\/v2\/types\/post"}],"author":[{"embeddable":true,"href":"https:\/\/www.europesays.com\/fr\/wp-json\/wp\/v2\/users\/2"}],"replies":[{"embeddable":true,"href":"https:\/\/www.europesays.com\/fr\/wp-json\/wp\/v2\/comments?post=664427"}],"version-history":[{"count":0,"href":"https:\/\/www.europesays.com\/fr\/wp-json\/wp\/v2\/posts\/664427\/revisions"}],"wp:featuredmedia":[{"embeddable":true,"href":"https:\/\/www.europesays.com\/fr\/wp-json\/wp\/v2\/media\/664428"}],"wp:attachment":[{"href":"https:\/\/www.europesays.com\/fr\/wp-json\/wp\/v2\/media?parent=664427"}],"wp:term":[{"taxonomy":"category","embeddable":true,"href":"https:\/\/www.europesays.com\/fr\/wp-json\/wp\/v2\/categories?post=664427"},{"taxonomy":"post_tag","embeddable":true,"href":"https:\/\/www.europesays.com\/fr\/wp-json\/wp\/v2\/tags?post=664427"}],"curies":[{"name":"wp","href":"https:\/\/api.w.org\/{rel}","templated":true}]}}