{"id":66443,"date":"2025-05-01T08:15:08","date_gmt":"2025-05-01T08:15:08","guid":{"rendered":"https:\/\/www.europesays.com\/fr\/66443\/"},"modified":"2025-05-01T08:15:08","modified_gmt":"2025-05-01T08:15:08","slug":"les-manifestations-vont-bientot-debuter-les-salaries-darcelormittal-mobilises-a-dunkerque","status":"publish","type":"post","link":"https:\/\/www.europesays.com\/fr\/66443\/","title":{"rendered":"les manifestations vont bient\u00f4t d\u00e9buter, les salari\u00e9s d\u2019ArcelorMittal mobilis\u00e9s \u00e0 Dunkerque"},"content":{"rendered":"<p role=\"heading\" aria-level=\"3\">Le patron des d\u00e9put\u00e9s PS propose de \u00abmettre sous la tutelle de l\u2019\u00c9tat le site d\u2019ArcelorMittal de Dunkerque\u00bb<\/p>\n<p class=\"fig-paragraph\">Le patron des d\u00e9put\u00e9s PS\u00a0<a href=\"http:\/\/www.lefigaro.fr\/politique\/boris-vallaud-ne-parvient-pas-a-reconcilier-les-socialistes-20250423\" data-fig-type=\"Article\" data-gtm-custom-categorie=\"navigation\" data-gtm-custom-action=\"crossclick\" data-gtm-custom-label=\"Contextuel\" data-gtm-event=\"customEventSPE\" data-fig-domain=\"LEFIGARO\" target=\"_blank\" rel=\"noopener\">Boris Vallaud<\/a>\u00a0a annonc\u00e9 ce jeudi le d\u00e9p\u00f4t d\u2019une proposition de loi de mise \u00absous tutelle\u00bb de l\u2019\u00c9tat du site d\u2019ArcelorMittal \u00e0 Dunkerque, fustigeant les suppressions de postes pr\u00e9vues parle sid\u00e9rurgiste qui n\u2019a pas \u00abrespect\u00e9 ses engagements\u00bb.<\/p>\n<p class=\"fig-paragraph\">Pour le 1er mai plusieurs responsables de la gauche, dont Boris Vallaud, manifestent ce jeudi \u00e0 Dunkerque contre un plan d\u2019\u00e9conomies du sid\u00e9rurgiste, qui pr\u00e9voit 636 suppressions de postes en France et un transfert d\u2019activit\u00e9s support vers l\u2019Inde portant sur 1400 postes. Le groupe PS \u00e0 l\u2019Assembl\u00e9e d\u00e9posera \u00abdans les prochains jours une loi d\u2019urgence\u00bb, visant \u00e0 \u00abmettre sous tutelle de l\u2019\u00c9tat le site d\u2019ArcelorMittal de Dunkerque\u00bb, annoncent Boris Vallaud et Julien Gokel.<\/p>\n<p>    Le patron des d\u00e9put\u00e9s PS Boris Vallaud.<br \/>\n                Gonzalo Fuentes \/ REUTERS<\/p>\n","protected":false},"excerpt":{"rendered":"Le patron des d\u00e9put\u00e9s PS propose de \u00abmettre sous la tutelle de l\u2019\u00c9tat le site d\u2019ArcelorMittal de Dunkerque\u00bb&hellip;\n","protected":false},"author":2,"featured_media":66444,"comment_status":"","ping_status":"","sticky":false,"template":"","format":"standard","meta":{"footnotes":""},"categories":[2],"tags":[10916,339,11,340,343,345,350,130,344,352,349,33,341,313,1011,27,346,342,353,1272,351,347,12,348,3427,354],"class_list":{"0":"post-66443","1":"post","2":"type-post","3":"status-publish","4":"format-standard","5":"has-post-thumbnail","7":"category-actualites","8":"tag-1er-mai","9":"tag-actualite-economique","10":"tag-actualites","11":"tag-bourse","12":"tag-cac-40","13":"tag-chef-dentreprise","14":"tag-concurrence","15":"tag-consommation","16":"tag-creation-dentreprise","17":"tag-crise","18":"tag-delocalisations","19":"tag-economie","20":"tag-emploi","21":"tag-entreprises","22":"tag-fr","23":"tag-france","24":"tag-grands-patrons","25":"tag-impots","26":"tag-licenciements","27":"tag-manifestations","28":"tag-monopole","29":"tag-multinationales","30":"tag-news","31":"tag-privatisation","32":"tag-syndicats","33":"tag-unio"},"share_on_mastodon":{"url":"https:\/\/pubeurope.com\/@fr\/114431585388362457","error":""},"_links":{"self":[{"href":"https:\/\/www.europesays.com\/fr\/wp-json\/wp\/v2\/posts\/66443","targetHints":{"allow":["GET"]}}],"collection":[{"href":"https:\/\/www.europesays.com\/fr\/wp-json\/wp\/v2\/posts"}],"about":[{"href":"https:\/\/www.europesays.com\/fr\/wp-json\/wp\/v2\/types\/post"}],"author":[{"embeddable":true,"href":"https:\/\/www.europesays.com\/fr\/wp-json\/wp\/v2\/users\/2"}],"replies":[{"embeddable":true,"href":"https:\/\/www.europesays.com\/fr\/wp-json\/wp\/v2\/comments?post=66443"}],"version-history":[{"count":0,"href":"https:\/\/www.europesays.com\/fr\/wp-json\/wp\/v2\/posts\/66443\/revisions"}],"wp:featuredmedia":[{"embeddable":true,"href":"https:\/\/www.europesays.com\/fr\/wp-json\/wp\/v2\/media\/66444"}],"wp:attachment":[{"href":"https:\/\/www.europesays.com\/fr\/wp-json\/wp\/v2\/media?parent=66443"}],"wp:term":[{"taxonomy":"category","embeddable":true,"href":"https:\/\/www.europesays.com\/fr\/wp-json\/wp\/v2\/categories?post=66443"},{"taxonomy":"post_tag","embeddable":true,"href":"https:\/\/www.europesays.com\/fr\/wp-json\/wp\/v2\/tags?post=66443"}],"curies":[{"name":"wp","href":"https:\/\/api.w.org\/{rel}","templated":true}]}}