{"id":664432,"date":"2026-01-15T03:30:17","date_gmt":"2026-01-15T03:30:17","guid":{"rendered":"https:\/\/www.europesays.com\/fr\/664432\/"},"modified":"2026-01-15T03:30:17","modified_gmt":"2026-01-15T03:30:17","slug":"a-lyon-les-soignants-demandent-un-plan-blanc-face-a-la-saturation-des-urgences","status":"publish","type":"post","link":"https:\/\/www.europesays.com\/fr\/664432\/","title":{"rendered":"\u00e0 Lyon, les soignants demandent un Plan blanc face \u00e0 la saturation des urgences"},"content":{"rendered":"<p>\n    Les virus hivernaux et la gr\u00e8ve des m\u00e9decins lib\u00e9raux ont conduit \u00e0 une saturation des urgences \u00e0 l\u2019h\u00f4pital \u00c9douard-Herriot de Lyon, o\u00f9 il faut pr\u00e8s de deux heures pour \u00eatre enregistr\u00e9.<\/p>\n<p class=\"fig-paragraph\">Les soignants de\u00a0<a href=\"http:\/\/www.lefigaro.fr\/lyon\/il-poursuit-les-soignants-avec-une-fourchette-les-agressions-repetees-d-un-patient-de-l-hopital-edouard-herriot-de-lyon-20250603\" data-fig-type=\"NewsFlash\" data-gtm-custom-categorie=\"navigation\" data-gtm-custom-action=\"crossclick\" data-gtm-custom-label=\"Contextuel\" data-gtm-event=\"customEventSPE\" data-fig-domain=\"LEFIGARO\" target=\"_blank\" rel=\"noopener\">l\u2019h\u00f4pital \u00c9douard-Herriot<\/a>\u00a0(HEH) font face \u00e0 une tr\u00e8s forte affluence ces derniers jours. Une fr\u00e9quentation exceptionnelle, li\u00e9e \u00e0 la circulation\u00a0<a href=\"http:\/\/www.lefigaro.fr\/sciences\/la-grippe-a-t-elle-vraiment-atteint-son-pic-epidemique-20260109\" data-fig-type=\"Article\" data-gtm-custom-categorie=\"navigation\" data-gtm-custom-action=\"crossclick\" data-gtm-custom-label=\"Contextuel\" data-gtm-event=\"customEventSPE\" data-fig-domain=\"LEFIGARO\" target=\"_blank\" rel=\"noopener\">de nombreux virus hivernaux<\/a>\u00a0et \u00e0 la\u00a0<a href=\"http:\/\/www.lefigaro.fr\/social\/medecins-liberaux-un-syndicat-de-chirurgiens-appelle-a-une-greve-des-gardes-illimitee-20260114\" data-fig-type=\"NewsFlash\" data-gtm-custom-categorie=\"navigation\" data-gtm-custom-action=\"crossclick\" data-gtm-custom-label=\"Contextuel\" data-gtm-event=\"customEventSPE\" data-fig-domain=\"LEFIGARO\" target=\"_blank\" rel=\"noopener\">gr\u00e8ve des m\u00e9decins lib\u00e9raux,<\/a>\u00a0qui a pouss\u00e9 les professionnels de sant\u00e9 \u00e0 tirer la sonnette d\u2019alarme. \u00abLe temps d\u2019attente pour \u00eatre simplement enregistr\u00e9 est pass\u00e9 de 5 minutes \u00e0 2 heures. La situation est tr\u00e8s tendue et certains de nos coll\u00e8gues sont inquiets de la perte de chance de certains patients, notamment les personnes \u00e2g\u00e9es. 2 heures quand on a une suspicion d\u2019AVC ou de probl\u00e8me cardiaque, \u00e7a peut \u00eatre dramatique\u00bb, d\u00e9plore Cha\u00efba Janssen, d\u00e9l\u00e9gu\u00e9 du personnel du syndicat FA-FPH et infirmi\u00e8re.<\/p>\n<p class=\"fig-paragraph\">Selon plusieurs soignants, le nombre de patients accueillis chaque jour atteint des records avec plus de 250 passages quotidiens. Aussi, les syndicats appellent \u00e0 d\u00e9clencher le\u00a0<a href=\"http:\/\/www.lefigaro.fr\/flash-actu\/guadeloupe-le-plan-blanc-declenche-au-chu-a-cause-d-une-panne-informatique-majeure-20250324\" data-fig-type=\"NewsFlash\" data-gtm-custom-categorie=\"navigation\" data-gtm-custom-action=\"crossclick\" data-gtm-custom-label=\"Contextuel\" data-gtm-event=\"customEventSPE\" data-fig-domain=\"LEFIGARO\" target=\"_blank\" rel=\"noopener\">Plan blanc<\/a>\u00a0pour faire face \u00e0 l\u2019encombrement des urgences en augmentant le nombre de soignants.<\/p>\n<p>                                            <a class=\"fig-a11y-skip\" href=\"#fig-a11y-skip-main-inarticle\" data-module=\"a11y-skip\" data-context=\"was @visible\"><br \/>\n    Passer la publicit\u00e9<br \/>\n<\/a>            <\/p>\n<p>                                            Pas de plan blanc mais une r\u00e9organisation pour les HCL<\/p>\n<p class=\"fig-paragraph\">Contact\u00e9s, les\u00a0<a href=\"http:\/\/www.lefigaro.fr\/lyon\/lyon-des-employes-des-hospices-civils-transferes-dans-des-locaux-amiantes-20230927\" data-fig-type=\"Article\" data-gtm-custom-categorie=\"navigation\" data-gtm-custom-action=\"crossclick\" data-gtm-custom-label=\"Contextuel\" data-gtm-event=\"customEventSPE\" data-fig-domain=\"LEFIGARO\" target=\"_blank\" rel=\"noopener\">Hospices civils de Lyon<\/a>\u00a0(HCL) indiquent qu\u2019en moyenne, \u00ab477 patients par jour ont \u00e9t\u00e9 accueillis sur l\u2019ensemble des services d\u2019urgences adultes des HCL sur la p\u00e9riode du 1er au 12 janvier 2026, soit une augmentation de +13% par rapport \u00e0 l\u2019an dernier, sur la m\u00eame p\u00e9riode.\u00bb Les urgences de l\u2019h\u00f4pital \u00c9douard-Herriot et de la Croix-Rousse ont en effet \u00e9t\u00e9 les plus impact\u00e9es (+12% et +21% respectivement). Le centre d\u2019appels du SAMU conna\u00eet \u00e9galement une activit\u00e9 \u00e9lev\u00e9e, mais similaire aux chiffres 2025 sur cette m\u00eame p\u00e9riode, en lien avec les \u00e9pid\u00e9mies hivernales.<\/p>\n<p class=\"fig-paragraph\">Si l\u2019activation du plan blanc n\u2019est pas d\u2019actualit\u00e9, les h\u00f4pitaux lyonnais indiquent avoir \u00abadapt\u00e9 leur organisation\u00bb en \u00abrenfor\u00e7ant les effectifs des services d\u2019urgences\u00bb et en \u00abmobilisant l\u2019ensemble des services hospitaliers pour prioriser la fluidification des prises en charge aux urgences dans l\u2019organisation des activit\u00e9s, notamment en chirurgie orthop\u00e9dique et en imagerie m\u00e9dicale\u00bb. \u00abLes HCL privil\u00e9gient ces mesures concr\u00e8tes et op\u00e9rationnelles de soutien aux \u00e9quipes des services d\u2019urgences au d\u00e9clenchement d\u2019un plan blanc qui impacterait la prise en charge des patients programm\u00e9s\u00bb, indiquent les HCL.<\/p>\n<p class=\"fig-paragraph\">Des points r\u00e9guliers sont r\u00e9alis\u00e9s avec l\u2019ARS et les acteurs de terrain \u00abpour optimiser la coordination entre \u00e9tablissements de sant\u00e9, \u00e9viter la saturation des services d\u2019urgences et s\u2019assurer que les m\u00e9decins lib\u00e9raux assurant habituellement une activit\u00e9 relevant de la permanence de soins\u00bb, concluent-ils.<\/p>\n<p class=\"fig-paragraph\">Insuffisant pour rassurer les syndicats qui indiquent que \u00able plan blanc a \u00e9t\u00e9 d\u00e9clench\u00e9 dans les CHU de Grenoble et Toulouse\u00bb, pour faire face \u00e0 la demande croissante, notamment aux urgences.<\/p>\n","protected":false},"excerpt":{"rendered":"Les virus hivernaux et la gr\u00e8ve des m\u00e9decins lib\u00e9raux ont conduit \u00e0 une saturation des urgences \u00e0 l\u2019h\u00f4pital&hellip;\n","protected":false},"author":2,"featured_media":664433,"comment_status":"","ping_status":"","sticky":false,"template":"","format":"standard","meta":{"footnotes":""},"categories":[1889],"tags":[1111,11,2430,55989,1777,674,1011,27,2428,2673,12,25],"class_list":{"0":"post-664432","1":"post","2":"type-post","3":"status-publish","4":"format-standard","5":"has-post-thumbnail","7":"category-lyon","8":"tag-actu","9":"tag-actualites","10":"tag-auvergne-rhone-alpes","11":"tag-crise-des-urgences","12":"tag-eu","13":"tag-europe","14":"tag-fr","15":"tag-france","16":"tag-lyon","17":"tag-medecins","18":"tag-news","19":"tag-republique-francaise"},"share_on_mastodon":{"url":"https:\/\/pubeurope.com\/@fr\/115897003019845738","error":""},"_links":{"self":[{"href":"https:\/\/www.europesays.com\/fr\/wp-json\/wp\/v2\/posts\/664432","targetHints":{"allow":["GET"]}}],"collection":[{"href":"https:\/\/www.europesays.com\/fr\/wp-json\/wp\/v2\/posts"}],"about":[{"href":"https:\/\/www.europesays.com\/fr\/wp-json\/wp\/v2\/types\/post"}],"author":[{"embeddable":true,"href":"https:\/\/www.europesays.com\/fr\/wp-json\/wp\/v2\/users\/2"}],"replies":[{"embeddable":true,"href":"https:\/\/www.europesays.com\/fr\/wp-json\/wp\/v2\/comments?post=664432"}],"version-history":[{"count":0,"href":"https:\/\/www.europesays.com\/fr\/wp-json\/wp\/v2\/posts\/664432\/revisions"}],"wp:featuredmedia":[{"embeddable":true,"href":"https:\/\/www.europesays.com\/fr\/wp-json\/wp\/v2\/media\/664433"}],"wp:attachment":[{"href":"https:\/\/www.europesays.com\/fr\/wp-json\/wp\/v2\/media?parent=664432"}],"wp:term":[{"taxonomy":"category","embeddable":true,"href":"https:\/\/www.europesays.com\/fr\/wp-json\/wp\/v2\/categories?post=664432"},{"taxonomy":"post_tag","embeddable":true,"href":"https:\/\/www.europesays.com\/fr\/wp-json\/wp\/v2\/tags?post=664432"}],"curies":[{"name":"wp","href":"https:\/\/api.w.org\/{rel}","templated":true}]}}