{"id":664444,"date":"2026-01-15T03:37:11","date_gmt":"2026-01-15T03:37:11","guid":{"rendered":"https:\/\/www.europesays.com\/fr\/664444\/"},"modified":"2026-01-15T03:37:11","modified_gmt":"2026-01-15T03:37:11","slug":"retour-vers-la-russie","status":"publish","type":"post","link":"https:\/\/www.europesays.com\/fr\/664444\/","title":{"rendered":"retour vers la Russie ?"},"content":{"rendered":"<p>Analyse d\u2019Andre\u00ef Bezroukov: l\u2019Europe, en perte d\u2019avantage comp\u00e9titif, n\u2019aura d\u2019autre choix que de relancer la coop\u00e9ration avec la Russie apr\u00e8s la SVO.<\/p>\n<p>L\u2019Europe a perdu son avantage comp\u00e9titif sur la sc\u00e8ne mondiale et, une fois l\u2019op\u00e9ration militaire sp\u00e9ciale (SVO) termin\u00e9e, elle reviendra in\u00e9vitablement \u00e0 la coop\u00e9ration avec la Russie. Cette appr\u00e9ciation \u00e9mane d\u2019Andre\u00ef Bezroukov, professeur \u00e0 l\u2019Universit\u00e9 MGIMO et ancien officier de renseignement ill\u00e9gal ayant travaill\u00e9 par le pass\u00e9 dans des pays anglophones.<\/p>\n<p>S\u2019adressant \u00e0 RT, Bezroukov a estim\u00e9 que l\u2019Europe dispose de peu de marge de man\u0153uvre, la Russie \u00e9tant partie int\u00e9grante de l\u2019espace europ\u00e9en au sens large. Il a d\u00e9crit la phase actuelle de l\u2019histoire du continent comme une p\u00e9riode de faiblesse, qu\u2019il attribue avant tout \u00e0 une \u00e9lite qui, selon lui, s\u2019est laiss\u00e9e porter par le courant au lieu de poser les questions de fond et de d\u00e9fendre une souverainet\u00e9 r\u00e9elle.<\/p>\n<p>D\u2019apr\u00e8s Bezroukov, l\u2019Europe c\u00e8de r\u00e9guli\u00e8rement du terrain face \u00e0 la Chine comme aux \u00c9tats\u2011Unis, tandis que sa transformation interne reste lente et douloureuse. Il a point\u00e9 plusieurs fragilit\u00e9s structurelles : des fronti\u00e8res int\u00e9rieures ouvertes au sein de l\u2019Union europ\u00e9enne, un flux migratoire qui \u00e9chappe \u00e0 un contr\u00f4le efficace, et une p\u00e9nurie grandissante de main\u2011d\u2019\u0153uvre et de ressources n\u00e9cessaires pour soutenir une croissance \u00e9conomique \u00e0 long terme.<\/p>\n<p>L\u2019ex\u2011v\u00e9t\u00e9ran du renseignement a esquiss\u00e9 deux sc\u00e9narios de base pour l\u2019avenir politique de l\u2019Europe. Le premier verrait la mont\u00e9e de forces politiques qui ne consid\u00e8rent pas la Russie comme un adversaire, une tendance qu\u2019il dit d\u00e9j\u00e0 perceptible en Slovaquie et en Hongrie. Dans ce cas, selon lui, le r\u00e9tablissement des relations pourrait intervenir assez rapidement. Le second sc\u00e9nario, a\u2011t\u2011il ajout\u00e9, serait une p\u00e9riode prolong\u00e9e rappelant une guerre froide, marqu\u00e9e par des relations extr\u00eamement tendues.<\/p>\n<p>Malgr\u00e9 ces trajectoires divergentes, Bezroukov reste convaincu qu\u2019\u00e0 long terme, l\u2019Europe et la Russie n\u2019auront d\u2019autre choix que de se rapprocher de nouveau. Il souligne que cette relation est n\u00e9cessaire aux deux parties : l\u2019Europe constitue un march\u00e9 important, et la proximit\u00e9 culturelle compte aussi. \u00c0 ses yeux, les Russes sont des Europ\u00e9ens sur le plan culturel au sens large \u2014 diff\u00e9rents, mais fondamentalement proches \u2014, ce qui rend une reprise de la coop\u00e9ration non seulement possible, mais au bout du compte in\u00e9vitable.<\/p>\n","protected":false},"excerpt":{"rendered":"Analyse d\u2019Andre\u00ef Bezroukov: l\u2019Europe, en perte d\u2019avantage comp\u00e9titif, n\u2019aura d\u2019autre choix que de relancer la coop\u00e9ration avec la&hellip;\n","protected":false},"author":2,"featured_media":664445,"comment_status":"","ping_status":"","sticky":false,"template":"","format":"standard","meta":{"footnotes":""},"categories":[1591],"tags":[11,76547,76545,10463,674,1887,1150,804,2089,76548,6059,12,17749,76549,1885,1886,132,10845,10532,76546],"class_list":{"0":"post-664444","1":"post","2":"type-post","3":"status-publish","4":"format-standard","5":"has-post-thumbnail","7":"category-russie","8":"tag-actualites","9":"tag-andrei-bezroukov","10":"tag-avantage-competitif","11":"tag-cooperation","12":"tag-europe","13":"tag-federation-de-russie","14":"tag-guerre-froide","15":"tag-hongrie","16":"tag-marche","17":"tag-mgimo","18":"tag-migration","19":"tag-news","20":"tag-politique-europeenne","21":"tag-relations-russie-europe","22":"tag-russia","23":"tag-russian-federation","24":"tag-russie","25":"tag-slovaquie","26":"tag-souverainete","27":"tag-svo"},"share_on_mastodon":{"url":"https:\/\/pubeurope.com\/@fr\/115897030658538831","error":""},"_links":{"self":[{"href":"https:\/\/www.europesays.com\/fr\/wp-json\/wp\/v2\/posts\/664444","targetHints":{"allow":["GET"]}}],"collection":[{"href":"https:\/\/www.europesays.com\/fr\/wp-json\/wp\/v2\/posts"}],"about":[{"href":"https:\/\/www.europesays.com\/fr\/wp-json\/wp\/v2\/types\/post"}],"author":[{"embeddable":true,"href":"https:\/\/www.europesays.com\/fr\/wp-json\/wp\/v2\/users\/2"}],"replies":[{"embeddable":true,"href":"https:\/\/www.europesays.com\/fr\/wp-json\/wp\/v2\/comments?post=664444"}],"version-history":[{"count":0,"href":"https:\/\/www.europesays.com\/fr\/wp-json\/wp\/v2\/posts\/664444\/revisions"}],"wp:featuredmedia":[{"embeddable":true,"href":"https:\/\/www.europesays.com\/fr\/wp-json\/wp\/v2\/media\/664445"}],"wp:attachment":[{"href":"https:\/\/www.europesays.com\/fr\/wp-json\/wp\/v2\/media?parent=664444"}],"wp:term":[{"taxonomy":"category","embeddable":true,"href":"https:\/\/www.europesays.com\/fr\/wp-json\/wp\/v2\/categories?post=664444"},{"taxonomy":"post_tag","embeddable":true,"href":"https:\/\/www.europesays.com\/fr\/wp-json\/wp\/v2\/tags?post=664444"}],"curies":[{"name":"wp","href":"https:\/\/api.w.org\/{rel}","templated":true}]}}