{"id":664452,"date":"2026-01-15T03:41:24","date_gmt":"2026-01-15T03:41:24","guid":{"rendered":"https:\/\/www.europesays.com\/fr\/664452\/"},"modified":"2026-01-15T03:41:24","modified_gmt":"2026-01-15T03:41:24","slug":"face-aux-menaces-de-trump-a-lencontre-du-groenland-la-france-lallemagne-la-suede-et-la-norvege-ont-annonce-lenvoi-de-personnel-militaire-sur-lile","status":"publish","type":"post","link":"https:\/\/www.europesays.com\/fr\/664452\/","title":{"rendered":"Face aux menaces de Trump \u00e0 l&rsquo;encontre du Groenland, la France, l&rsquo;Allemagne, la Su\u00e8de et la Norv\u00e8ge ont annonc\u00e9 l&rsquo;envoi de personnel militaire sur l&rsquo;\u00eele"},"content":{"rendered":"<dl class=\"post-meta-box flex flex-wrap items-top border-grey-lighter border-b post-meta relative z-20\">&#13;<br \/>\n                                    &#13;<br \/>\n                                    &#13;<br \/>\n                                    &#13;<\/p>\n<dt class=\"inline-block py-1 leading-5 w-1\/5 sm:1\/6 xl:w-3\/10 flex items-top font-sans text-3xs text-grey tracking-wider uppercase border-grey-lighter border-t\">&#13;<br \/>\n                                      Date                                    <\/dt>\n<p>&#13;<\/p>\n<dd class=\"inline-block w-4\/5 sm:5\/6 xl:w-7\/10 pl-1u lg:pl-0 flex-grow  py-1 font-sans text-xs leading-5 border-grey-lighter border-t\">&#13;<br \/>\n                                      &#13;<br \/>\n                                        14 janvier 2026                                      &#13;\n                                    <\/dd>\n<p>&#13;\n                                  <\/dl>\n<p>  Ajouter<br \/>\n  Article ajout\u00e9<\/p>\n<p>  T\u00e9l\u00e9charger le PDF<br \/>\n  En cours<\/p>\n<dl class=\"post-meta-box flex flex-wrap items-top border-grey-lighter border-b post-meta relative z-20 mt-4\">&#13;<\/p>\n<dt class=\"partager inline-block py-1 leading-5 w-1\/5 sm:1\/6 xl:w-3\/10 flex items-top font-sans text-3xs text-grey tracking-wider uppercase border-grey-lighter border-t\">&#13;<br \/>\n                                      Partager                                    <\/dt>\n<p>&#13;<\/p>\n<dd class=\"partager inline-block w-4\/5 sm:5\/6 xl:w-7\/10 pl-1u lg:pl-0 flex-grow  py-1 font-sans text-xs leading-5 border-grey-lighter border-t\">&#13;<br \/>\n                                      <a target=\"_blank\" data-social=\"twitter\" class=\"text-red no-underline inline-block w-4 h-4 mr-2\" href=\"https:\/\/twitter.com\/intent\/tweet\/?text=Face+aux+menaces+de+Trump+%C3%A0+l%E2%80%99encontre+du+Groenland%2C+la+France%2C+l%E2%80%99Allemagne%2C+la+Su%C3%A8de+et+la+Norv%C3%A8ge+ont+annonc%C3%A9+l%E2%80%99envoi+de+personnel+militaire+sur+l%E2%80%99%C3%AEle&amp;url=https%3A%2F%2Flegrandcontinent.eu%2Ffr%2F2026%2F01%2F14%2Fface-aux-menaces-de-trump-a-lencontre-du-groenland-la-france-lallemagne-la-suede-et-la-norvege-ont-annonce-lenvoi-de-personnel-militaire-sur-lile%2F\" rel=\"noopener\">&#13;<br \/>\n                                          &#13;<br \/>\n                                        <\/a>&#13;<br \/>\n                                      <a target=\"_blank\" data-social=\"facebook\" class=\"text-red no-underline inline-block w-4 h-4 mr-2\" href=\"https:\/\/facebook.com\/sharer\/sharer.php?u=https%3A%2F%2Flegrandcontinent.eu%2Ffr%2F2026%2F01%2F14%2Fface-aux-menaces-de-trump-a-lencontre-du-groenland-la-france-lallemagne-la-suede-et-la-norvege-ont-annonce-lenvoi-de-personnel-militaire-sur-lile%2F\" rel=\"noopener\">&#13;<br \/>\n                                          &#13;<br \/>\n                                        <\/a>&#13;<br \/>\n                                      <a target=\"_blank\" data-social=\"linkedin\" class=\"text-red no-underline inline-block w-4 h-4 mr-2\" href=\"https:\/\/www.linkedin.com\/shareArticle?title=Face+aux+menaces+de+Trump+%C3%A0+l%26rsquo%3Bencontre+du+Groenland%2C+la+France%2C+l%26rsquo%3BAllemagne%2C+la+Su%C3%A8de+et+la+Norv%C3%A8ge+ont+annonc%C3%A9+l%26rsquo%3Benvoi+de+personnel+militaire+sur+l%26rsquo%3B%C3%AEle&amp;url=https%3A%2F%2Flegrandcontinent.eu%2Ffr%2F2026%2F01%2F14%2Fface-aux-menaces-de-trump-a-lencontre-du-groenland-la-france-lallemagne-la-suede-et-la-norvege-ont-annonce-lenvoi-de-personnel-militaire-sur-lile%2F\" rel=\"noopener\">&#13;<br \/>\n                                          &#13;<br \/>\n                                        <\/a>&#13;<br \/>\n&#13;<br \/>\n&#13;\n                                    <\/dd>\n<p>&#13;<\/p>\n<p class=\"font-sans text-black text-xs lg:text-2xs\">&#13;<br \/>\n                                          Abonnez-vous pour t\u00e9l\u00e9charger cet article en format PDF                                        <\/p>\n<p>                                        <a href=\"https:\/\/legrandcontinent.eu\/fr\/2026\/01\/14\/face-aux-menaces-de-trump-a-lencontre-du-groenland-la-france-lallemagne-la-suede-et-la-norvege-ont-annonce-lenvoi-de-personnel-militaire-sur-lile\/\" class=\"btn-subscribe flex no-underline mt-4\" target=\"_blank\" rel=\"noopener\">&#13;<br \/>\n                                          &#13;<br \/>\n                                            \u2192&#13;<br \/>\n                                          &#13;<br \/>\n                                          &#13;<br \/>\n                                            S&rsquo;abonner                                          &#13;<br \/>\n                                        <\/a><\/p>\n<p>                                    &#13;\n                                  <\/dl>\n<p>Des responsables danois et groenlandais ont \u00e9t\u00e9 re\u00e7us aujourd\u2019hui, mercredi 14 janvier, \u00e0 la Maison-Blanche \u00e0 Washington par le vice-pr\u00e9sident J.D. Vance et le secr\u00e9taire d\u2019\u00c9tat Marco Rubio pour discuter de l\u2019avenir du Groenland face aux r\u00e9it\u00e9r\u00e9es demandes d\u2019annexion territoriale de la part des \u00c9tats-Unis.<\/p>\n<ul class=\"wp-block-list\">\n<li>Le Danemark a rejet\u00e9 toute id\u00e9e qui ne respecte pas le principe d\u2019auto-d\u00e9termination du Groenland et la souverainet\u00e9 danoise, qualifiant la position am\u00e9ricaine \u00e0 l\u2019issue des \u00e9changes de \u00ab\u00a0d\u00e9saccord fondamental\u00a0\u00bb.<\/li>\n<li>Le pr\u00e9sident am\u00e9ricain persiste \u00e0 affirmer que les \u00c9tats-Unis \u00ab\u00a0<a href=\"https:\/\/legrandcontinent.eu\/fr\/2025\/12\/23\/donald-trump-et-la-prise-du-groenland-nous-devons-lavoir-video\/\" target=\"_blank\" rel=\"noopener\">ont besoin<\/a>\u00a0\u00bb du Groenland pour des raisons de s\u00e9curit\u00e9 nationale et pour mettre en place un syst\u00e8me de d\u00e9fense antimissile (le projet \u00ab\u00a0Golden Dome\u00a0\u00bb) qu\u2019il juge \u00ab\u00a0<a href=\"https:\/\/legrandcontinent.eu\/fr\/2025\/12\/29\/lebensraum-de-hitler-a-trump-sources-et-genealogie-dun-concept\/\" target=\"_blank\" rel=\"noopener\">vital<\/a>\u00a0\u00bb.<\/li>\n<li>Le Ministre des Affaires \u00e9trang\u00e8res du Danemark, Lars L\u00f8kke Rasmussen, a d\u00e9clar\u00e9 \u00e0 l\u2019issue de la r\u00e9union\u00a0: \u00ab\u00a0Nos points de vue continuent de diverger. Le pr\u00e9sident a clairement exprim\u00e9 son opinion. Et nous avons une position diff\u00e9rente\u00a0\u00bb.\u00a0\u00a0<\/li>\n<li>Un groupe de travail bilat\u00e9ral a \u00e9t\u00e9 cr\u00e9\u00e9 pour poursuivre les discussions, mais aucun compromis n\u2019a \u00e9t\u00e9 trouv\u00e9.<\/li>\n<li>Interrog\u00e9 sur son plan pour le Groenland dans le bureau ovale, le pr\u00e9sident am\u00e9ricain a d\u00e9clar\u00e9 apr\u00e8s la r\u00e9union\u00a0: \u00ab\u00a0Vous ne savez pas ce que je vais faire.\u00a0\u00bb \u00ab\u00a0Le Danemark ne peut rien faire si la Russie ou la Chine veulent occuper le Groenland.\u00a0 Je ne peux pas compter sur le Danemark pour se d\u00e9fendre tout seul.\u00a0\u00bb<\/li>\n<\/ul>\n<p>Dans le cadre de l\u2019\u00e9chec des n\u00e9gociations, quatre pays europ\u00e9ens \u2014 France, Allemagne, Su\u00e8de et Norv\u00e8ge \u2014 ont annonc\u00e9 l\u2019envoi du personnel militaire au Groenland.\u00a0<\/p>\n<ul class=\"wp-block-list\">\n<li>Berlin qualifie la d\u00e9marche d\u2019\u00ab\u00a0exploration du Groenland\u00a0\u00bb\u00a0: \u00ab\u00a0L\u2019objectif est d\u2019examiner les conditions-cadres en vue d\u2019\u00e9ventuelles contributions militaires destin\u00e9es \u00e0 soutenir le Danemark dans la garantie de la s\u00e9curit\u00e9 de la r\u00e9gion, par exemple dans le domaine des capacit\u00e9s de surveillance maritime\u00a0\u00bb.\u00a0<\/li>\n<li>Le Premier ministre suefois avait d\u00e9clar\u00e9 plus t\u00f4t dans la journ\u00e9e\u00a0: \u00ab\u00a0Plusieurs officiers de l\u2019arm\u00e9e su\u00e9doise arrivent aujourd\u2019hui au Groenland. Ils font partie d\u2019un groupe provenant de plusieurs pays alli\u00e9s. Ensemble, ils vont pr\u00e9parer les prochaines \u00e9tapes dans le cadre de l\u2019exercice danois Operation Arctic Endurance. C\u2019est \u00e0 la demande du Danemark que la Su\u00e8de envoie du personnel de l\u2019arm\u00e9e.\u00a0\u00bb<\/li>\n<\/ul>\n<blockquote class=\"twitter-tweet\" data-width=\"550\" data-dnt=\"true\">\n<p lang=\"sv\" dir=\"ltr\">N\u00e5gra officerare fr\u00e5n den svenska F\u00f6rsvarsmakten anl\u00e4nder idag till Gr\u00f6nland. De ing\u00e5r i en grupp fr\u00e5n flera allierade l\u00e4nder. Tillsammans ska de f\u00f6rbereda kommande moment inom ramen f\u00f6r den danska \u00f6vningen Operation Arctic Endurance. Det \u00e4r p\u00e5 f\u00f6rfr\u00e5gan fr\u00e5n Danmark som Sverige\u2026<\/p>\n<p>\u2014 Ulf Kristersson (@SwedishPM) <a href=\"https:\/\/twitter.com\/SwedishPM\/status\/2011469780729868447?ref_src=twsrc%5Etfw\" target=\"_blank\" rel=\"noopener\">January 14, 2026<\/a><\/p><\/blockquote>\n<ul class=\"wp-block-list\">\n<li>Le pr\u00e9sident Emmanuel Macron a exprim\u00e9 sa \u00ab\u00a0pleine solidarit\u00e9 avec le Danemark\u00a0\u00bb, \u00e9voquant le respect de la souverainet\u00e9 europ\u00e9enne et soulignant que toute atteinte \u00e0 un territoire d\u2019un \u00c9tat alli\u00e9 \u00ab\u00a0aurait des cons\u00e9quences in\u00e9dites\u00a0\u00bb.\u00a0<\/li>\n<li>Toute violation de la souverainet\u00e9 danoise fragilisera l\u2019architecture de d\u00e9fense collective de l\u2019OTAN.<\/li>\n<\/ul>\n<p>Le Danemark et le gouvernement du Groenland restent unis et affirment que l\u2019\u00eele ne sera ni vendue ni c\u00e9d\u00e9e aux \u00c9tats-Unis.<\/p>\n<ul class=\"wp-block-list\">\n<li>Le Premier ministre du Groenland a d\u00e9clar\u00e9 hier lors d\u2019une conf\u00e9rence de presse conjointe\u00a0: \u00ab\u00a0Nous sommes actuellement confront\u00e9s \u00e0 une crise g\u00e9opolitique. Si nous devions choisir entre les \u00c9tats-Unis et le Danemark, nous opterions pour le Danemark, l\u2019OTAN et l\u2019Union europ\u00e9enne.\u00a0\u00bb<\/li>\n<li>Cette position s\u2019inscrit dans un contexte de forte autonomie groenlandaise, mais aussi d\u2019une r\u00e9affirmation de la souverainet\u00e9 du Royaume de Danemark sur ce territoire strat\u00e9gique.<\/li>\n<\/ul>\n<p>Vendredi, 16 janvier, une d\u00e9l\u00e9gation bipartisane de membres du Congr\u00e8s am\u00e9ricain se rendra \u00e0 Copenhague, avec l\u2019objectif de montrer que les l\u00e9gislateurs am\u00e9ricains \u00ab\u00a0s\u2019opposent aux efforts agressifs du pr\u00e9sident Trump pour acqu\u00e9rir le Groenland\u00a0\u00bb.<\/p>\n<ul class=\"wp-block-list\">\n<li>Le s\u00e9nateur r\u00e9publicain Mitch McConnell a d\u00e9clar\u00e9 aujourd\u2019hui \u00ab\u00a0Je n\u2019ai encore entendu aucun membre de cette administration mentionner quoi que ce soit dont nous ayons besoin au Groenland et que ce peuple souverain ne soit d\u00e9j\u00e0 dispos\u00e9 \u00e0 nous accorder\u00a0\u00bb. \u00ab\u00a0\u00c0 moins que le pr\u00e9sident ne d\u00e9montre le contraire, la proposition qui nous est pr\u00e9sent\u00e9e aujourd\u2019hui est tr\u00e8s simple\u00a0: d\u00e9truire la confiance durement gagn\u00e9e de nos alli\u00e9s loyaux en \u00e9change d\u2019un changement insignifiant dans l\u2019acc\u00e8s des \u00c9tats-Unis \u00e0 l\u2019Arctique.\u00a0\u00bb<\/li>\n<\/ul>\n<p>                            <script async src=\"https:\/\/platform.twitter.com\/widgets.js\" charset=\"utf-8\"><\/script><\/p>\n","protected":false},"excerpt":{"rendered":"&#13; &#13; &#13; &#13; &#13; Date &#13; &#13; &#13; 14 janvier 2026 &#13; &#13; Ajouter Article ajout\u00e9 T\u00e9l\u00e9charger&hellip;\n","protected":false},"author":2,"featured_media":664453,"comment_status":"","ping_status":"","sticky":false,"template":"","format":"standard","meta":{"footnotes":""},"categories":[1587],"tags":[11,672,1804,1805,1803,1777,674,1801,12,1802],"class_list":{"0":"post-664452","1":"post","2":"type-post","3":"status-publish","4":"format-standard","5":"has-post-thumbnail","7":"category-allemagne","8":"tag-actualites","9":"tag-allemagne","10":"tag-bundesrepublik-deutschland","11":"tag-de","12":"tag-deutschland","13":"tag-eu","14":"tag-europe","15":"tag-germany","16":"tag-news","17":"tag-republique-federale-dallemagne"},"share_on_mastodon":{"url":"https:\/\/pubeurope.com\/@fr\/115897046396100847","error":""},"_links":{"self":[{"href":"https:\/\/www.europesays.com\/fr\/wp-json\/wp\/v2\/posts\/664452","targetHints":{"allow":["GET"]}}],"collection":[{"href":"https:\/\/www.europesays.com\/fr\/wp-json\/wp\/v2\/posts"}],"about":[{"href":"https:\/\/www.europesays.com\/fr\/wp-json\/wp\/v2\/types\/post"}],"author":[{"embeddable":true,"href":"https:\/\/www.europesays.com\/fr\/wp-json\/wp\/v2\/users\/2"}],"replies":[{"embeddable":true,"href":"https:\/\/www.europesays.com\/fr\/wp-json\/wp\/v2\/comments?post=664452"}],"version-history":[{"count":0,"href":"https:\/\/www.europesays.com\/fr\/wp-json\/wp\/v2\/posts\/664452\/revisions"}],"wp:featuredmedia":[{"embeddable":true,"href":"https:\/\/www.europesays.com\/fr\/wp-json\/wp\/v2\/media\/664453"}],"wp:attachment":[{"href":"https:\/\/www.europesays.com\/fr\/wp-json\/wp\/v2\/media?parent=664452"}],"wp:term":[{"taxonomy":"category","embeddable":true,"href":"https:\/\/www.europesays.com\/fr\/wp-json\/wp\/v2\/categories?post=664452"},{"taxonomy":"post_tag","embeddable":true,"href":"https:\/\/www.europesays.com\/fr\/wp-json\/wp\/v2\/tags?post=664452"}],"curies":[{"name":"wp","href":"https:\/\/api.w.org\/{rel}","templated":true}]}}