{"id":664460,"date":"2026-01-15T03:45:18","date_gmt":"2026-01-15T03:45:18","guid":{"rendered":"https:\/\/www.europesays.com\/fr\/664460\/"},"modified":"2026-01-15T03:45:18","modified_gmt":"2026-01-15T03:45:18","slug":"des-milliers-de-riches-qui-ne-paient-aucun-impot-sur-le-revenu-la-france-insoumise-demande-des-comptes-a-bercy","status":"publish","type":"post","link":"https:\/\/www.europesays.com\/fr\/664460\/","title":{"rendered":"Des \u00ab\u00a0milliers\u00a0\u00bb de riches qui ne paient \u00ab\u00a0aucun imp\u00f4t sur le revenu\u00a0\u00bb : La France insoumise demande des comptes \u00e0 Bercy"},"content":{"rendered":"<p class=\"PopSlotParagraph qg-tx2 qg-xtra-lh svelte-1r0pyek\">Eric Lombard, ancien ministre de l&rsquo;Economie et des Finances et ancien directeur g\u00e9n\u00e9ral de la Caisse des D\u00e9p\u00f4ts, sait de quoi il parle quand il parle d&rsquo;imp\u00f4ts. D&rsquo;o\u00f9 le choc provoqu\u00e9 par ses d\u00e9clarations lundi matin dans le journal Lib\u00e9ration\u00a0: \u00ab\u00a0Parmi les personnes les plus fortun\u00e9es dans notre pays, des milliers ont un revenu fiscal de r\u00e9f\u00e9rence de z\u00e9ro il ne paie aucun imp\u00f4t sur le revenu\u00a0\u00bb.<\/p>\n<p class=\"PopSlotParagraph qg-tx2 qg-xtra-lh svelte-1r0pyek\">Sollicit\u00e9 par France Inter pour savoir si des milliers de contribuables ais\u00e9s, voire riches, ne paient pas d&rsquo;imp\u00f4t en France, le minist\u00e8re de l&rsquo;Economie et des Finances oppose le secret fiscal.<\/p>\n<p class=\"PopSlotParagraph qg-tx2 qg-xtra-lh svelte-1r0pyek\">D&rsquo;un c\u00f4t\u00e9, pour \u00eatre exempt\u00e9 d&rsquo;imp\u00f4ts, il faut d\u00e9clarer moins de 11 500 euros par an. De l&rsquo;autre, les ultra-riches se d\u00e9finissent, d&rsquo;apr\u00e8s l&rsquo;INSEE, par ceux gagnant plus de 460 000 euros annuels, soit 0,1% des Fran\u00e7ais. Leur profil\u00a0: des hommes de 50 \u00e0 60 ans, chefs d&rsquo;entreprise, m\u00e9decins, avocats, sportifs. Certains jouent le jeu\u00a0: 24 000 s&rsquo;acquittent par exemple d&rsquo;une surtaxe pour les ultra-riches.<\/p>\n<p class=\"PopSlotParagraph qg-tx2 qg-xtra-lh svelte-1r0pyek\">D&rsquo;autres pratiquent en toute l&rsquo;\u00e9galit\u00e9 l&rsquo;optimisation fiscale\u00a0: ils basculent par exemple leurs r\u00e9mun\u00e9rations dans des holdings, permettant de ne pas se verser directement de salaire et de toucher en diff\u00e9r\u00e9 des dividendes. Ils jouent aussi sur les remboursements de notes de frais et autres avantages en nature\u00a0: de l\u00e0 \u00e0 r\u00e9ussir chaque ann\u00e9e \u00e0 passer sous la barre des 11 500 euros (et donc de ne pas payer d&rsquo;imp\u00f4ts), des fiscalistes estiment cela compliqu\u00e9 \u00e0 mettre en \u0153uvre et risqu\u00e9.<\/p>\n<p> Une d\u00e9claration qui s&rsquo;invite dans le d\u00e9bat budg\u00e9taire<\/p>\n<p class=\"PopSlotParagraph qg-tx2 qg-xtra-lh svelte-1r0pyek\">\u00ab\u00a0C&rsquo;est une bombe\u00a0\u00bb, glisse une d\u00e9put\u00e9e \u00e9cologiste, \u00ab\u00a0cela corroborer tous les amendements d\u00e9pos\u00e9s pour retrouver de l&rsquo;\u00e9quit\u00e9 fiscale\u00a0\u00bb, \u00e0 commencer par la taxe Zucmann.<\/p>\n<p class=\"PopSlotParagraph qg-tx2 qg-xtra-lh svelte-1r0pyek\">Le pr\u00e9sident LFI de la Commission des finances, Eric Coquerel, a demand\u00e9 mardi \u00e0 Bercy cette fameuse note \u00ab\u00a0z\u00e9ro imp\u00f4t\u00a0\u00bb. Ce document pourrait se r\u00e9v\u00e9ler essentiel en plein d\u00e9bat budg\u00e9taire, mais arriverait trop tard pour que les parlementaires puissent rattraper ces ultra-riches qui s&rsquo;affranchissent de l&rsquo;imp\u00f4t.<\/p>\n<p class=\"PopSlotParagraph qg-tx2 qg-xtra-lh svelte-1r0pyek\">En effet, d\u00e9sormais c&rsquo;est la \u00ab\u00a0r\u00e8gle de l&rsquo;entonnoir\u00a0\u00bb qui s&rsquo;applique\u00a0: seul le texte budg\u00e9taire d\u00e9j\u00e0 d\u00e9pos\u00e9 peut \u00eatre \u00e0 nouveau examin\u00e9 &#8211; ce qui promet de bien beaux d\u00e9bats d\u00e8s ce soir en s\u00e9ance.<\/p>\n","protected":false},"excerpt":{"rendered":"Eric Lombard, ancien ministre de l&rsquo;Economie et des Finances et ancien directeur g\u00e9n\u00e9ral de la Caisse des D\u00e9p\u00f4ts,&hellip;\n","protected":false},"author":2,"featured_media":664461,"comment_status":"","ping_status":"","sticky":false,"template":"","format":"standard","meta":{"footnotes":""},"categories":[2],"tags":[11,1011,27,12,25],"class_list":{"0":"post-664460","1":"post","2":"type-post","3":"status-publish","4":"format-standard","5":"has-post-thumbnail","7":"category-actualites","8":"tag-actualites","9":"tag-fr","10":"tag-france","11":"tag-news","12":"tag-republique-francaise"},"share_on_mastodon":{"url":"https:\/\/pubeurope.com\/@fr\/115897062082025062","error":""},"_links":{"self":[{"href":"https:\/\/www.europesays.com\/fr\/wp-json\/wp\/v2\/posts\/664460","targetHints":{"allow":["GET"]}}],"collection":[{"href":"https:\/\/www.europesays.com\/fr\/wp-json\/wp\/v2\/posts"}],"about":[{"href":"https:\/\/www.europesays.com\/fr\/wp-json\/wp\/v2\/types\/post"}],"author":[{"embeddable":true,"href":"https:\/\/www.europesays.com\/fr\/wp-json\/wp\/v2\/users\/2"}],"replies":[{"embeddable":true,"href":"https:\/\/www.europesays.com\/fr\/wp-json\/wp\/v2\/comments?post=664460"}],"version-history":[{"count":0,"href":"https:\/\/www.europesays.com\/fr\/wp-json\/wp\/v2\/posts\/664460\/revisions"}],"wp:featuredmedia":[{"embeddable":true,"href":"https:\/\/www.europesays.com\/fr\/wp-json\/wp\/v2\/media\/664461"}],"wp:attachment":[{"href":"https:\/\/www.europesays.com\/fr\/wp-json\/wp\/v2\/media?parent=664460"}],"wp:term":[{"taxonomy":"category","embeddable":true,"href":"https:\/\/www.europesays.com\/fr\/wp-json\/wp\/v2\/categories?post=664460"},{"taxonomy":"post_tag","embeddable":true,"href":"https:\/\/www.europesays.com\/fr\/wp-json\/wp\/v2\/tags?post=664460"}],"curies":[{"name":"wp","href":"https:\/\/api.w.org\/{rel}","templated":true}]}}