{"id":664462,"date":"2026-01-15T03:46:12","date_gmt":"2026-01-15T03:46:12","guid":{"rendered":"https:\/\/www.europesays.com\/fr\/664462\/"},"modified":"2026-01-15T03:46:12","modified_gmt":"2026-01-15T03:46:12","slug":"diffusion-numerique-des-radios-et-webradios-france-inter-toujours-en-tete","status":"publish","type":"post","link":"https:\/\/www.europesays.com\/fr\/664462\/","title":{"rendered":"Diffusion num\u00e9rique des radios et webradios : France Inter toujours en t\u00eate"},"content":{"rendered":"<p>L\u2019ACPM publie les chiffres de diffusion num\u00e9rique des radios pour d\u00e9cembre 2025. France Inter survole le classement comme les <a target=\"_blank\" rel=\"noopener\" href=\"https:\/\/fr.themedialeader.com\/diffusion-numerique-des-radios-france-inter-domine-en-octobre-2025\/\">mois pr\u00e9c\u00e9dents<\/a>.<\/p>\n<p>France Inter domine toujours l\u2019\u00e9coute num\u00e9rique en d\u00e9cembre 2025 avec 29,9 millions d\u2019\u00e9coutes actives, suivie par RMC (19,6 millions) et Franceinfo (17,2 millions). RTL arrive ensuite avec 15,7 millions d\u2019\u00e9coutes, devant Europe 1 qui totalise 9,4 millions.<\/p>\n<p>C\u00f4t\u00e9 engagement, RTL2 enregistre la dur\u00e9e d\u2019\u00e9coute moyenne la plus longue du classement avec 1h11min, devant Ch\u00e9rie FM (1h09min), RFM (1h05min) et Fip (1h04min). \u00c0 titre de comparaison, France Inter affiche une dur\u00e9e moyenne de 36 minutes et RMC de 35min, illustrant des usages diff\u00e9rents entre les radios g\u00e9n\u00e9ralistes et les musicales.<\/p>\n<p><img loading=\"lazy\" decoding=\"async\" class=\"aligncenter wp-image-208988 size-full\" src=\"https:\/\/www.europesays.com\/fr\/wp-content\/uploads\/2026\/01\/Top-des-radios-les-plus-ecoutees-en-digital-EN-Decembre-2025.png\" alt=\"\" width=\"728\" height=\"1155\"  \/><\/p>\n<p>\u00a0<\/p>\n","protected":false},"excerpt":{"rendered":"L\u2019ACPM publie les chiffres de diffusion num\u00e9rique des radios pour d\u00e9cembre 2025. France Inter survole le classement comme&hellip;\n","protected":false},"author":2,"featured_media":664463,"comment_status":"","ping_status":"","sticky":false,"template":"","format":"standard","meta":{"footnotes":""},"categories":[4],"tags":[11,4298,1011,27,12,25],"class_list":{"0":"post-664462","1":"post","2":"type-post","3":"status-publish","4":"format-standard","5":"has-post-thumbnail","7":"category-france","8":"tag-actualites","9":"tag-chiffres","10":"tag-fr","11":"tag-france","12":"tag-news","13":"tag-republique-francaise"},"share_on_mastodon":{"url":"https:\/\/pubeurope.com\/@fr\/115897066034431717","error":""},"_links":{"self":[{"href":"https:\/\/www.europesays.com\/fr\/wp-json\/wp\/v2\/posts\/664462","targetHints":{"allow":["GET"]}}],"collection":[{"href":"https:\/\/www.europesays.com\/fr\/wp-json\/wp\/v2\/posts"}],"about":[{"href":"https:\/\/www.europesays.com\/fr\/wp-json\/wp\/v2\/types\/post"}],"author":[{"embeddable":true,"href":"https:\/\/www.europesays.com\/fr\/wp-json\/wp\/v2\/users\/2"}],"replies":[{"embeddable":true,"href":"https:\/\/www.europesays.com\/fr\/wp-json\/wp\/v2\/comments?post=664462"}],"version-history":[{"count":0,"href":"https:\/\/www.europesays.com\/fr\/wp-json\/wp\/v2\/posts\/664462\/revisions"}],"wp:featuredmedia":[{"embeddable":true,"href":"https:\/\/www.europesays.com\/fr\/wp-json\/wp\/v2\/media\/664463"}],"wp:attachment":[{"href":"https:\/\/www.europesays.com\/fr\/wp-json\/wp\/v2\/media?parent=664462"}],"wp:term":[{"taxonomy":"category","embeddable":true,"href":"https:\/\/www.europesays.com\/fr\/wp-json\/wp\/v2\/categories?post=664462"},{"taxonomy":"post_tag","embeddable":true,"href":"https:\/\/www.europesays.com\/fr\/wp-json\/wp\/v2\/tags?post=664462"}],"curies":[{"name":"wp","href":"https:\/\/api.w.org\/{rel}","templated":true}]}}