{"id":664464,"date":"2026-01-15T03:49:19","date_gmt":"2026-01-15T03:49:19","guid":{"rendered":"https:\/\/www.europesays.com\/fr\/664464\/"},"modified":"2026-01-15T03:49:19","modified_gmt":"2026-01-15T03:49:19","slug":"asm-rugby-14","status":"publish","type":"post","link":"https:\/\/www.europesays.com\/fr\/664464\/","title":{"rendered":"ASM Rugby"},"content":{"rendered":"<p>Samedi \u00e0 15 heures, (14 h en France), les Jaune et Bleu fouleront une pelouse o\u00f9 le Rugby fran\u00e7ais a v\u00e9cu l\u2019un de ses pires cauchemars. Sous un orage de fin du monde qui avait retard\u00e9 le match et lanc\u00e9 une improbable chor\u00e9graphie de balaies afin d\u2019\u00e9vacuer avec les moyens du bord le d\u00e9luge en provenance de l\u2019oc\u00e9an Indien, le XV de France avait fini le bec dans l\u2019eau dans une demi-finale de Coupe du Monde o\u00f9 4 essais leur furent refus\u00e9s et o\u00f9 les hommes de Fran\u00e7ois Pienaar s\u2019\u00e9taient ouverts en grand les portes d\u2019un titre mondial f\u00e9d\u00e9rateur et r\u00e9unificateur pour la nation arc en ciel. C\u2019\u00e9tait en 1995\u2026<\/p>\n<p>    <img decoding=\"async\" class=\"img-left img-round\" src=\"https:\/\/www.europesays.com\/fr\/wp-content\/uploads\/2026\/01\/10152-rugby-sud-af.jpg\" alt=\"D\u00e9sol\u00e9 nous ne trouvons pas l'image\"\/><\/p>\n<p>Ce jour-l\u00e0, les joueurs tricolores \u00e9taient probablement les figurants malgr\u00e9-eux de la reconstruction du peuple arc-en-ciel qui accueillait pour la premi\u00e8re fois post-apartheid une comp\u00e9tition mondiale. 5 ans apr\u00e8s la lib\u00e9ration de Nelson Mandela et le d\u00e9but des travaux politiques qui m\u00e8neront en 1991 \u00e0 l\u2019abolition des lois raciales. Le monde entier n\u2019avait d\u2019yeux que pour les Springboks engag\u00e9s sur leur terre et devant un public euphorique et multiethnique \u00e0 la troisi\u00e8me Coupe du Monde de rugby, la premi\u00e8re de leur Histoire (apr\u00e8s avoir \u00e9t\u00e9 \u00e9cart\u00e9s des comp\u00e9titions mondiales durant l\u2019Apartheid). Des stades pleins, une foule en d\u00e9lire et une tourn\u00e9e nationale (\u00e0 r\u00e9sonnance mondiale) pour \u00ab\u00a0Madiba\u00a0\u00bb le p\u00e8re de la nation arc-en-ciel enfin r\u00e9unie dans un sport (historiquement port\u00e9 par les colons et pratiqu\u00e9 par leurs descendants uniquement) qui longtemps joua les mauvais \u00e9l\u00e8ves. L\u2019histoire \u00e9tait trop belle pour que ce d\u00e9luge ne vienne stopper son \u00e9pilogue la semaine suivante \u00e0 Johannesburg lorsque Fran\u00e7ois Pienaar, capitaine des Boks d\u00e9sign\u00e9 r\u00e9unificateur national ne re\u00e7oive le troph\u00e9e Webb Ellis des mains de Nelson Mandela portant le maillot des Springboks\u00a0: l\u2019un des plus beaux symboles sportifs \u00e0 l\u2019\u00e9chelle g\u00e9opolitique. Des images grav\u00e9es aux yeux d\u2019un monde heureux de voir la r\u00e9unification d\u2019un peuple trop longtemps divis\u00e9, s\u00e9par\u00e9 et malmen\u00e9. Et tant pis si des soup\u00e7ons de tentatives d\u2019intoxication alimentaire, les quatre essais refus\u00e9s au XV de France dont celui d\u2019Abdelatif Benazzi que la VAR actuelle aurait bien eu du mal \u00e0 contester dans la marre du Kings Park \u00e0 la fin d\u2019un match qui n\u2019aurait jamais d\u00fb \u00eatre disput\u00e9 dans des conditions apocalyptiques\u2026 l\u2019histoire \u00e9tait trop belle et a donn\u00e9 au Rugby un \u00e9lan f\u00e9d\u00e9rateur incroyable en Afrique du Sud.<\/p>\n<p>    <img decoding=\"async\" class=\"img-left img-round\" src=\"https:\/\/www.europesays.com\/fr\/wp-content\/uploads\/2026\/01\/10154-titre.webp.webp\" alt=\"D\u00e9sol\u00e9 nous ne trouvons pas l'image\"\/><\/p>\n<p>Le Rugby est devenu un marqueur social, culturel et historique en Afrique du Sud et particuli\u00e8rement \u00e0 Durban, dans la province du Natal qui a depuis toujours port\u00e9 des valeurs de combats f\u00e9roces. C\u2019est la province des avants sud-africains, celle de John Smit (l\u2019ancien capitaine champion du Monde en 2007 et ancien clermontois), celle des Etzebeth, Nch\u00e9, Kolisi, Mbonambi qui pourraient croiser la route des Auvergnats samedi. Les Sharks ont vu passer les plus grands noms du rugby sud-africains et ont r\u00e9ussi \u00e0 faire du rugby un lien soci\u00e9tal fort. Que ce soit au stade o\u00f9 toutes les g\u00e9n\u00e9rations et toutes les communaut\u00e9s partagent un moment de f\u00eate mais aussi dans les zones d\u00e9favoris\u00e9es de Durban o\u00f9 les Sharks multiplient les actions dans les Townships. Autrefois symbole de division et outil de pouvoir, le Rugby est devenu une passerelle sociale gr\u00e2ce aux politiques de transformation du sport sud-africain. Des programmes scolaires et communautaires ont permis aux jeunes joueurs des townships et \u00e9coles publiques du KwaZulu-Natal d\u2019acc\u00e9der \u00e0 une \u00e9ducation de qualit\u00e9 et des bourses scolaires. Dans une ville marqu\u00e9e par la coexistence de cultures zouloue, indienne et europ\u00e9enne, le rugby agit comme un\u00a0langage commun.<\/p>\n<p>Alors tant pis pour cette demi-finale perdue et les regrets du XV de France, c\u2019est probablement aussi bien ainsi \u00e0 la vue du chemin parcouru par le rugby sud-africain depuis ce d\u00e9luge. Samedi, les Auvergnats seront sur les lieux de ce moment historique face \u00e0 une \u00e9quipe des Sharks soutenue par un public qui sait ce que veut dire la r\u00e9silience et la communion.<\/p>\n","protected":false},"excerpt":{"rendered":"Samedi \u00e0 15 heures, (14 h en France), les Jaune et Bleu fouleront une pelouse o\u00f9 le Rugby&hellip;\n","protected":false},"author":2,"featured_media":664465,"comment_status":"","ping_status":"","sticky":false,"template":"","format":"standard","meta":{"footnotes":""},"categories":[1416],"tags":[1011,27,479,1468,60],"class_list":{"0":"post-664464","1":"post","2":"type-post","3":"status-publish","4":"format-standard","5":"has-post-thumbnail","7":"category-rugby","8":"tag-fr","9":"tag-france","10":"tag-rugby","11":"tag-rugby-football","12":"tag-sports"},"share_on_mastodon":{"url":"https:\/\/pubeurope.com\/@fr\/115897077980573707","error":""},"_links":{"self":[{"href":"https:\/\/www.europesays.com\/fr\/wp-json\/wp\/v2\/posts\/664464","targetHints":{"allow":["GET"]}}],"collection":[{"href":"https:\/\/www.europesays.com\/fr\/wp-json\/wp\/v2\/posts"}],"about":[{"href":"https:\/\/www.europesays.com\/fr\/wp-json\/wp\/v2\/types\/post"}],"author":[{"embeddable":true,"href":"https:\/\/www.europesays.com\/fr\/wp-json\/wp\/v2\/users\/2"}],"replies":[{"embeddable":true,"href":"https:\/\/www.europesays.com\/fr\/wp-json\/wp\/v2\/comments?post=664464"}],"version-history":[{"count":0,"href":"https:\/\/www.europesays.com\/fr\/wp-json\/wp\/v2\/posts\/664464\/revisions"}],"wp:featuredmedia":[{"embeddable":true,"href":"https:\/\/www.europesays.com\/fr\/wp-json\/wp\/v2\/media\/664465"}],"wp:attachment":[{"href":"https:\/\/www.europesays.com\/fr\/wp-json\/wp\/v2\/media?parent=664464"}],"wp:term":[{"taxonomy":"category","embeddable":true,"href":"https:\/\/www.europesays.com\/fr\/wp-json\/wp\/v2\/categories?post=664464"},{"taxonomy":"post_tag","embeddable":true,"href":"https:\/\/www.europesays.com\/fr\/wp-json\/wp\/v2\/tags?post=664464"}],"curies":[{"name":"wp","href":"https:\/\/api.w.org\/{rel}","templated":true}]}}