{"id":664466,"date":"2026-01-15T03:50:11","date_gmt":"2026-01-15T03:50:11","guid":{"rendered":"https:\/\/www.europesays.com\/fr\/664466\/"},"modified":"2026-01-15T03:50:11","modified_gmt":"2026-01-15T03:50:11","slug":"pronostic-diana-shnaider-emma-navarro-wta-adelaide","status":"publish","type":"post","link":"https:\/\/www.europesays.com\/fr\/664466\/","title":{"rendered":"Pronostic Diana Shnaider Emma Navarro &#8211; WTA Adelaide"},"content":{"rendered":"<p class=\"text-xs leading-5 text-gray-400 mb-2\">\n                        Publi\u00e9 le 14\/01\/2026 14:38<br \/>\n                        \u00a0par<br \/>\n                                                            <a href=\"https:\/\/www.sportytrader.com\/auteur\/leo-measson-54\/\" target=\"_blank\" rel=\"noopener\">L\u00e9o Measson<\/a><\/p>\n<p>                                                    |<br \/>\n                            Modifi\u00e9 le<br \/>\n                                14\/01\/2026<br \/>\n                                \u00e0 14:50<\/p>\n<p>                                                                            dans<br \/>\n                            <a data-trans=\"tips.published.sport %sport%\" href=\"https:\/\/www.sportytrader.com\/pronostics\/tennis\/\" target=\"_blank\" rel=\"noopener\"><br \/>\n                                Pronostics Tennis<br \/>\n                            <\/a>\n                                            <\/p>\n<p>Les quarts de finale de ce tournoi WTA 500 d&rsquo;Adelaide sont maintenant connus ! Et dans l&rsquo;un d&rsquo;entre eux, le spectacle devrait \u00eatre au rendez-vous pour le public australien puisque ce sont la Russe Diana Shnaider et l&rsquo;Am\u00e9ricaine\u00a0Emma Navarro qui vont s&rsquo;affronter pour tenter de rejoindre les demi-finales.<\/p>\n<p>Toutes les deux quarts de finaliste de ce tournoi d&rsquo;Adelaide la saison derni\u00e8re et \u00e9limin\u00e9es par leurs adversaires respectives, Diana Shnaider et\u00a0Emma Navarro devraient avoir envie de remporter la mise cette fois-ci, offrant un duel serr\u00e9 aux fans de tennis. Avec un bilan 2025 en de\u00e7a de ses capacit\u00e9s, la joueuse russe de 21 ans n&rsquo;a pas d\u00e9pass\u00e9 les 8e de finale \u00e0 Brisbane la semaine derni\u00e8re en s&rsquo;inclinant face \u00e0 la top 10 Madison Keys. De quoi alimenter quelques doutes quant \u00e0 son niveau face aux adversaires mieux class\u00e9es, bien qu&rsquo;elle ait remport\u00e9 ses deux premiers tours face \u00e0 L. Fernandez et K. Siniakova.<\/p>\n<p>Emma Navarro, de son c\u00f4t\u00e9, n&rsquo;a pas brill\u00e9 \u00e0 Auckland en s&rsquo;inclinant d\u00e8s les 16e de finale face \u00e0 la Britannique\u00a0F. Jones. Mais celle qui a remport\u00e9 le tournoi de M\u00e9rida sur le dur la saison derni\u00e8re a conclu sa saison pr\u00e9c\u00e9dente par une victoire face \u00e0 la Polonaise Iga Swiatek \u00e0 P\u00e9kin\u00a0en lui imposant un cruel 6-0. De quoi lui permettre d&rsquo;avoir confiance en ses comp\u00e9tences pour remporter ce duel face \u00e0 la Russe, d&rsquo;autant plus qu&rsquo;elle a remport\u00e9 ses deux premiers tours en 2 sets face \u00e0 E. Jones et Y. Putintseva.<\/p>\n","protected":false},"excerpt":{"rendered":"Publi\u00e9 le 14\/01\/2026 14:38 \u00a0par L\u00e9o Measson | Modifi\u00e9 le 14\/01\/2026 \u00e0 14:50 dans Pronostics Tennis Les quarts&hellip;\n","protected":false},"author":2,"featured_media":664467,"comment_status":"","ping_status":"","sticky":false,"template":"","format":"standard","meta":{"footnotes":""},"categories":[1415],"tags":[76550,10309,1011,27,1817,1821,60,1467,76551],"class_list":{"0":"post-664466","1":"post","2":"type-post","3":"status-publish","4":"format-standard","5":"has-post-thumbnail","7":"category-tennis","8":"tag-diana-shnaider","9":"tag-emma-navarro","10":"tag-fr","11":"tag-france","12":"tag-pronostic","13":"tag-pronostics","14":"tag-sports","15":"tag-tennis","16":"tag-wta-adelaide"},"share_on_mastodon":{"url":"https:\/\/pubeurope.com\/@fr\/115897081667476953","error":""},"_links":{"self":[{"href":"https:\/\/www.europesays.com\/fr\/wp-json\/wp\/v2\/posts\/664466","targetHints":{"allow":["GET"]}}],"collection":[{"href":"https:\/\/www.europesays.com\/fr\/wp-json\/wp\/v2\/posts"}],"about":[{"href":"https:\/\/www.europesays.com\/fr\/wp-json\/wp\/v2\/types\/post"}],"author":[{"embeddable":true,"href":"https:\/\/www.europesays.com\/fr\/wp-json\/wp\/v2\/users\/2"}],"replies":[{"embeddable":true,"href":"https:\/\/www.europesays.com\/fr\/wp-json\/wp\/v2\/comments?post=664466"}],"version-history":[{"count":0,"href":"https:\/\/www.europesays.com\/fr\/wp-json\/wp\/v2\/posts\/664466\/revisions"}],"wp:featuredmedia":[{"embeddable":true,"href":"https:\/\/www.europesays.com\/fr\/wp-json\/wp\/v2\/media\/664467"}],"wp:attachment":[{"href":"https:\/\/www.europesays.com\/fr\/wp-json\/wp\/v2\/media?parent=664466"}],"wp:term":[{"taxonomy":"category","embeddable":true,"href":"https:\/\/www.europesays.com\/fr\/wp-json\/wp\/v2\/categories?post=664466"},{"taxonomy":"post_tag","embeddable":true,"href":"https:\/\/www.europesays.com\/fr\/wp-json\/wp\/v2\/tags?post=664466"}],"curies":[{"name":"wp","href":"https:\/\/api.w.org\/{rel}","templated":true}]}}