{"id":664470,"date":"2026-01-15T03:55:11","date_gmt":"2026-01-15T03:55:11","guid":{"rendered":"https:\/\/www.europesays.com\/fr\/664470\/"},"modified":"2026-01-15T03:55:11","modified_gmt":"2026-01-15T03:55:11","slug":"le-paris-fc-a-trouve-le-nouveau-pogba","status":"publish","type":"post","link":"https:\/\/www.europesays.com\/fr\/664470\/","title":{"rendered":"Le Paris FC a trouv\u00e9 le nouveau Pogba"},"content":{"rendered":"<p><b>M\u00e9content de sa premi\u00e8re partie de saison, le Paris FC va r\u00e9agir sur le march\u00e9 des transferts. La famille Arnault remet la main \u00e0 la poche et permet \u00e0 la direction sportive de revenir \u00e0 la charge pour l\u2019Ivoirien Patrick Zabi.<\/b><\/p>\n<p>Avec son exploit au Parc des Princes (1-0) lundi en Coupe de France, le <a href=\"https:\/\/www.foot01.com\/equipe\/parisfc\/\" target=\"_blank\" rel=\"noopener\">Paris FC<\/a> s\u2019est offert un sacr\u00e9 coup de projecteur. Le tombeur du Paris Saint-Germain va peut-\u00eatre gagner en attractivit\u00e9 au moment o\u00f9 ses dirigeants tentent de renforcer l\u2019effectif. La direction, m\u00e9contente de la premi\u00e8re partie de saison, notamment \u00e0 cause du rendement insuffisant de certaines recrues estivales, a cibl\u00e9 plusieurs postes \u00e0 renforcer en priorit\u00e9. On sait par exemple que le promu cherche un milieu de terrain, d\u2019o\u00f9 le retour de la piste Patrick Zabi (19 ans).<\/p>\n<p>L\u2019\u00e9t\u00e9 dernier, le Paris FC avait d\u00e9j\u00e0 tent\u00e9 d\u2019attirer le R\u00e9mois. Mais le club de Ligue 2 avait refus\u00e9 ses offres, dont la derni\u00e8re annonc\u00e9e \u00e0 plus de 20 millions d\u2019euros. Manifestement, ces refus n\u2019ont pas refroidi les Parisiens. Le journaliste Sacha Tavolieri indique que le pensionnaire du Stade Jean-Bouin a encore transmis trois propositions en d\u00e9cembre. Mais l\u00e0 encore, la derni\u00e8re estim\u00e9e \u00e0 15 millions d\u2019euros (plus 10 millions d\u2019euros en bonus) n\u2019a pas suffi.<\/p>\n<p>Man United sur le coup<\/p>\n<p>Le club de la famille Arnault va quand m\u00eame revenir \u00e0 la charge, annonce notre confr\u00e8re, qui pr\u00e9cise que l\u2019Allemand J\u00fcrgen Klopp, directeur du football de Red Bull, a pris les choses en main sur ce dossier. L\u2019ancien manager de Liverpool a en effet contact\u00e9 Patrick Zabi. Le probl\u00e8me pour le dirigeant, c\u2019est qu\u2019outre les 25 millions d\u2019euros (bonus inclus) r\u00e9clam\u00e9s par le Stade de Reims, Manchester United est \u00e9galement int\u00e9ress\u00e9. Les Red Devils consid\u00e8rent l\u2019Ivoirien comme le nouveau Paul Pogba. Une comparaison flatteuse m\u00eame si le Mon\u00e9gasque ne parvient pas \u00e0 se relancer sur le Rocher.<\/p>\n","protected":false},"excerpt":{"rendered":"M\u00e9content de sa premi\u00e8re partie de saison, le Paris FC va r\u00e9agir sur le march\u00e9 des transferts. La&hellip;\n","protected":false},"author":2,"featured_media":664471,"comment_status":"","ping_status":"","sticky":false,"template":"","format":"standard","meta":{"footnotes":""},"categories":[1410],"tags":[63,1011,27,1434,445,60],"class_list":{"0":"post-664470","1":"post","2":"type-post","3":"status-publish","4":"format-standard","5":"has-post-thumbnail","7":"category-football","8":"tag-football","9":"tag-fr","10":"tag-france","11":"tag-mercato","12":"tag-paris-fc","13":"tag-sports"},"share_on_mastodon":{"url":"https:\/\/pubeurope.com\/@fr\/115897101491794110","error":""},"_links":{"self":[{"href":"https:\/\/www.europesays.com\/fr\/wp-json\/wp\/v2\/posts\/664470","targetHints":{"allow":["GET"]}}],"collection":[{"href":"https:\/\/www.europesays.com\/fr\/wp-json\/wp\/v2\/posts"}],"about":[{"href":"https:\/\/www.europesays.com\/fr\/wp-json\/wp\/v2\/types\/post"}],"author":[{"embeddable":true,"href":"https:\/\/www.europesays.com\/fr\/wp-json\/wp\/v2\/users\/2"}],"replies":[{"embeddable":true,"href":"https:\/\/www.europesays.com\/fr\/wp-json\/wp\/v2\/comments?post=664470"}],"version-history":[{"count":0,"href":"https:\/\/www.europesays.com\/fr\/wp-json\/wp\/v2\/posts\/664470\/revisions"}],"wp:featuredmedia":[{"embeddable":true,"href":"https:\/\/www.europesays.com\/fr\/wp-json\/wp\/v2\/media\/664471"}],"wp:attachment":[{"href":"https:\/\/www.europesays.com\/fr\/wp-json\/wp\/v2\/media?parent=664470"}],"wp:term":[{"taxonomy":"category","embeddable":true,"href":"https:\/\/www.europesays.com\/fr\/wp-json\/wp\/v2\/categories?post=664470"},{"taxonomy":"post_tag","embeddable":true,"href":"https:\/\/www.europesays.com\/fr\/wp-json\/wp\/v2\/tags?post=664470"}],"curies":[{"name":"wp","href":"https:\/\/api.w.org\/{rel}","templated":true}]}}