{"id":664472,"date":"2026-01-15T03:56:14","date_gmt":"2026-01-15T03:56:14","guid":{"rendered":"https:\/\/www.europesays.com\/fr\/664472\/"},"modified":"2026-01-15T03:56:14","modified_gmt":"2026-01-15T03:56:14","slug":"delphine-wespiser-evoque-les-graves-problemes-de-sante-de-roger-apres-un-coma-il-est-venu-avec-moi-au-mexique","status":"publish","type":"post","link":"https:\/\/www.europesays.com\/fr\/664472\/","title":{"rendered":"Delphine Wespiser \u00e9voque les graves probl\u00e8mes de sant\u00e9 de Roger : \u00ab\u00a0Apr\u00e8s un coma, il est venu avec moi au Mexique\u00a0\u00bb"},"content":{"rendered":"<p>En 2022, Delphine Wespiser annon\u00e7ait <a href=\"https:\/\/www.programme-tv.net\/news\/people\/366779-ca-lui-a-fait-beaucoup-de-mal-en-larmes-delphine-wespiser-revele-les-raisons-de-sa-separation-avec-roger\/\" data-api-deeplink=\"teleloisirs:\/\/news\/366779\" target=\"_blank\" rel=\"noopener\">sa s\u00e9paration avec son compagnon Roger<\/a> apr\u00e8s sept ans de relation. Malgr\u00e9 leur rupture, les deux ex sont toujours rest\u00e9s proches, au point de se redonner une chance. Dans une interview accord\u00e9e \u00e0 <a href=\"https:\/\/www.voici.fr\/celebrites\/exclu-delphine-wespiser-de-retour-dans-les-bras-de-roger-elle-evoque-leur-rupture-et-les-graves-consequences-sur-l-etat-de-sante-de-son-compagnon-817837\" rel=\"nofollow noopener\" target=\"_blank\">Voici.fr<\/a>, \u00e0 l&rsquo;occasion du <a href=\"https:\/\/www.programme-tv.net\/news\/tele-realite\/394952-l-ile-de-la-tentation-2026-decouvrez-quand-sera-diffusee-la-prochaine-saison-sur-w9\/\" data-api-deeplink=\"teleloisirs:\/\/news\/394952\" target=\"_blank\" rel=\"noopener\">retour prochain de L&rsquo;\u00eele de la tentation<\/a>, l&rsquo;animatrice confirme \u00eatre de nouveau en couple avec <a href=\"https:\/\/www.programme-tv.net\/news\/tv\/245452-delphine-wespiser-en-couple-avec-roger-leur-grande-difference-dage-a-ete-tres-dure-a-faire-accepter-jai-vu-mon-pere-et-ma-mere-pleurer\/\" data-api-deeplink=\"teleloisirs:\/\/news\/245452\" target=\"_blank\" rel=\"noopener\">l&rsquo;entrepreneur de 26 ans son a\u00een\u00e9<\/a>. \u00ab\u00a0Je pense que lorsque deux \u00e2mes pour leur bien doivent \u00eatre l&rsquo;une \u00e0 c\u00f4t\u00e9 de l&rsquo;autre, elles se retrouvent naturellement. J&rsquo;ai v\u00e9cu sept, huit ans absolument magnifiques aux c\u00f4t\u00e9s de Roger. Ensuite,\u00a0j&rsquo;ai eu besoin de vivre quelque chose d&rsquo;autre. Qui peut me jeter la pierre ? Il y a plein de gens qui ont besoin de vivre, d&rsquo;exp\u00e9rimenter. Quand on est jeune, avant 30 ans en plus, on a besoin de vivre certaines choses et j&rsquo;en ai tir\u00e9 mes conclusions. J&rsquo;ai vu ce que je voulais vraiment dans la vie, et ce que je ne voulais plus\u00a0\u00bb, explique-t-elle.<\/p>\n<p>Aupr\u00e8s de nos confr\u00e8res, Delphine Wespiser reconna\u00eet que sa s\u00e9paration avec Roger a \u00e9t\u00e9 extr\u00eamement difficile \u00e0 vivre. \u00ab\u00a0Je me suis rendu compte que mon vrai bonheur et ma place est \u00e0 c\u00f4t\u00e9 de lui [\u2026] Il y a un moment, pendant de nombreux mois, j&rsquo;\u00e9tais totalement \u00e9teinte, totalement triste. C&rsquo;\u00e9tait marqu\u00e9 sur moi, sur mon visage, mon corps, mon \u00e9nergie\u00a0\u00bb, confie-t-elle. Roger a, de son c\u00f4t\u00e9, connu de graves probl\u00e8mes de sant\u00e9. \u00ab\u00a0Ce chagrin s&rsquo;est aussi imprim\u00e9 dans son corps et c&rsquo;est pour \u00e7a qu&rsquo;il est tomb\u00e9 malade. Aujourd&rsquo;hui, je suis l\u00e0 pour l&rsquo;aider \u00e0 gu\u00e9rir et \u00e7a fonctionne. C&rsquo;est \u00e7a l&rsquo;important. Quand on aime vraiment quelqu&rsquo;un profond\u00e9ment, on est l\u00e0 pour le meilleur et pour le pire. On a v\u00e9cu tout le meilleur, on a aussi v\u00e9cu le pire. Et maintenant, on repart pour le meilleur\u00a0\u00bb, d\u00e9clare l&rsquo;ancienne Miss France.<\/p>\n<p>            Delphine Wespiser revient sur les probl\u00e8me de sant\u00e9 de son compagnon Roger<\/p>\n<p>En ao\u00fbt dernier, Delphine Wespiser avait \u00e9court\u00e9 ses vacances en urgence <a href=\"https:\/\/www.programme-tv.net\/news\/people\/385103-un-casse-tete-asphyxiant-delphine-wespiser-ecourte-ses-vacances-en-urgence-pour-rejoindre-roger-a-l-hopital-et-tombe-sur-une-grosse-galere\/\" data-api-deeplink=\"teleloisirs:\/\/news\/385103\" target=\"_blank\" rel=\"noopener\">pour veiller au chevet de Roger<\/a>, qui \u00e9tait alors hospitalis\u00e9. Plusieurs mois plus tard, et gr\u00e2ce au soutien de sa compagne, le chef d&rsquo;entreprise va d\u00e9sormais mieux. \u00ab\u00a0C&rsquo;est un guerrier. On est tous les deux des guerriers. Il y a des progr\u00e8s et on part de vraiment loin. On a pass\u00e9 des mois \u00e0 l&rsquo;h\u00f4pital. C&rsquo;\u00e9tait ma deuxi\u00e8me maison puisque j&rsquo;y \u00e9tais douze heures par jour et je dormais l\u00e0-bas. J&rsquo;ai tellement donn\u00e9 d\u2019\u00e9nergie\u00a0\u00bb, confie-t-elle.<\/p>\n<p>Pendant cette p\u00e9riode difficile, Delphine Wespiser n&rsquo;a jamais perdu espoir. \u00ab\u00a0M\u00eame quand tout le monde pensait que c&rsquo;\u00e9tait fini, je savais que deux semaines apr\u00e8s, je l&#8217;emm\u00e8nerais avec moi au Mexique. <b>Deux semaines apr\u00e8s, jour pour jour, apr\u00e8s un coma, il est venu avec moi au Mexique. <\/b>Il n&rsquo;avait pas le choix et je pense que c&rsquo;\u00e9tait un pari gagnant, parce que c\u2019est l\u00e0-bas qu\u2019il a fait sa convalescence. Aujourd&rsquo;hui, vraiment, il va bien\u00a0\u00bb, conclut-elle.<\/p>\n","protected":false},"excerpt":{"rendered":"En 2022, Delphine Wespiser annon\u00e7ait sa s\u00e9paration avec son compagnon Roger apr\u00e8s sept ans de relation. Malgr\u00e9 leur&hellip;\n","protected":false},"author":2,"featured_media":664473,"comment_status":"","ping_status":"","sticky":false,"template":"","format":"standard","meta":{"footnotes":""},"categories":[1359],"tags":[244,1193,33841,58,59,1011,27,973],"class_list":{"0":"post-664472","1":"post","2":"type-post","3":"status-publish","4":"format-standard","5":"has-post-thumbnail","7":"category-people","8":"tag-commentaire","9":"tag-couple","10":"tag-delphine-wespiser","11":"tag-divertissement","12":"tag-entertainment","13":"tag-fr","14":"tag-france","15":"tag-people"},"share_on_mastodon":{"url":"https:\/\/pubeurope.com\/@fr\/115897105368642807","error":""},"_links":{"self":[{"href":"https:\/\/www.europesays.com\/fr\/wp-json\/wp\/v2\/posts\/664472","targetHints":{"allow":["GET"]}}],"collection":[{"href":"https:\/\/www.europesays.com\/fr\/wp-json\/wp\/v2\/posts"}],"about":[{"href":"https:\/\/www.europesays.com\/fr\/wp-json\/wp\/v2\/types\/post"}],"author":[{"embeddable":true,"href":"https:\/\/www.europesays.com\/fr\/wp-json\/wp\/v2\/users\/2"}],"replies":[{"embeddable":true,"href":"https:\/\/www.europesays.com\/fr\/wp-json\/wp\/v2\/comments?post=664472"}],"version-history":[{"count":0,"href":"https:\/\/www.europesays.com\/fr\/wp-json\/wp\/v2\/posts\/664472\/revisions"}],"wp:featuredmedia":[{"embeddable":true,"href":"https:\/\/www.europesays.com\/fr\/wp-json\/wp\/v2\/media\/664473"}],"wp:attachment":[{"href":"https:\/\/www.europesays.com\/fr\/wp-json\/wp\/v2\/media?parent=664472"}],"wp:term":[{"taxonomy":"category","embeddable":true,"href":"https:\/\/www.europesays.com\/fr\/wp-json\/wp\/v2\/categories?post=664472"},{"taxonomy":"post_tag","embeddable":true,"href":"https:\/\/www.europesays.com\/fr\/wp-json\/wp\/v2\/tags?post=664472"}],"curies":[{"name":"wp","href":"https:\/\/api.w.org\/{rel}","templated":true}]}}