{"id":664476,"date":"2026-01-15T03:59:10","date_gmt":"2026-01-15T03:59:10","guid":{"rendered":"https:\/\/www.europesays.com\/fr\/664476\/"},"modified":"2026-01-15T03:59:10","modified_gmt":"2026-01-15T03:59:10","slug":"lamour-est-dans-le-pre-annulations-en-cascade-les-agriculteurs-ont-decide-de-boycotter-ce-grand-evenement","status":"publish","type":"post","link":"https:\/\/www.europesays.com\/fr\/664476\/","title":{"rendered":"\u00ab\u00a0L\u2019amour est dans le pr\u00e9\u00a0\u00bb : annulations en cascade, les agriculteurs ont d\u00e9cid\u00e9 de boycotter ce grand \u00e9v\u00e9nement"},"content":{"rendered":"<p>Le Salon de l\u2019Agriculture 2026 \u00e0 Paris se pr\u00e9pare, mais plusieurs participants de l\u2019\u00e9mission <strong><a href=\"https:\/\/www.public.fr\/tag\/l-amour-est-dans-le-pre\" target=\"_blank\" rel=\"noopener\">L\u2019amour est dans le pr\u00e9<\/a><\/strong> ont annonc\u00e9 qu\u2019ils <strong>ne se rendraient pas \u00e0 l\u2019\u00e9v\u00e9nement<\/strong>. Florian et Lola, ainsi que Laurent et C\u00e9line, ont confirm\u00e9 sur Instagram qu\u2019ils ne participeraient ni comme exposants, ni comme simples visiteurs.\u00a0<\/p>\n<p>Le salon, qui attire chaque ann\u00e9e producteurs, \u00e9leveurs et grand public, se tiendra au parc des expositions de la Porte de Versailles <strong>du 21 f\u00e9vrier au 1er mars 2026<\/strong> et constitue un rendez-vous majeur du monde agricole. Certains agriculteurs issus de l\u2019\u00e9mission ont choisi de maintenir leur pr\u00e9sence, tandis que d\u2019autres ont annul\u00e9 leur venue pour des raisons en lien avec la triste actualit\u00e9 du monde agricole.<\/p>\n<p>En effet, les annonces interviennent dans un contexte de crise pour le secteur de l\u2019\u00e9levage fran\u00e7ais et alors que certains \u00e9leveurs de bovins dans le Limousin ont d\u00e9j\u00e0 d\u00e9cid\u00e9 de ne pas participer au concours g\u00e9n\u00e9ral agricole de Paris cette ann\u00e9e.<\/p>\n<p>Les candidats de \u00ab\u00a0L&rsquo;amour est dans le pr\u00e9\u00a0\u00bb soutiennent les autres agriculteurs<\/p>\n<p>Une situation qui concerne nombre d\u2019anciens candidats de <strong>L\u2019amour est dans le pr\u00e9<\/strong>. Alors que le monde agricole crie sa col\u00e8re depuis plusieurs jours, et que les bovins seront les grands absents de cette \u00e9dition \u00e0 cause de l&rsquo;\u00e9pid\u00e9mie de dermatose nodulaire, nombre d\u2019agriculteurs prennent <strong>la d\u00e9cision de boycotter le prochain Salon de l\u2019Agriculture.<\/strong><\/p>\n<p>Florian et Lola en font partie. L\u2019agriculteur de la 15e saison du programme pr\u00e9sent\u00e9 par <a href=\"https:\/\/www.public.fr\/tag\/karine-le-marchand\" target=\"_blank\" rel=\"noopener\">Karine Le Marchand<\/a> a publi\u00e9 un message sur Instagram pour expliquer qu\u2019il ne se rendrait pas au salon avec sa compagne Lola.\u00a0<\/p>\n<p>\u00ab\u00a0Nous ne serons pas pr\u00e9sents dans les all\u00e9es du salon de l\u2019Agriculture \u00e0 Paris cette ann\u00e9e, m\u00eame en simples visiteurs. Nous avons pris cette d\u00e9cision <strong>suite \u00e0 la situation actuelle<\/strong>. <strong>L\u2019\u00e9levage fran\u00e7ais subit une crise de plein fouet<\/strong> avec une non remise en question concernant la souffrance du monde agricole. Des d\u00e9cisions prises qui ne font plus sens \u00e0 l\u2019heure actuelle, un sentiment de d\u00e9connexion entre le salon et la r\u00e9alit\u00e9 du terrain. Nos c\u0153urs ne sont pas \u00e0 la f\u00eate, alors non on ne fera pas honneur au salon de l\u2019Agriculture cette ann\u00e9e\u00a0\u00bb, ont-ils indiqu\u00e9 dans un premier temps.<\/p>\n<p>Le couple form\u00e9 gr\u00e2ce \u00e0 <strong>L\u2019amour est dans le pr<\/strong>\u00e9 a ensuite ajout\u00e9 : \u00ab\u00a0<strong>Pens\u00e9es et respect aux \u00e9leveurs du Limousin<\/strong> qui ont pris la d\u00e9cision de ne pas participer au concours g\u00e9n\u00e9ral agricole de Paris cette ann\u00e9e\u00a0\u00bb.<\/p>\n<p><a href=\"https:\/\/www.public.fr\/lamour-est-dans-le-pre-dans-le-doubs-laurent-et-celine-sopposent-fermement-a-leuthanasie-dun-troupeau-de-vaches\" target=\"_blank\" rel=\"noopener\">Laurent et C\u00e9line<\/a> ont \u00e9galement annonc\u00e9 leur retrait du salon sur Instagram. Ils pr\u00e9cisent qu\u2019ils ne <strong>participeront pas cette ann\u00e9e<\/strong>, ni comme exposants ni comme visiteurs. Le couple n\u2019a pas souhait\u00e9 s\u2019\u00e9pancher sur le sujet et s\u2019est content\u00e9 d\u2019un simple message pour annuler leur venue au salon.<\/p>\n<p>Pierre et Fr\u00e9d\u00e9rique maintiennent leur pr\u00e9sence<\/p>\n<p>\u00c0 l\u2019inverse, Pierre et Fr\u00e9d\u00e9rique, \u00e9galement anciens candidats de <strong>L\u2019amour est dans le pr\u00e9<\/strong>, ont annonc\u00e9 qu\u2019ils assisteraient au Salon de l\u2019Agriculture. Dans une publication sur Instagram, ils indiquent qu\u2019ils seront <strong>pr\u00e9sents pour soutenir les exposants et rencontrer le public<\/strong>. Ils rappellent que l\u2019\u00e9dition 2021 du salon avait \u00e9t\u00e9 annul\u00e9e en raison de la pand\u00e9mie de COVID-19 et avait entra\u00een\u00e9 de d\u00e9sastreuses cons\u00e9quences pour leurs affaires.<\/p>\n<p>Ils ne peuvent donc pas se permettre d\u2019annuler une nouvelle fois leur venue \u00e0 l\u2019\u00e9v\u00e9nement. \u00ab\u00a0En 2021, le Salon a \u00e9t\u00e9 annul\u00e9 pour des raisons sanitaires Covid. <strong>Cela a \u00e9t\u00e9 fatal pour beaucoup d&rsquo;exploitations<\/strong>\u00ab\u00a0, ont-ils rappel\u00e9.<\/p>\n<p>Avant de poursuivre :\u00a0\u00bbA quelques semaines du salon, il n&rsquo;est m\u00eame pas concevable de ne pas exposer ou m\u00eame de ne pas demander au public d&rsquo;\u00eatre solidaire avec tous les exposants\u00a0\u00bb. N\u00e9anmoins, conscients que cette d\u00e9cision pouvait entra\u00eener quelques critiques et que cela pouvait ressembler \u00e0 une trahison, le couple form\u00e9 gr\u00e2ce \u00e0 <a href=\"https:\/\/vsd.fr\/tag\/lamour-est-dans-le-pre\/\" target=\"_blank\" rel=\"noopener\">l&rsquo;\u00e9mission de M6<\/a>, a souhait\u00e9 rappeler que <strong>\u00ab\u00a0cela n&#8217;emp\u00eachera pas un soutien total aux \u00e9leveurs, secteur lourdement touch\u00e9 par la maladie\u00a0\u00bb.<\/strong><\/p>\n<p>\n          Hits &amp; People en continu\n        <\/p>\n<p>\n          Public Radio\n        <\/p>\n<p>      Mentionn\u00e9s dans cet article<\/p>\n<p>      Sur le m\u00eame sujet<\/p>\n","protected":false},"excerpt":{"rendered":"Le Salon de l\u2019Agriculture 2026 \u00e0 Paris se pr\u00e9pare, mais plusieurs participants de l\u2019\u00e9mission L\u2019amour est dans le&hellip;\n","protected":false},"author":2,"featured_media":664477,"comment_status":"","ping_status":"","sticky":false,"template":"","format":"standard","meta":{"footnotes":""},"categories":[1356],"tags":[39878,327,58,59,1011,27,5413,9307,494,252,1364],"class_list":{"0":"post-664476","1":"post","2":"type-post","3":"status-publish","4":"format-standard","5":"has-post-thumbnail","7":"category-television","8":"tag-agriculteur","9":"tag-agriculture","10":"tag-divertissement","11":"tag-entertainment","12":"tag-fr","13":"tag-france","14":"tag-karine-le-marchand","15":"tag-lamour-est-dans-le-pre","16":"tag-m6","17":"tag-television","18":"tag-tv"},"share_on_mastodon":{"url":"https:\/\/pubeurope.com\/@fr\/115897117148594872","error":""},"_links":{"self":[{"href":"https:\/\/www.europesays.com\/fr\/wp-json\/wp\/v2\/posts\/664476","targetHints":{"allow":["GET"]}}],"collection":[{"href":"https:\/\/www.europesays.com\/fr\/wp-json\/wp\/v2\/posts"}],"about":[{"href":"https:\/\/www.europesays.com\/fr\/wp-json\/wp\/v2\/types\/post"}],"author":[{"embeddable":true,"href":"https:\/\/www.europesays.com\/fr\/wp-json\/wp\/v2\/users\/2"}],"replies":[{"embeddable":true,"href":"https:\/\/www.europesays.com\/fr\/wp-json\/wp\/v2\/comments?post=664476"}],"version-history":[{"count":0,"href":"https:\/\/www.europesays.com\/fr\/wp-json\/wp\/v2\/posts\/664476\/revisions"}],"wp:featuredmedia":[{"embeddable":true,"href":"https:\/\/www.europesays.com\/fr\/wp-json\/wp\/v2\/media\/664477"}],"wp:attachment":[{"href":"https:\/\/www.europesays.com\/fr\/wp-json\/wp\/v2\/media?parent=664476"}],"wp:term":[{"taxonomy":"category","embeddable":true,"href":"https:\/\/www.europesays.com\/fr\/wp-json\/wp\/v2\/categories?post=664476"},{"taxonomy":"post_tag","embeddable":true,"href":"https:\/\/www.europesays.com\/fr\/wp-json\/wp\/v2\/tags?post=664476"}],"curies":[{"name":"wp","href":"https:\/\/api.w.org\/{rel}","templated":true}]}}