{"id":664498,"date":"2026-01-15T04:11:18","date_gmt":"2026-01-15T04:11:18","guid":{"rendered":"https:\/\/www.europesays.com\/fr\/664498\/"},"modified":"2026-01-15T04:11:18","modified_gmt":"2026-01-15T04:11:18","slug":"duel-capital-pour-le-maintien","status":"publish","type":"post","link":"https:\/\/www.europesays.com\/fr\/664498\/","title":{"rendered":"duel capital pour le maintien"},"content":{"rendered":"<p data-start=\"119\" data-end=\"394\"><strong>Battue par les Lyonnaises <a href=\"https:\/\/peuple-vert.fr\/asse-actualite\/asse-ol-lyonnes-coupe-de-france\/\" target=\"_blank\" rel=\"noopener\">en Coupe de France (6-0) le week-end dernier<\/a>, l&rsquo;ASSE doit d\u00e9sormais se recentrer sur le championnat d\u2019Arkema Premi\u00e8re Ligue. Derni\u00e8res du classement, les Vertes se d\u00e9placent \u00e0 Marseille pour y d\u00e9fier l\u2019OM, une \u00e9quipe elle aussi en qu\u00eate de maintien.<\/strong><\/p>\n<p data-start=\"396\" data-end=\"751\">La phase retour du championnat d\u00e9bute. Et la situation est critique pour les St\u00e9phanoises. Lors de la premi\u00e8re partie de saison, elles n\u2019ont remport\u00e9 qu\u2019un seul match. C\u2019\u00e9tait contre Montpellier, une victoire qui semble aujourd\u2019hui bien lointaine. Derni\u00e8res avec 5 petits points, elles n\u2019ont plus le droit \u00e0 l\u2019erreur si elles veulent esp\u00e9rer se maintenir.<\/p>\n<p>S\u00e9bastien Joseph (ASSE) : \u00ab\u00a0\u00c9viter toute blessure avant Marseille\u00a0\u00bb<\/p>\n<p data-start=\"816\" data-end=\"1234\">Apr\u00e8s la lourde d\u00e9faite face \u00e0 l\u2019OL, l\u2019entra\u00eeneur de l\u2019ASSE <a href=\"https:\/\/www.asse.fr\/fr\/actualites\/sebastien-joseph-la-deuxieme-periode-a-ete-bien-meilleure--ac39924\" target=\"_blank\" rel=\"noopener\">S\u00e9bastien Joseph s\u2019est exprim\u00e9 sans d\u00e9tour :<\/a> \u00ab On savait que deux \u00e9ch\u00e9ances importantes nous attendaient mercredi et samedi. On avait aussi la volont\u00e9 de faire tourner l\u00e9g\u00e8rement l\u2019effectif, de g\u00e9rer les temps de jeu de certaines joueuses et surtout d\u2019\u00e9viter toute blessure aujourd\u2019hui, afin d\u2019arriver \u00e0 Marseille, je l\u2019esp\u00e8re, avec un groupe au complet.<br \/>\u00bb<\/p>\n<p data-start=\"1236\" data-end=\"1566\">L\u2019ASSE est derni\u00e8re avec 5 points. Juste devant, Montpellier en compte 7, Le Havre et Lens 8, et l\u2019OM 11. Une victoire permettrait aux Vertes de revenir \u00e0 seulement trois longueurs de leur adversaire du jour.<\/p>\n<p>L\u2019OM, une \u00e9quipe difficile \u00e0 cerner<\/p>\n<p data-start=\"1608\" data-end=\"2069\">Marseille reste sur une belle victoire 3-0 contre Montpellier. Mais la semaine pr\u00e9c\u00e9dente, les Phoc\u00e9ennes s\u2019\u00e9taient inclin\u00e9es sur le m\u00eame score contre Nantes. \u00c0 l\u2019aller, l\u2019ASSE avait \u00e9t\u00e9 corrig\u00e9e 4-0 \u00e0 domicile. Il faudra donc une toute autre prestation ce mercredi (coup d\u2019envoi \u00e0 19h). Et d\u00e8s la fin du match, les Vertes devront d\u00e9j\u00e0 penser \u00e0 Nantes, prochaine adversaire \u00e0 domicile. Un nouveau d\u00e9fi face \u00e0 une \u00e9quipe en forme, actuellement 4e du championnat.<\/p>\n","protected":false},"excerpt":{"rendered":"Battue par les Lyonnaises en Coupe de France (6-0) le week-end dernier, l&rsquo;ASSE doit d\u00e9sormais se recentrer sur&hellip;\n","protected":false},"author":2,"featured_media":664499,"comment_status":"","ping_status":"","sticky":false,"template":"","format":"standard","meta":{"footnotes":""},"categories":[9653],"tags":[1111,11,2430,1777,674,1011,27,12,25,4001],"class_list":{"0":"post-664498","1":"post","2":"type-post","3":"status-publish","4":"format-standard","5":"has-post-thumbnail","7":"category-saint-etienne","8":"tag-actu","9":"tag-actualites","10":"tag-auvergne-rhone-alpes","11":"tag-eu","12":"tag-europe","13":"tag-fr","14":"tag-france","15":"tag-news","16":"tag-republique-francaise","17":"tag-saint-etienne"},"share_on_mastodon":{"url":"https:\/\/pubeurope.com\/@fr\/115897164463568109","error":""},"_links":{"self":[{"href":"https:\/\/www.europesays.com\/fr\/wp-json\/wp\/v2\/posts\/664498","targetHints":{"allow":["GET"]}}],"collection":[{"href":"https:\/\/www.europesays.com\/fr\/wp-json\/wp\/v2\/posts"}],"about":[{"href":"https:\/\/www.europesays.com\/fr\/wp-json\/wp\/v2\/types\/post"}],"author":[{"embeddable":true,"href":"https:\/\/www.europesays.com\/fr\/wp-json\/wp\/v2\/users\/2"}],"replies":[{"embeddable":true,"href":"https:\/\/www.europesays.com\/fr\/wp-json\/wp\/v2\/comments?post=664498"}],"version-history":[{"count":0,"href":"https:\/\/www.europesays.com\/fr\/wp-json\/wp\/v2\/posts\/664498\/revisions"}],"wp:featuredmedia":[{"embeddable":true,"href":"https:\/\/www.europesays.com\/fr\/wp-json\/wp\/v2\/media\/664499"}],"wp:attachment":[{"href":"https:\/\/www.europesays.com\/fr\/wp-json\/wp\/v2\/media?parent=664498"}],"wp:term":[{"taxonomy":"category","embeddable":true,"href":"https:\/\/www.europesays.com\/fr\/wp-json\/wp\/v2\/categories?post=664498"},{"taxonomy":"post_tag","embeddable":true,"href":"https:\/\/www.europesays.com\/fr\/wp-json\/wp\/v2\/tags?post=664498"}],"curies":[{"name":"wp","href":"https:\/\/api.w.org\/{rel}","templated":true}]}}