{"id":664529,"date":"2026-01-15T04:30:16","date_gmt":"2026-01-15T04:30:16","guid":{"rendered":"https:\/\/www.europesays.com\/fr\/664529\/"},"modified":"2026-01-15T04:30:16","modified_gmt":"2026-01-15T04:30:16","slug":"doublement-etoile-dans-son-restaurant-en-gironde-jerome-schilling-a-de-nouveau-ete-distingue","status":"publish","type":"post","link":"https:\/\/www.europesays.com\/fr\/664529\/","title":{"rendered":"Doublement \u00e9toil\u00e9 dans son restaurant en Gironde, J\u00e9r\u00f4me Schilling a de nouveau \u00e9t\u00e9 distingu\u00e9"},"content":{"rendered":"<p>                    Par<br \/>\n        <strong><br \/>\n            <a href=\"https:\/\/actu.fr\/auteur\/edwin-bleunven\" title=\"Consulter tous les articles de Edwin Bleunven\" target=\"_blank\" rel=\"noopener\">Edwin Bleunven<\/a><br \/>\n                    <\/strong><\/p>\n<p>        Publi\u00e9 le<\/p>\n<p>            14 janv. 2026 \u00e0 18h00        <\/p>\n<p>Pour celle-ci, pas de concours, de client myst\u00e8re ou d\u2019\u00e9preuve chronom\u00e9tr\u00e9e. Mais <b>un engagement sur le long terme<\/b>. J\u00e9r\u00f4me Schilling conna\u00eet les m\u00e9dailles et distinctions. Son restaurant au <b>ch\u00e2teau Lafaurie-Peyraguey<\/b>, \u00e0 <a href=\"https:\/\/actu.fr\/nouvelle-aquitaine\/bommes_33060\" target=\"_blank\" rel=\"noopener\">Bommes<\/a>, en <a href=\"https:\/\/actu.fr\/nouvelle-aquitaine\/gironde_33\" target=\"_blank\" rel=\"noopener\">Gironde<\/a>, d\u00e9tient m\u00eame deux fleurs rouges d\u00e9livr\u00e9es par le guide Michelin\u2009: les fameuses <b>deux \u00e9toiles<\/b>. Avant peut-\u00eatre la cons\u00e9cration ultime \u2013 une troisi\u00e8me \u00e9toile -, le chef originaire d\u2019<a href=\"https:\/\/actu.fr\/tag\/alsace\" target=\"_blank\" rel=\"noopener\">Alsace<\/a> et habitant de <a href=\"https:\/\/actu.fr\/nouvelle-aquitaine\/preignac_33337\" target=\"_blank\" rel=\"noopener\">Preignac<\/a>, a re\u00e7u des mains de la s\u00e9natrice Nathalie Delattre une <b>distinction <\/b>plus \u00e9tonnante pour quelqu\u2019un qui ne suivrait pas son travail.<\/p>\n<p>Toute son \u00e9quipe rassembl\u00e9e<\/p>\n<p class=\" wall-content\">La<b> m\u00e9daille du m\u00e9rite agricole<\/b>. Voil\u00e0 pourquoi toute l\u2019\u00e9quipe de J\u00e9r\u00f4me Schilling \u2013 toque impeccable sur la t\u00eate et col bleu blanc rouge de <b>Meilleur ouvrier de France<\/b> sur le tablier -, des \u00e9lus locaux, ainsi que Nathalie Delattre s\u2019\u00e9taient r\u00e9unis dans la salle du restaurant Lalique au Ch\u00e2teau Lafaurie-Payraguey.<\/p>\n<p>    <img   decoding=\"async\" loading=\"lazy\" class=\"size-large\" src=\"https:\/\/www.europesays.com\/fr\/wp-content\/uploads\/2026\/01\/8dc55808766967cd558087669e4365v-960x640.jpg\" alt=\"L'\u00e9quipe de J\u00e9r\u00f4me Schilling \u00e9tait rassembl\u00e9e dans la salle du restaurant du ch\u00e2teau Lafaurie-Peyraguey (Bommes, Gironde) pour la c\u00e9r\u00e9monie de remise de la m\u00e9daille agricole de leur chef.\" width=\"960\" height=\"640\"\/><br \/>\n    L\u2019\u00e9quipe de J\u00e9r\u00f4me Schilling \u00e9tait rassembl\u00e9e dans la salle du restaurant du ch\u00e2teau Lafaurie-Peyraguey (Bommes, Gironde) pour la c\u00e9r\u00e9monie de remise de la m\u00e9daille agricole de leur chef. \u00a9Edwin Bleunven \/ Le R\u00e9publicain Sud-Gironde<\/p>\n<p class=\" wall-content\">Thomas Filiatre, maire de Preignac, est \u00e0 l\u2019origine de cette r\u00e9compense. Il a sollicit\u00e9 Nathalie Delattre dans ce but. C\u2019est donc tout naturellement que l\u2019\u00e9lu a pris la parole pour ouvrir une <b>petite c\u00e9r\u00e9monie<\/b> organis\u00e9e juste avant le service de midi.<\/p>\n<p>\u00ab\u2009Un talent fou\u2009\u00bb<\/p>\n<p class=\" wall-content\">\u00ab\u2009\u00c0 travers votre cuisine<b> vous racontez une histoire<\/b>. Et vous avez un talent fou\u2009\u00bb, d\u00e9marre alors l\u2019\u00e9dile preignacais. Mais si fin d\u00e9cembre\u00a02025, la m\u00e9daille du m\u00e9rite agricole est remise au chef girondin, c\u2019est pour sa \u00ab<b>\u2009mise \u00e0 l\u2019honneur des produits du terroir<\/b>\u2009\u00bb.<\/p>\n<p class=\" wall-content\">Cet artiste culinaire dressant des \u00ab\u2009tableaux de la gastronomie\u2009\u00bb, comme le d\u00e9crit Nathalie Delattre, est pris par l\u2019\u00e9motion lors du discours de la s\u00e9natrice. Il avoue m\u00eame, juste apr\u00e8s, que les larmes n\u2019\u00e9taient pas loin.<\/p>\n<p>    <img   decoding=\"async\" loading=\"lazy\" class=\"size-large\" src=\"https:\/\/www.europesays.com\/fr\/wp-content\/uploads\/2026\/01\/270f9ac8766968b0f9ac87669bf0f9v-960x640.jpg\" alt=\"J\u00e9r\u00f4me Schilling posait fi\u00e8rement avec ses deux filles, apr\u00e8s s'\u00eatre vu remis la m\u00e9daille du m\u00e9rite agricole.\" width=\"960\" height=\"640\"\/><br \/>\n    J\u00e9r\u00f4me Schilling posait fi\u00e8rement avec ses deux filles, apr\u00e8s s\u2019\u00eatre vu remis la m\u00e9daille du m\u00e9rite agricole. \u00a9Edwin Bleunven \/ Le R\u00e9publicain Sud-GirondeMise en valeur des produits agricoles<\/p>\n<p class=\" wall-content\">Pour lui cette distinction signifie beaucoup. D\u2019ailleurs, lors de son discours de remerciements, il n\u2019oublie pas <a href=\"https:\/\/actu.fr\/nouvelle-aquitaine\/bordeaux_33063\/remontes-contre-une-decision-du-prefet-des-agriculteurs-de-la-cr-manifestent-leur-colere-a-bordeaux_63662233.html\" target=\"_blank\" rel=\"noopener\">les agriculteurs et leur combat<\/a>.<\/p>\n<p>Votre r\u00e9gion, votre actu !<\/p>\n<p>Recevez chaque jour les infos qui comptent pour vous.<\/p>\n<p>\t<a href=\"https:\/\/actu.fr\/newsletter\" class=\"ac-btn ac-btn--corner ac-btn--medium ac-btn--blue800\" target=\"_blank\" rel=\"noopener\">S&rsquo;incrire<\/a><\/p>\n<blockquote class=\"ac-article-quote wall-content\">\n<p>J\u2019esp\u00e8re qu\u2019on va trouver une solution. Nous, on continuera \u00e0 travailler leurs produits.<\/p>\n<p>J\u00e9r\u00f4me Schilling<\/p><\/blockquote>\n<p class=\" wall-content\">Une fois la m\u00e9daille accroch\u00e9e \u00e0 son torse, le chef discute un peu, puis repart tr\u00e8s vite en cuisine. Il a un service \u00e0 assurer. Ce jour-l\u00e0, comme les prochains, <b>la salle sera comble<\/b>.<\/p>\n<p>    <img   decoding=\"async\" loading=\"lazy\" class=\"size-large\" src=\"https:\/\/www.europesays.com\/fr\/wp-content\/uploads\/2026\/01\/f4f4264976696d8f426497669ccf42v-960x640.jpg\" alt=\"Ces trois bouch\u00e9es tout en \u00e9quilibre et en saveurs d\u00e9construisent les notes du sauternes. Elle sont le premier temps du menu 'Promenade sauternaise' du chef J\u00e9r\u00f4me Schilling.\" width=\"960\" height=\"640\"\/><br \/>\n    Ces trois bouch\u00e9es tout en \u00e9quilibre et en saveurs d\u00e9construisent les notes du sauternes. Elles sont le premier temps du menu \u2018Promenade sauternaise\u2019 du chef J\u00e9r\u00f4me Schilling. \u00a9Edwin Bleunven \/ Le R\u00e9publicain Sud-Gironde<\/p>\n<p class=\" wall-content\">Les tables se garnissent peu \u00e0 peu et le <b>menu gastronomique<\/b> \u2018Promenade sauternaise\u2019 peut d\u00e9livrer ses premiers<b> secrets gustatifs<\/b>. Une belle illustration color\u00e9e de la sublimation des produits agricoles par J\u00e9r\u00f4me Schilling.<\/p>\n<p class=\" wall-content\">Personnalisez votre actualit\u00e9 en ajoutant vos villes et m\u00e9dias en favori avec <a href=\"https:\/\/moncompte.actu.fr\" title=\"D\u00e9couvez Mon Actu\" rel=\"nofollow noopener\" data-trk=\"{&quot;cta&quot;:{&quot;action&quot;:&quot;https:\\\/\\\/moncompte.actu.fr&quot;,&quot;category&quot;:&quot;mon compte&quot;,&quot;from&quot;:&quot;article footer&quot;,&quot;name&quot;:&quot;Mon actu&quot;,&quot;type&quot;:&quot;cta&quot;}}\" target=\"_blank\">Mon Actu<\/a>.<\/p>\n","protected":false},"excerpt":{"rendered":"Par Edwin Bleunven Publi\u00e9 le 14 janv. 2026 \u00e0 18h00 Pour celle-ci, pas de concours, de client myst\u00e8re&hellip;\n","protected":false},"author":2,"featured_media":664530,"comment_status":"","ping_status":"","sticky":false,"template":"","format":"standard","meta":{"footnotes":""},"categories":[2817],"tags":[1111,11,327,1997,902,1777,674,1011,27,1661,12,2219,25,104],"class_list":{"0":"post-664529","1":"post","2":"type-post","3":"status-publish","4":"format-standard","5":"has-post-thumbnail","7":"category-bordeaux","8":"tag-actu","9":"tag-actualites","10":"tag-agriculture","11":"tag-bordeaux","12":"tag-cuisine","13":"tag-eu","14":"tag-europe","15":"tag-fr","16":"tag-france","17":"tag-gastronomie","18":"tag-news","19":"tag-nouvelle-aquitaine","20":"tag-republique-francaise","21":"tag-societe"},"share_on_mastodon":{"url":"https:\/\/pubeurope.com\/@fr\/115897239137998970","error":""},"_links":{"self":[{"href":"https:\/\/www.europesays.com\/fr\/wp-json\/wp\/v2\/posts\/664529","targetHints":{"allow":["GET"]}}],"collection":[{"href":"https:\/\/www.europesays.com\/fr\/wp-json\/wp\/v2\/posts"}],"about":[{"href":"https:\/\/www.europesays.com\/fr\/wp-json\/wp\/v2\/types\/post"}],"author":[{"embeddable":true,"href":"https:\/\/www.europesays.com\/fr\/wp-json\/wp\/v2\/users\/2"}],"replies":[{"embeddable":true,"href":"https:\/\/www.europesays.com\/fr\/wp-json\/wp\/v2\/comments?post=664529"}],"version-history":[{"count":0,"href":"https:\/\/www.europesays.com\/fr\/wp-json\/wp\/v2\/posts\/664529\/revisions"}],"wp:featuredmedia":[{"embeddable":true,"href":"https:\/\/www.europesays.com\/fr\/wp-json\/wp\/v2\/media\/664530"}],"wp:attachment":[{"href":"https:\/\/www.europesays.com\/fr\/wp-json\/wp\/v2\/media?parent=664529"}],"wp:term":[{"taxonomy":"category","embeddable":true,"href":"https:\/\/www.europesays.com\/fr\/wp-json\/wp\/v2\/categories?post=664529"},{"taxonomy":"post_tag","embeddable":true,"href":"https:\/\/www.europesays.com\/fr\/wp-json\/wp\/v2\/tags?post=664529"}],"curies":[{"name":"wp","href":"https:\/\/api.w.org\/{rel}","templated":true}]}}