{"id":664531,"date":"2026-01-15T04:31:12","date_gmt":"2026-01-15T04:31:12","guid":{"rendered":"https:\/\/www.europesays.com\/fr\/664531\/"},"modified":"2026-01-15T04:31:12","modified_gmt":"2026-01-15T04:31:12","slug":"previsions-du-jeudi-15-janvier-2026-4","status":"publish","type":"post","link":"https:\/\/www.europesays.com\/fr\/664531\/","title":{"rendered":"pr\u00e9visions du jeudi 15 janvier 2026"},"content":{"rendered":"<p>Aujourd&rsquo;hui, Bordeaux aura des temp\u00e9ratures d&rsquo;environ 10\u00b0C. Un vent de sud-est soufflera l\u00e9g\u00e8rement, avec 15 km\/h. Petits et grands pourront passer leur matin\u00e9e sous un ciel un peu nuageux. Les temp\u00e9ratures avoisineront les 8\u00b0C. Cet apr\u00e8s-midi rimera avec grand soleil. Les temp\u00e9ratures vont monter de plusieurs degr\u00e9s. Les valeurs afficheront entre 11\u00b0C et 14\u00b0C. Il faudra pr\u00e9voir son parapluie le soir pour \u00e9viter la bruine. Les temp\u00e9ratures avoisineront les 10\u00b0C. C&rsquo;est un ciel brumeux que conna\u00eetra la nuit de jeudi \u00e0 vendredi.<\/p>\n<p>Des averses sont annonc\u00e9es demain, et risquent de perturber les activit\u00e9s ext\u00e9rieures \u00e0 Bordeaux. Le mercure va baisser de quelques degr\u00e9s. Il va faire en moyenne 9\u00b0C. Un vent de sud-ouest rafra\u00eechira quelque peu l&rsquo;atmosph\u00e8re. Le matin, le mercure affichera 9\u00b0C en moyenne. Les valeurs s&rsquo;\u00e9chelonneront entre 9 et 11\u00b0C pendant l&rsquo;apr\u00e8s-midi. Demain soir, il est probable que de l\u00e9g\u00e8res averses aient lieu.<\/p>\n<p>Une m\u00e9t\u00e9o instable est attendue les jours qui suivent. La m\u00e9t\u00e9o sera ensoleill\u00e9e samedi mais elle conna\u00eetra une d\u00e9gradation dimanche.<\/p>\n<p><\/p>\n","protected":false},"excerpt":{"rendered":"Aujourd&rsquo;hui, Bordeaux aura des temp\u00e9ratures d&rsquo;environ 10\u00b0C. Un vent de sud-est soufflera l\u00e9g\u00e8rement, avec 15 km\/h. Petits et&hellip;\n","protected":false},"author":2,"featured_media":664532,"comment_status":"","ping_status":"","sticky":false,"template":"","format":"standard","meta":{"footnotes":""},"categories":[2817],"tags":[1111,11,1997,1777,674,1011,27,12,2219,2119,25],"class_list":{"0":"post-664531","1":"post","2":"type-post","3":"status-publish","4":"format-standard","5":"has-post-thumbnail","7":"category-bordeaux","8":"tag-actu","9":"tag-actualites","10":"tag-bordeaux","11":"tag-eu","12":"tag-europe","13":"tag-fr","14":"tag-france","15":"tag-news","16":"tag-nouvelle-aquitaine","17":"tag-previsions-meteo","18":"tag-republique-francaise"},"share_on_mastodon":{"url":"https:\/\/pubeurope.com\/@fr\/115897243022021953","error":""},"_links":{"self":[{"href":"https:\/\/www.europesays.com\/fr\/wp-json\/wp\/v2\/posts\/664531","targetHints":{"allow":["GET"]}}],"collection":[{"href":"https:\/\/www.europesays.com\/fr\/wp-json\/wp\/v2\/posts"}],"about":[{"href":"https:\/\/www.europesays.com\/fr\/wp-json\/wp\/v2\/types\/post"}],"author":[{"embeddable":true,"href":"https:\/\/www.europesays.com\/fr\/wp-json\/wp\/v2\/users\/2"}],"replies":[{"embeddable":true,"href":"https:\/\/www.europesays.com\/fr\/wp-json\/wp\/v2\/comments?post=664531"}],"version-history":[{"count":0,"href":"https:\/\/www.europesays.com\/fr\/wp-json\/wp\/v2\/posts\/664531\/revisions"}],"wp:featuredmedia":[{"embeddable":true,"href":"https:\/\/www.europesays.com\/fr\/wp-json\/wp\/v2\/media\/664532"}],"wp:attachment":[{"href":"https:\/\/www.europesays.com\/fr\/wp-json\/wp\/v2\/media?parent=664531"}],"wp:term":[{"taxonomy":"category","embeddable":true,"href":"https:\/\/www.europesays.com\/fr\/wp-json\/wp\/v2\/categories?post=664531"},{"taxonomy":"post_tag","embeddable":true,"href":"https:\/\/www.europesays.com\/fr\/wp-json\/wp\/v2\/tags?post=664531"}],"curies":[{"name":"wp","href":"https:\/\/api.w.org\/{rel}","templated":true}]}}