{"id":664536,"date":"2026-01-15T04:35:18","date_gmt":"2026-01-15T04:35:18","guid":{"rendered":"https:\/\/www.europesays.com\/fr\/664536\/"},"modified":"2026-01-15T04:35:18","modified_gmt":"2026-01-15T04:35:18","slug":"le-president-de-lille-olivier-letang-suspendu-jusquau-31-mars-apres-ses-propos-envers-larbitrage-face-a-rennes-2","status":"publish","type":"post","link":"https:\/\/www.europesays.com\/fr\/664536\/","title":{"rendered":"le pr\u00e9sident de Lille Olivier L\u00e9tang suspendu jusqu&rsquo;au 31 mars apr\u00e8s ses propos envers l&rsquo;arbitrage face \u00e0 Rennes"},"content":{"rendered":"\n<p class=\"c-chapo \">\n  Le pr\u00e9sident du Losc, qui avait invectiv\u00e9 l&rsquo;arbitre lors de la rencontre de Ligue 1 face \u00e0 Rennes, le 3 janvier, a \u00e9t\u00e9 sanctionn\u00e9 de deux mois et demi de suspension, a annonc\u00e9 la LFP, mercredi.\n<\/p>\n<p>      lire plus tard<\/p>\n<p id=\"dialog__title\" class=\"dialog__title\">Pour sauvegarder cet article, connectez-vous ou cr\u00e9ez un compte franceinfo<\/p>\n<p class=\"dialog__description\">Sans paiement. Sans abonnement.<\/p>\n<p>        Fermer la fen\u00eatre d\u2019activation des notifications France Info<\/p>\n<p>      cr\u00e9er votre compte<\/p>\n<p>      se connecter<\/p>\n<p>      :<\/p>\n<p>        Fermer la fen\u00eatre de pr\u00e9sentation<\/p>\n<p>    <img loading=\"lazy\" decoding=\"async\" class=\"signature__image lazyload\" width=\"100\" height=\"100\" data- alt=\"\" src=\"https:\/\/www.europesays.com\/fr\/wp-content\/uploads\/2025\/07\/logosport-fond-blanc-68664bf99f8a0368288482.jpg\"\/><\/p>\n<p>          France T\u00e9l\u00e9visions &#8211; R\u00e9daction Sport<\/p>\n<p>    Publi\u00e9 le 14\/01\/2026 22:44<\/p>\n<p>        Temps de lecture : 2min<\/p>\n<p>    <img decoding=\"async\"  alt=\"Le pr\u00e9sident du Losc Olivier L\u00e9tang, le 20 septembre 2025. (MATTHIEU MIRVILLE \/ AFP)\" width=\"432\" height=\"243\" src=\"https:\/\/www.europesays.com\/fr\/wp-content\/uploads\/2026\/01\/066-dppi-40025075-014-69680d50af8d4650423755.jpg\" fetchpriority=\"high\"\/><\/p>\n<p>      Le pr\u00e9sident du Losc Olivier L\u00e9tang, le 20 septembre 2025. (MATTHIEU MIRVILLE \/ AFP)<\/p>\n<p>La sanction est tomb\u00e9e. Le pr\u00e9sident de Lille, Olivier L\u00e9tang, a \u00e9t\u00e9 suspendu jusqu&rsquo;au 31 mars pour son comportement vis-\u00e0-vis de l&rsquo;arbitre du match de Ligue 1 contre Rennes du 3 janvier (d\u00e9faite 2-0), a annonc\u00e9 mercredi la Ligue de football professionnel. La suspension est \u00ab\u00a0ferme avant, pendant et apr\u00e8s le match d&rsquo;acc\u00e8s au banc de touche, aux vestiaires des officiels et de toutes fonctions officielles\u00a0\u00bb, a pr\u00e9cis\u00e9 <a href=\"https:\/\/www.lfp.fr\/article\/commission-de-discipline-les-decisions-du-14-janvier-2026\" target=\"_blank\" rel=\"noopener\">la commission de discipline dans un communiqu\u00e9<\/a>.<\/p>\n<p class=\"RichText_paragraph__1foT1\">\u00ab\u00a0En outre, jusqu\u2019au 15 f\u00e9vrier 2026 inclus, cette suspension sera assortie avant, pendant et apr\u00e8s le match, d\u2019une interdiction d\u2019acc\u00e8s aux vestiaires des joueurs, au terrain, au tunnel et \u00e0 l\u2019ensemble des couloirs menant aux zones pr\u00e9cit\u00e9es\u00a0\u00bb, poursuit le communiqu\u00e9 de la LFP.<\/p>\n<p class=\"RichText_paragraph__1foT1\">Le 3 janvier dernier, l&rsquo;ancien pr\u00e9sident du Stade Rennais \u00e9tait descendu dans le tunnel des joueurs au retour des vestiaires pour manifester son m\u00e9contentement vis-\u00e0-vis de l&rsquo;arbitre, Eric Wattelier, apr\u00e8s l&rsquo;expulsion pr\u00e9coce du d\u00e9fenseur lillois Alexsandro \u00e0 la 13e minute. \u00ab\u00a0Vous savez ce que vous avez fait, c\u2019est une honte, c\u2019est un scandale, vous \u00eates incapable de parler calmement\u00a0\u00bb, avait fustig\u00e9 le pr\u00e9sident du Losc.<\/p>\n<p class=\"RichText_paragraph__1foT1\">Son entra\u00eeneur Bruno G\u00e9n\u00e9sio se voit lui sanctionn\u00e9 \u00ab\u00a0d&rsquo;un match de suspension ferme et un match avec sursis de banc de touche, de vestiaire d\u2019arbitres et de toutes fonctions officielles\u00a0\u00bb,\u00a0continue la LFP. L&rsquo;ancien coach du Stade Rennais, lui aussi remont\u00e9 par cette d\u00e9cision arbitrale, ne s&rsquo;\u00e9tait notamment pas pr\u00e9sent\u00e9 lors de la traditionnelle prise de parole qui suit tous les matchs de championnat, le club invoquant les \u00ab\u00a0raisons personnelles\u00a0\u00bb de l&rsquo;entra\u00eeneur.\u00a0<\/p>\n<p class=\"RichText_paragraph__1foT1\">Les deux sanctions prennent \u00ab\u00a0effet \u00e0 partir du mardi 20 janvier 2026\u00a0\u00bb, ce qui signifie qu&rsquo;Olivier L\u00e9tang et Bruno Genesio pourront accompagner leur \u00e9quipe ce vendredi pour affronter le PSG au Parc des Princes. Ensuite, c&rsquo;est l\u2019entra\u00eeneur adjoint J\u00e9r\u00e9mie Br\u00e9chet qui prendra le relais de Bruno G\u00e9n\u00e9sio pour l&rsquo;int\u00e9rim d&rsquo;un match, face \u00e0 Strasbourg, le 25 janvier.<\/p>\n","protected":false},"excerpt":{"rendered":"Le pr\u00e9sident du Losc, qui avait invectiv\u00e9 l&rsquo;arbitre lors de la rencontre de Ligue 1 face \u00e0 Rennes,&hellip;\n","protected":false},"author":2,"featured_media":664203,"comment_status":"","ping_status":"","sticky":false,"template":"","format":"standard","meta":{"footnotes":""},"categories":[2815],"tags":[1111,11,1777,674,1011,27,811,1307,12,25],"class_list":{"0":"post-664536","1":"post","2":"type-post","3":"status-publish","4":"format-standard","5":"has-post-thumbnail","7":"category-lille","8":"tag-actu","9":"tag-actualites","10":"tag-eu","11":"tag-europe","12":"tag-fr","13":"tag-france","14":"tag-hauts-de-france","15":"tag-lille","16":"tag-news","17":"tag-republique-francaise"},"share_on_mastodon":{"url":"https:\/\/pubeurope.com\/@fr\/115897258795191817","error":""},"_links":{"self":[{"href":"https:\/\/www.europesays.com\/fr\/wp-json\/wp\/v2\/posts\/664536","targetHints":{"allow":["GET"]}}],"collection":[{"href":"https:\/\/www.europesays.com\/fr\/wp-json\/wp\/v2\/posts"}],"about":[{"href":"https:\/\/www.europesays.com\/fr\/wp-json\/wp\/v2\/types\/post"}],"author":[{"embeddable":true,"href":"https:\/\/www.europesays.com\/fr\/wp-json\/wp\/v2\/users\/2"}],"replies":[{"embeddable":true,"href":"https:\/\/www.europesays.com\/fr\/wp-json\/wp\/v2\/comments?post=664536"}],"version-history":[{"count":0,"href":"https:\/\/www.europesays.com\/fr\/wp-json\/wp\/v2\/posts\/664536\/revisions"}],"wp:featuredmedia":[{"embeddable":true,"href":"https:\/\/www.europesays.com\/fr\/wp-json\/wp\/v2\/media\/664203"}],"wp:attachment":[{"href":"https:\/\/www.europesays.com\/fr\/wp-json\/wp\/v2\/media?parent=664536"}],"wp:term":[{"taxonomy":"category","embeddable":true,"href":"https:\/\/www.europesays.com\/fr\/wp-json\/wp\/v2\/categories?post=664536"},{"taxonomy":"post_tag","embeddable":true,"href":"https:\/\/www.europesays.com\/fr\/wp-json\/wp\/v2\/tags?post=664536"}],"curies":[{"name":"wp","href":"https:\/\/api.w.org\/{rel}","templated":true}]}}